{"id":73511,"date":"2018-12-27T16:58:51","date_gmt":"2018-12-27T18:58:51","guid":{"rendered":"https:\/\/verde-amarelo.net\/verdeamarelo\/2018\/12\/recall-fiat-argo-cronos-e-mobi-convocados-para-mais-um-recall\/"},"modified":"2018-12-27T16:58:51","modified_gmt":"2018-12-27T18:58:51","slug":"recall-fiat-argo-cronos-e-mobi-convocados-para-mais-um-recall","status":"publish","type":"post","link":"https:\/\/verde-amarelo.net\/verdeamarelo\/2018\/12\/recall-fiat-argo-cronos-e-mobi-convocados-para-mais-um-recall\/","title":{"rendered":"Recall Fiat: Argo, Cronos e Mobi convocados para mais um recall"},"content":{"rendered":"<p><strong>Argo, Cronos e Mobi envolvidos em recall podem apresentar defeito na coluna de dire\u00e7\u00e3o el\u00e9trica e perda da dire\u00e7\u00e3o veicular<\/strong><\/p>\n<p>A Fiat acionou mais um recall no Brasil, simult\u00e2neo para tr\u00eas modelos, com o objetivo de reparar a coluna da dire\u00e7\u00e3o. <strong>A montadora informa que foi detectada a possibilidade de falha durante o processo de soldagem da coluna para Argo (1.0, 1.3 e 1.8, ano\/modelo 2018), Cronos (1.3 e 1.8, ano\/modelo 2018\/2019) e Mobi (1.0, ano\/modelo 2018\/2019). S\u00e3o 730 carros envolvidos no total.<\/strong><\/p>\n<p>De acordo com a marca, uma falha no processo de soldagem do eixo intermedi\u00e1rio da coluna da dire\u00e7\u00e3o pode ocasionar seu desacoplamento. Com isso, o condutor pode perder a dire\u00e7\u00e3o do ve\u00edculo em movimento, com risco de danos f\u00edsicos e materiais.<\/p>&nbsp;&nbsp;\n<p><strong>Confira a numera\u00e7\u00e3o de chassi (\u00faltimos 6 d\u00edgitos) dos ve\u00edculos envolvidos:<\/strong><\/p>\n<p><strong>&#8211; Fiat Argo: 202 unidades<\/strong><br \/>\n<strong>Chassis de H76627 a H89388<\/strong><\/p>\n<p><strong>&#8211; Fiat Cronos: 519 unidades<\/strong><br \/>\n<strong>Chassis de 020611 a 040484<\/strong><\/p>\n<p><strong>&#8211; Fiat Mobi: 9 unidades<\/strong><br \/>\n<strong>Chassis de 573942 a 574380<\/strong><\/p>\n<p>Os propriet\u00e1rios dos ve\u00edculos afetados devem agendar o servi\u00e7o em qualquer concession\u00e1ria Fiat. <strong>O reparo inclui a substitui\u00e7\u00e3o do eixo intermedi\u00e1rio e dura aproximadamente uma hora. O servi\u00e7o \u00e9 gratuito e come\u00e7ou no \u00faltimo dia 24 de dezembro.<\/strong><\/p>\n<p>Para mais informa\u00e7\u00f5es, os clientes devem ligar para a Central de Servi\u00e7os ao Cliente Fiat pelo telefone 0800 707 1000 ou acessar o <a href=\"https:\/\/servicos.fiat.com.br\/recall.html?createdAt=20\/12\/2018\">site da empresa<\/a>.<\/p>&nbsp;&nbsp;\n<p>Lembramos que todo reparo de recall \u00e9 gratuito e n\u00e3o tem data para acabar, como determina a lei. Contudo, devem ser feitos o mais r\u00e1pido poss\u00edvel. ??<img decoding=\"async\" src=\"data:image\/gif;base64,R0lGODlhAQABAIAAAAAAAP\/\/\/ywAAAAAAQABAAACAUwAOw==\" fifu-lazy=\"1\" fifu-data-sizes=\"auto\" fifu-data-srcset=\"https:\/\/i3.wp.com\/www.truckbrasil.com.br\/wp\/wp-content\/uploads\/2019\/01\/recall-fiat-argo-cronos-e-mobi-convocados-para-mais-um-recall.png?ssl=1&w=75&resize=75&ssl=1 75w, https:\/\/i3.wp.com\/www.truckbrasil.com.br\/wp\/wp-content\/uploads\/2019\/01\/recall-fiat-argo-cronos-e-mobi-convocados-para-mais-um-recall.png?ssl=1&w=100&resize=100&ssl=1 100w, https:\/\/i3.wp.com\/www.truckbrasil.com.br\/wp\/wp-content\/uploads\/2019\/01\/recall-fiat-argo-cronos-e-mobi-convocados-para-mais-um-recall.png?ssl=1&w=150&resize=150&ssl=1 150w, https:\/\/i3.wp.com\/www.truckbrasil.com.br\/wp\/wp-content\/uploads\/2019\/01\/recall-fiat-argo-cronos-e-mobi-convocados-para-mais-um-recall.png?ssl=1&w=240&resize=240&ssl=1 240w, https:\/\/i3.wp.com\/www.truckbrasil.com.br\/wp\/wp-content\/uploads\/2019\/01\/recall-fiat-argo-cronos-e-mobi-convocados-para-mais-um-recall.png?ssl=1&w=320&resize=320&ssl=1 320w, https:\/\/i3.wp.com\/www.truckbrasil.com.br\/wp\/wp-content\/uploads\/2019\/01\/recall-fiat-argo-cronos-e-mobi-convocados-para-mais-um-recall.png?ssl=1&w=500&resize=500&ssl=1 500w, https:\/\/i3.wp.com\/www.truckbrasil.com.br\/wp\/wp-content\/uploads\/2019\/01\/recall-fiat-argo-cronos-e-mobi-convocados-para-mais-um-recall.png?ssl=1&w=640&resize=640&ssl=1 640w, https:\/\/i3.wp.com\/www.truckbrasil.com.br\/wp\/wp-content\/uploads\/2019\/01\/recall-fiat-argo-cronos-e-mobi-convocados-para-mais-um-recall.png?ssl=1&w=800&resize=800&ssl=1 800w, https:\/\/i3.wp.com\/www.truckbrasil.com.br\/wp\/wp-content\/uploads\/2019\/01\/recall-fiat-argo-cronos-e-mobi-convocados-para-mais-um-recall.png?ssl=1&w=1024&resize=1024&ssl=1 1024w, https:\/\/i3.wp.com\/www.truckbrasil.com.br\/wp\/wp-content\/uploads\/2019\/01\/recall-fiat-argo-cronos-e-mobi-convocados-para-mais-um-recall.png?ssl=1&w=1280&resize=1280&ssl=1 1280w, https:\/\/i3.wp.com\/www.truckbrasil.com.br\/wp\/wp-content\/uploads\/2019\/01\/recall-fiat-argo-cronos-e-mobi-convocados-para-mais-um-recall.png?ssl=1&w=1600&resize=1600&ssl=1 1600w\" fifu-data-src=\"https:\/\/i3.wp.com\/www.truckbrasil.com.br\/wp\/wp-content\/uploads\/2019\/01\/recall-fiat-argo-cronos-e-mobi-convocados-para-mais-um-recall.png?ssl=1\" alt=\"\ud83d\ude97\" class=\"wp-smiley\" style=\"height: 1em; max-height: 1em;\" \/> <strong>#FicaaDica<\/strong><\/p>\n<p><strong>#<\/strong> \u00e9 informa\u00e7\u00e3o!\u00a0<img decoding=\"async\" src=\"data:image\/gif;base64,R0lGODlhAQABAIAAAAAAAP\/\/\/ywAAAAAAQABAAACAUwAOw==\" fifu-lazy=\"1\" fifu-data-sizes=\"auto\" fifu-data-srcset=\"https:\/\/i0.wp.com\/www.truckbrasil.com.br\/wp\/wp-content\/uploads\/2019\/01\/recall-fiat-argo-cronos-e-mobi-convocados-para-mais-um-recall-1.png?ssl=1&w=75&resize=75&ssl=1 75w, https:\/\/i0.wp.com\/www.truckbrasil.com.br\/wp\/wp-content\/uploads\/2019\/01\/recall-fiat-argo-cronos-e-mobi-convocados-para-mais-um-recall-1.png?ssl=1&w=100&resize=100&ssl=1 100w, https:\/\/i0.wp.com\/www.truckbrasil.com.br\/wp\/wp-content\/uploads\/2019\/01\/recall-fiat-argo-cronos-e-mobi-convocados-para-mais-um-recall-1.png?ssl=1&w=150&resize=150&ssl=1 150w, https:\/\/i0.wp.com\/www.truckbrasil.com.br\/wp\/wp-content\/uploads\/2019\/01\/recall-fiat-argo-cronos-e-mobi-convocados-para-mais-um-recall-1.png?ssl=1&w=240&resize=240&ssl=1 240w, https:\/\/i0.wp.com\/www.truckbrasil.com.br\/wp\/wp-content\/uploads\/2019\/01\/recall-fiat-argo-cronos-e-mobi-convocados-para-mais-um-recall-1.png?ssl=1&w=320&resize=320&ssl=1 320w, https:\/\/i0.wp.com\/www.truckbrasil.com.br\/wp\/wp-content\/uploads\/2019\/01\/recall-fiat-argo-cronos-e-mobi-convocados-para-mais-um-recall-1.png?ssl=1&w=500&resize=500&ssl=1 500w, https:\/\/i0.wp.com\/www.truckbrasil.com.br\/wp\/wp-content\/uploads\/2019\/01\/recall-fiat-argo-cronos-e-mobi-convocados-para-mais-um-recall-1.png?ssl=1&w=640&resize=640&ssl=1 640w, https:\/\/i0.wp.com\/www.truckbrasil.com.br\/wp\/wp-content\/uploads\/2019\/01\/recall-fiat-argo-cronos-e-mobi-convocados-para-mais-um-recall-1.png?ssl=1&w=800&resize=800&ssl=1 800w, https:\/\/i0.wp.com\/www.truckbrasil.com.br\/wp\/wp-content\/uploads\/2019\/01\/recall-fiat-argo-cronos-e-mobi-convocados-para-mais-um-recall-1.png?ssl=1&w=1024&resize=1024&ssl=1 1024w, https:\/\/i0.wp.com\/www.truckbrasil.com.br\/wp\/wp-content\/uploads\/2019\/01\/recall-fiat-argo-cronos-e-mobi-convocados-para-mais-um-recall-1.png?ssl=1&w=1280&resize=1280&ssl=1 1280w, https:\/\/i0.wp.com\/www.truckbrasil.com.br\/wp\/wp-content\/uploads\/2019\/01\/recall-fiat-argo-cronos-e-mobi-convocados-para-mais-um-recall-1.png?ssl=1&w=1600&resize=1600&ssl=1 1600w\" fifu-data-src=\"https:\/\/i0.wp.com\/www.truckbrasil.com.br\/wp\/wp-content\/uploads\/2019\/01\/recall-fiat-argo-cronos-e-mobi-convocados-para-mais-um-recall-1.png?ssl=1\" alt=\"\ud83d\ude09\" class=\"wp-smiley\" style=\"height: 1em; max-height: 1em;\" \/><\/p>\n<p><!-- Este texto tem o apoio do Sistema ECOMPARE de lojas virtuais <a rel=\"nofollow\" href=\"http:\/\/blog.autopecasmolina.com.br\/recall-fiat-argo-cronos-e-mobi-convocados-para-mais-um-recall\/\">Recall Fiat: Argo, Cronos e Mobi convocados para mais um recall<\/a><a rel=\"nofollow\" href=\"http:\/\/blog.autopecasmolina.com.br\"><\/a>.<\/p>&nbsp;&nbsp;\n","protected":false},"excerpt":{"rendered":"<p>Argo, Cronos e Mobi envolvidos em recall podem apresentar defeito na coluna de dire\u00e7\u00e3o el\u00e9trica e perda da dire\u00e7\u00e3o veicular A Fiat acionou mais um recall no Brasil, simult\u00e2neo para tr\u00eas modelos, com o objetivo de reparar a coluna da dire\u00e7\u00e3o. A montadora informa que foi detectada a possibilidade de falha durante o processo de<\/p>\n<p>O post <a rel=\"nofollow\" href=\"http:\/\/blog.autopecasmolina.com.br\/recall-fiat-argo-cronos-e-mobi-convocados-para-mais-um-recall\/\">Recall Fiat: Argo, Cronos e Mobi convocados para mais um recall<\/a><a rel=\"nofollow\" href=\"http:\/\/blog.autopecasmolina.com.br\"><\/a>.<\/p>\n","protected":false},"author":1,"featured_media":0,"comment_status":"open","ping_status":"open","sticky":false,"template":"","format":"standard","meta":{"fifu_image_url":"","fifu_image_alt":"","footnotes":""},"categories":[8427],"tags":[9415],"class_list":["post-73511","post","type-post","status-publish","format-standard","hentry","category-geral","tag-brasildefeito-na-coluna-de-direcaodicasfiatgeralindustria-automobilisticaleismercado-automotivopecasrecallservico-gratuito","wpcat-8427-id"],"_links":{"self":[{"href":"https:\/\/verde-amarelo.net\/verdeamarelo\/wp-json\/wp\/v2\/posts\/73511","targetHints":{"allow":["GET"]}}],"collection":[{"href":"https:\/\/verde-amarelo.net\/verdeamarelo\/wp-json\/wp\/v2\/posts"}],"about":[{"href":"https:\/\/verde-amarelo.net\/verdeamarelo\/wp-json\/wp\/v2\/types\/post"}],"author":[{"embeddable":true,"href":"https:\/\/verde-amarelo.net\/verdeamarelo\/wp-json\/wp\/v2\/users\/1"}],"replies":[{"embeddable":true,"href":"https:\/\/verde-amarelo.net\/verdeamarelo\/wp-json\/wp\/v2\/comments?post=73511"}],"version-history":[{"count":0,"href":"https:\/\/verde-amarelo.net\/verdeamarelo\/wp-json\/wp\/v2\/posts\/73511\/revisions"}],"wp:attachment":[{"href":"https:\/\/verde-amarelo.net\/verdeamarelo\/wp-json\/wp\/v2\/media?parent=73511"}],"wp:term":[{"taxonomy":"category","embeddable":true,"href":"https:\/\/verde-amarelo.net\/verdeamarelo\/wp-json\/wp\/v2\/categories?post=73511"},{"taxonomy":"post_tag","embeddable":true,"href":"https:\/\/verde-amarelo.net\/verdeamarelo\/wp-json\/wp\/v2\/tags?post=73511"}],"curies":[{"name":"wp","href":"https:\/\/api.w.org\/{rel}","templated":true}]}}