{"id":73537,"date":"2019-01-21T17:18:35","date_gmt":"2019-01-21T19:18:35","guid":{"rendered":"https:\/\/verde-amarelo.net\/verdeamarelo\/2019\/01\/licitacao-para-ferrograo-deve-ocorrer-ate-inicio-de-2020-diz-ministro-da-infraestrutura\/"},"modified":"2019-01-21T17:18:35","modified_gmt":"2019-01-21T19:18:35","slug":"licitacao-para-ferrograo-deve-ocorrer-ate-inicio-de-2020-diz-ministro-da-infraestrutura","status":"publish","type":"post","link":"https:\/\/verde-amarelo.net\/verdeamarelo\/2019\/01\/licitacao-para-ferrograo-deve-ocorrer-ate-inicio-de-2020-diz-ministro-da-infraestrutura\/","title":{"rendered":"Licita\u00e7\u00e3o para Ferrogr\u00e3o deve ocorrer at\u00e9 in\u00edcio de 2020, diz ministro da Infraestrutura"},"content":{"rendered":"<p>O ministro da Infraestrutura Tarc\u00edsio Gomes de Freitas anunciou retomada do transporte ferrovi\u00e1rio com a concess\u00e3o de tr\u00eas nova rodovias. Dentre elas, a licita\u00e7\u00e3o da Ferrogr\u00e3o, prometida ainda para 2019 ou in\u00edcio de 2020.<\/p>&nbsp;&nbsp;\n<p>\u201cVai ser a segunda revolu\u00e7\u00e3o do agroneg\u00f3cio e vai um impacto enorme nos fretes\u201d, ressaltou.<\/p>&nbsp;&nbsp;\n<div class=\"infor-meio-da-noticia\" id=\"infor-1776645978\"><a href=\"https:\/\/www.intermodal.com.br\/pt\/?utm_source=infodosportos%20expor\"><img decoding=\"async\" src=\"data:image\/gif;base64,R0lGODlhAQABAIAAAAAAAP\/\/\/ywAAAAAAQABAAACAUwAOw==\" fifu-lazy=\"1\" fifu-data-sizes=\"auto\" fifu-data-srcset=\"https:\/\/i3.wp.com\/www.truckbrasil.com.br\/wp\/wp-content\/uploads\/2019\/01\/licitacao-para-ferrograo-deve-ocorrer-ate-inicio-de-2020-diz-ministro-da-infraestrutura.gif?ssl=1&w=75&resize=75&ssl=1 75w, https:\/\/i3.wp.com\/www.truckbrasil.com.br\/wp\/wp-content\/uploads\/2019\/01\/licitacao-para-ferrograo-deve-ocorrer-ate-inicio-de-2020-diz-ministro-da-infraestrutura.gif?ssl=1&w=100&resize=100&ssl=1 100w, https:\/\/i3.wp.com\/www.truckbrasil.com.br\/wp\/wp-content\/uploads\/2019\/01\/licitacao-para-ferrograo-deve-ocorrer-ate-inicio-de-2020-diz-ministro-da-infraestrutura.gif?ssl=1&w=150&resize=150&ssl=1 150w, https:\/\/i3.wp.com\/www.truckbrasil.com.br\/wp\/wp-content\/uploads\/2019\/01\/licitacao-para-ferrograo-deve-ocorrer-ate-inicio-de-2020-diz-ministro-da-infraestrutura.gif?ssl=1&w=240&resize=240&ssl=1 240w, https:\/\/i3.wp.com\/www.truckbrasil.com.br\/wp\/wp-content\/uploads\/2019\/01\/licitacao-para-ferrograo-deve-ocorrer-ate-inicio-de-2020-diz-ministro-da-infraestrutura.gif?ssl=1&w=320&resize=320&ssl=1 320w, https:\/\/i3.wp.com\/www.truckbrasil.com.br\/wp\/wp-content\/uploads\/2019\/01\/licitacao-para-ferrograo-deve-ocorrer-ate-inicio-de-2020-diz-ministro-da-infraestrutura.gif?ssl=1&w=500&resize=500&ssl=1 500w, https:\/\/i3.wp.com\/www.truckbrasil.com.br\/wp\/wp-content\/uploads\/2019\/01\/licitacao-para-ferrograo-deve-ocorrer-ate-inicio-de-2020-diz-ministro-da-infraestrutura.gif?ssl=1&w=640&resize=640&ssl=1 640w, https:\/\/i3.wp.com\/www.truckbrasil.com.br\/wp\/wp-content\/uploads\/2019\/01\/licitacao-para-ferrograo-deve-ocorrer-ate-inicio-de-2020-diz-ministro-da-infraestrutura.gif?ssl=1&w=800&resize=800&ssl=1 800w, https:\/\/i3.wp.com\/www.truckbrasil.com.br\/wp\/wp-content\/uploads\/2019\/01\/licitacao-para-ferrograo-deve-ocorrer-ate-inicio-de-2020-diz-ministro-da-infraestrutura.gif?ssl=1&w=1024&resize=1024&ssl=1 1024w, https:\/\/i3.wp.com\/www.truckbrasil.com.br\/wp\/wp-content\/uploads\/2019\/01\/licitacao-para-ferrograo-deve-ocorrer-ate-inicio-de-2020-diz-ministro-da-infraestrutura.gif?ssl=1&w=1280&resize=1280&ssl=1 1280w, https:\/\/i3.wp.com\/www.truckbrasil.com.br\/wp\/wp-content\/uploads\/2019\/01\/licitacao-para-ferrograo-deve-ocorrer-ate-inicio-de-2020-diz-ministro-da-infraestrutura.gif?ssl=1&w=1600&resize=1600&ssl=1 1600w\" width=\"175\" height=\"85\" fifu-data-src=\"https:\/\/i3.wp.com\/www.truckbrasil.com.br\/wp\/wp-content\/uploads\/2019\/01\/licitacao-para-ferrograo-deve-ocorrer-ate-inicio-de-2020-diz-ministro-da-infraestrutura.gif?ssl=1\" alt=\"\" title=\"banner_175x85\"\/><\/a><\/div>\n<p>O an\u00fancio foi publicado em v\u00eddeo nas redes sociais neste domingo (20). A Ferrogr\u00e3o (EF-170) \u00e9 projetada para ligar os estados de Mato Grosso e Par\u00e1, entre Sinop e o Porto de Miritituba, em Itaituba, na margem direita do rio Tapaj\u00f3s.<\/p>&nbsp;&nbsp;\n<p>Em mar\u00e7o, ser\u00e1 lan\u00e7ada ainda a licita\u00e7\u00e3o de uma linha f\u00e9rrea que pretende ligar o Porto Nacional (TO) a Estrela d\u2019Oeste(SP). \u201cCom a concess\u00e3o deste segmento vamos ligar Porto de Itaqui (MA) ao Porto de Santos (SP), formando uma grande espinha dorsal ferrovi\u00e1ria\u201d, disse.<\/p>&nbsp;&nbsp;\n<p>Segundo Tarc\u00edsio de Freitas, com essas a\u00e7\u00f5es, a participa\u00e7\u00e3o do modo ferrovi\u00e1rio na matriz de transporte deve dobrar at\u00e9 2025.<\/p>&nbsp;&nbsp;\n<p>Integra\u00e7\u00e3o do Centro-Oeste<\/p>\n<p>Al\u00e9m da Ferrogr\u00e3o, de acordo com o ministro, o governo far\u00e1 uma prorroga\u00e7\u00e3o antecipada dos contratos de concess\u00e3o, usando outorgas devidas pela prorroga\u00e7\u00e3o dos contratos para construir novos segmentos.<\/p>&nbsp;&nbsp;\n<p>\u201cA primeira ferrovia que vai ser constru\u00edda desta forma vai ser a Ferrovia Integrada do Centro-Oeste, que vai ligar a produ\u00e7\u00e3o, ligando \u00c1gua Boa, em Mato Grosso a Campinorte, em Goi\u00e1s. Impulsionando uma \u00e1rea de influ\u00eancia que representa praticamente R$ 16 milh\u00f5es de toneladas no Vale do Araguaia\u201d, disse o ministro.<\/p>&nbsp;&nbsp;\n<p>\u201cVamos tirar caminh\u00f5es das rodovias, diminuir os custos do Brasil e dar mais efici\u00eancia no transporte de cargas\u201d.<\/p>&nbsp;&nbsp;\n<p>Fonte: O Livre<\/p>\n<div class=\"infor-depois-do-conteudo\" id=\"infor-379096567\"><a href=\"http:\/\/fortelogistica.com.br\/\"><img decoding=\"async\" src=\"data:image\/gif;base64,R0lGODlhAQABAIAAAAAAAP\/\/\/ywAAAAAAQABAAACAUwAOw==\" fifu-lazy=\"1\" fifu-data-sizes=\"auto\" fifu-data-srcset=\"https:\/\/i3.wp.com\/www.truckbrasil.com.br\/wp\/wp-content\/uploads\/2019\/01\/licitacao-para-ferrograo-deve-ocorrer-ate-inicio-de-2020-diz-ministro-da-infraestrutura.png?ssl=1&w=75&resize=75&ssl=1 75w, https:\/\/i3.wp.com\/www.truckbrasil.com.br\/wp\/wp-content\/uploads\/2019\/01\/licitacao-para-ferrograo-deve-ocorrer-ate-inicio-de-2020-diz-ministro-da-infraestrutura.png?ssl=1&w=100&resize=100&ssl=1 100w, https:\/\/i3.wp.com\/www.truckbrasil.com.br\/wp\/wp-content\/uploads\/2019\/01\/licitacao-para-ferrograo-deve-ocorrer-ate-inicio-de-2020-diz-ministro-da-infraestrutura.png?ssl=1&w=150&resize=150&ssl=1 150w, https:\/\/i3.wp.com\/www.truckbrasil.com.br\/wp\/wp-content\/uploads\/2019\/01\/licitacao-para-ferrograo-deve-ocorrer-ate-inicio-de-2020-diz-ministro-da-infraestrutura.png?ssl=1&w=240&resize=240&ssl=1 240w, https:\/\/i3.wp.com\/www.truckbrasil.com.br\/wp\/wp-content\/uploads\/2019\/01\/licitacao-para-ferrograo-deve-ocorrer-ate-inicio-de-2020-diz-ministro-da-infraestrutura.png?ssl=1&w=320&resize=320&ssl=1 320w, https:\/\/i3.wp.com\/www.truckbrasil.com.br\/wp\/wp-content\/uploads\/2019\/01\/licitacao-para-ferrograo-deve-ocorrer-ate-inicio-de-2020-diz-ministro-da-infraestrutura.png?ssl=1&w=500&resize=500&ssl=1 500w, https:\/\/i3.wp.com\/www.truckbrasil.com.br\/wp\/wp-content\/uploads\/2019\/01\/licitacao-para-ferrograo-deve-ocorrer-ate-inicio-de-2020-diz-ministro-da-infraestrutura.png?ssl=1&w=640&resize=640&ssl=1 640w, https:\/\/i3.wp.com\/www.truckbrasil.com.br\/wp\/wp-content\/uploads\/2019\/01\/licitacao-para-ferrograo-deve-ocorrer-ate-inicio-de-2020-diz-ministro-da-infraestrutura.png?ssl=1&w=800&resize=800&ssl=1 800w, https:\/\/i3.wp.com\/www.truckbrasil.com.br\/wp\/wp-content\/uploads\/2019\/01\/licitacao-para-ferrograo-deve-ocorrer-ate-inicio-de-2020-diz-ministro-da-infraestrutura.png?ssl=1&w=1024&resize=1024&ssl=1 1024w, https:\/\/i3.wp.com\/www.truckbrasil.com.br\/wp\/wp-content\/uploads\/2019\/01\/licitacao-para-ferrograo-deve-ocorrer-ate-inicio-de-2020-diz-ministro-da-infraestrutura.png?ssl=1&w=1280&resize=1280&ssl=1 1280w, https:\/\/i3.wp.com\/www.truckbrasil.com.br\/wp\/wp-content\/uploads\/2019\/01\/licitacao-para-ferrograo-deve-ocorrer-ate-inicio-de-2020-diz-ministro-da-infraestrutura.png?ssl=1&w=1600&resize=1600&ssl=1 1600w\" width=\"728\" height=\"90\" fifu-data-src=\"https:\/\/i3.wp.com\/www.truckbrasil.com.br\/wp\/wp-content\/uploads\/2019\/01\/licitacao-para-ferrograo-deve-ocorrer-ate-inicio-de-2020-diz-ministro-da-infraestrutura.png?ssl=1\" alt=\"\" title=\"ebanner_leaderboard_728x90px_forte_logistica_final\" srcset=\"https:\/\/i3.wp.com\/www.truckbrasil.com.br\/wp\/wp-content\/uploads\/2019\/01\/licitacao-para-ferrograo-deve-ocorrer-ate-inicio-de-2020-diz-ministro-da-infraestrutura.png?ssl=1 728w, http:\/\/informativodosportos.com.br\/portal\/wp-content\/uploads\/2018\/11\/ebanner_leaderboard_728x90px_forte_logistica_final-300x37.png 300w, http:\/\/informativodosportos.com.br\/portal\/wp-content\/uploads\/2018\/11\/ebanner_leaderboard_728x90px_forte_logistica_final-335x41.png 335w, http:\/\/informativodosportos.com.br\/portal\/wp-content\/uploads\/2018\/11\/ebanner_leaderboard_728x90px_forte_logistica_final-600x74.png 600w\" sizes=\"(max-width: 728px) 100vw, 728px\"\/><\/a><\/div>\n<p><a href=\"http:\/\/informativodosportos.com.br\/portal\/2019\/01\/21\/licitacao-para-ferrograo-deve-ocorrer-ate-inicio-de-2020-diz-ministro-da-infraestrutura\/\" target=\"_blank\" rel=\"noopener\">Mais em http:\/\/informativodosportos.com.br\/portal\/2019\/01\/21\/licitacao-para-ferrograo-deve-ocorrer-ate-inicio-de-2020-diz-ministro-da-infraestrutura\/<\/a><\/p>\n","protected":false},"excerpt":{"rendered":"<p>O ministro da Infraestrutura Tarc\u00edsio Gomes de Freitas anunciou retomada do transporte ferrovi\u00e1rio com a&#8230;<\/p>\n","protected":false},"author":1,"featured_media":0,"comment_status":"open","ping_status":"open","sticky":false,"template":"","format":"standard","meta":{"fifu_image_url":"","fifu_image_alt":"","footnotes":""},"categories":[8702],"tags":[8846],"class_list":["post-73537","post","type-post","status-publish","format-standard","hentry","category-logistica","tag-destaquesnoticias","wpcat-8702-id"],"_links":{"self":[{"href":"https:\/\/verde-amarelo.net\/verdeamarelo\/wp-json\/wp\/v2\/posts\/73537","targetHints":{"allow":["GET"]}}],"collection":[{"href":"https:\/\/verde-amarelo.net\/verdeamarelo\/wp-json\/wp\/v2\/posts"}],"about":[{"href":"https:\/\/verde-amarelo.net\/verdeamarelo\/wp-json\/wp\/v2\/types\/post"}],"author":[{"embeddable":true,"href":"https:\/\/verde-amarelo.net\/verdeamarelo\/wp-json\/wp\/v2\/users\/1"}],"replies":[{"embeddable":true,"href":"https:\/\/verde-amarelo.net\/verdeamarelo\/wp-json\/wp\/v2\/comments?post=73537"}],"version-history":[{"count":0,"href":"https:\/\/verde-amarelo.net\/verdeamarelo\/wp-json\/wp\/v2\/posts\/73537\/revisions"}],"wp:attachment":[{"href":"https:\/\/verde-amarelo.net\/verdeamarelo\/wp-json\/wp\/v2\/media?parent=73537"}],"wp:term":[{"taxonomy":"category","embeddable":true,"href":"https:\/\/verde-amarelo.net\/verdeamarelo\/wp-json\/wp\/v2\/categories?post=73537"},{"taxonomy":"post_tag","embeddable":true,"href":"https:\/\/verde-amarelo.net\/verdeamarelo\/wp-json\/wp\/v2\/tags?post=73537"}],"curies":[{"name":"wp","href":"https:\/\/api.w.org\/{rel}","templated":true}]}}