{"id":73789,"date":"2019-02-05T21:29:03","date_gmt":"2019-02-05T23:29:03","guid":{"rendered":"https:\/\/verde-amarelo.net\/verdeamarelo\/2019\/02\/citroen-completa-100-anos-de-existencia-em-2019\/"},"modified":"2019-02-05T21:29:03","modified_gmt":"2019-02-05T23:29:03","slug":"citroen-completa-100-anos-de-existencia-em-2019","status":"publish","type":"post","link":"https:\/\/verde-amarelo.net\/verdeamarelo\/2019\/02\/citroen-completa-100-anos-de-existencia-em-2019\/","title":{"rendered":"Citro\u00ebn completa 100 anos de exist\u00eancia em 2019"},"content":{"rendered":"<p><a href=\"http:\/\/www.carpointnews.com.br\/2019\/02\/05\/citroen-completa-existencia\/completa-100-anos-de-existencia-em-2019\/\" rel=\"attachment wp-att-70452\"><img \"alignnone wp-image-70452&#8243; src=&#8221;http:\/\/www.carpointnews.com.br\/wp-content\/uploads\/2019\/02\/completa-100-anos-de-exist%C3%AAncia-em-2019.jpg&#8221; alt=&#8221;&#8221; width=&#8221;635&#8243; height=&#8221;448&#8243; srcset=&#8221;http:\/\/www.carpointnews.com.br\/wp-content\/uploads\/2019\/02\/completa-100-anos-de-exist&#xEA;ncia-em-2019.jpg 500w, http:\/\/www.carpointnews.com.br\/wp-content\/uploads\/2019\/02\/completa-100-anos-de-exist&#xEA;ncia-em-2019-300&#215;212.jpg 300w, http:\/\/www.carpointnews.com.br\/wp-content\/uploads\/2019\/02\/completa-100-anos-de-exist&#xEA;ncia-em-2019-180&#215;127.jpg 180w, http:\/\/www.carpointnews.com.br\/wp-content\/uploads\/2019\/02\/completa-100-anos-de-exist&#xEA;ncia-em-2019-150&#215;106.jpg 150w&#8221; sizes=&#8221;(max-width: 635px) 100vw, 635px&#8221;\/><\/a><\/p>\n<p>Imagine usar um avi\u00e3o para realizar uma a\u00e7\u00e3o de \u201cmarketing de guerrilha\u201d em plena d\u00e9cada de 20. Ou ent\u00e3o transformar o maior monumento de seu pa\u00eds (no caso, a Torre Eiffel) em um outdoor gigante com o nome da sua empresa, isso nos anos 30. Essas s\u00e3o apenas algumas das ideias inovadoras que Andre Citro\u00ebn, o fundador da Citro\u00ebn, utilizou para divulgar sua rec\u00e9m-lan\u00e7ada marca. Ele refletia na comunica\u00e7\u00e3o a mesma ousadia e a mais alta tecnologia que disponibilizava em seus autom\u00f3veis.<\/p>&nbsp;&nbsp;\n<p>100 anos depois, o desafio de manter a inova\u00e7\u00e3o com carro chefe da empresa continua. E \u00e9 por isso que a Citro\u00ebn vai realizar no Brasil uma s\u00e9rie de a\u00e7\u00f5es especiais em comemora\u00e7\u00e3o de seu centen\u00e1rio. Embalada pelo sucesso do Novo SUV Citro\u00ebn C4 Cactus \u2013 que acumulou uma s\u00e9rie de pr\u00eamios no ano passado \u2013 a Marca ter\u00e1 como centro de suas a\u00e7\u00f5es o consumidor final.<\/p>&nbsp;&nbsp;\n<p>\u201cA Citro\u00ebn sempre foi reconhecida internacionalmente por sua ousadia, tanto na forma como anuncia seus produtos, como na tecnologia e design de seus ve\u00edculos. Por isso, entendemos a import\u00e2ncia de realizar a\u00e7\u00f5es diferenciadas para os consumidores, principalmente em um mercado t\u00e3o relevante quanto o brasileiro\u201d, aponta Antoine Gaston-Breton, diretor de marketing da Citro\u00ebn no Brasil.<\/p>&nbsp;&nbsp;\n<p>Para este ano especial, as a\u00e7\u00f5es envolver\u00e3o reformas de cl\u00e1ssicos da Marca, divulga\u00e7\u00f5es dos modelos mais memor\u00e1veis dos \u00faltimos cem anos, a\u00e7\u00f5es com clientes e concession\u00e1rios, descontos e promo\u00e7\u00f5es, entre muitas outras. As campanhas se estender\u00e3o at\u00e9 o fim do ano.<\/p>&nbsp;&nbsp;\n<p>\u201cAinda n\u00e3o podemos entrar em detalhes em rela\u00e7\u00e3o a todas as a\u00e7\u00f5es que vamos fazer com a Marca, at\u00e9 para n\u00e3o estragar a surpresa que reservamos para os clientes, mas podemos afirmar que muitas coisas boas est\u00e3o por vir e que vamos honrar a tradi\u00e7\u00e3o inovadora do Andre Citro\u00ebn \u201d, refor\u00e7a Gaston-Breton.<\/p>&nbsp;&nbsp;\n<p>Fonte: CITRO\u00cbN DO BRASIL | RELA\u00c7\u00d5ES P\u00daBLICAS E IMPRENSA<\/p>\n","protected":false},"excerpt":{"rendered":"","protected":false},"author":1,"featured_media":0,"comment_status":"open","ping_status":"open","sticky":false,"template":"","format":"standard","meta":{"fifu_image_url":"","fifu_image_alt":"","footnotes":""},"categories":[8699],"tags":[9515],"class_list":["post-73789","post","type-post","status-publish","format-standard","hentry","category-geralcarros","tag-carroscitroennoticias","wpcat-8699-id"],"_links":{"self":[{"href":"https:\/\/verde-amarelo.net\/verdeamarelo\/wp-json\/wp\/v2\/posts\/73789","targetHints":{"allow":["GET"]}}],"collection":[{"href":"https:\/\/verde-amarelo.net\/verdeamarelo\/wp-json\/wp\/v2\/posts"}],"about":[{"href":"https:\/\/verde-amarelo.net\/verdeamarelo\/wp-json\/wp\/v2\/types\/post"}],"author":[{"embeddable":true,"href":"https:\/\/verde-amarelo.net\/verdeamarelo\/wp-json\/wp\/v2\/users\/1"}],"replies":[{"embeddable":true,"href":"https:\/\/verde-amarelo.net\/verdeamarelo\/wp-json\/wp\/v2\/comments?post=73789"}],"version-history":[{"count":0,"href":"https:\/\/verde-amarelo.net\/verdeamarelo\/wp-json\/wp\/v2\/posts\/73789\/revisions"}],"wp:attachment":[{"href":"https:\/\/verde-amarelo.net\/verdeamarelo\/wp-json\/wp\/v2\/media?parent=73789"}],"wp:term":[{"taxonomy":"category","embeddable":true,"href":"https:\/\/verde-amarelo.net\/verdeamarelo\/wp-json\/wp\/v2\/categories?post=73789"},{"taxonomy":"post_tag","embeddable":true,"href":"https:\/\/verde-amarelo.net\/verdeamarelo\/wp-json\/wp\/v2\/tags?post=73789"}],"curies":[{"name":"wp","href":"https:\/\/api.w.org\/{rel}","templated":true}]}}