{"id":73790,"date":"2019-02-05T21:26:11","date_gmt":"2019-02-05T23:26:11","guid":{"rendered":"https:\/\/verde-amarelo.net\/verdeamarelo\/2019\/02\/land-rover-lanca-a-edicao-svautobiography-dynamic-do-range-rover-velar\/"},"modified":"2019-02-05T21:26:11","modified_gmt":"2019-02-05T23:26:11","slug":"land-rover-lanca-a-edicao-svautobiography-dynamic-do-range-rover-velar","status":"publish","type":"post","link":"https:\/\/verde-amarelo.net\/verdeamarelo\/2019\/02\/land-rover-lanca-a-edicao-svautobiography-dynamic-do-range-rover-velar\/","title":{"rendered":"Land Rover lan\u00e7a a edi\u00e7\u00e3o SVAutobiography Dynamic do Range Rover Velar"},"content":{"rendered":"<p><a href=\"http:\/\/www.carpointnews.com.br\/2019\/02\/05\/edicao-svautobiography-dynamic\/range-rover-velar-svautobiography-dynamic-2019-3\/\" rel=\"attachment wp-att-70446\"><img \"alignnone size-full wp-image-70446&#8243; src=&#8221;http:\/\/www.carpointnews.com.br\/wp-content\/uploads\/2019\/02\/Range-Rover-Velar-SVAutobiography-Dynamic-2019-3.jpeg&#8221; alt=&#8221;&#8221; width=&#8221;500&#8243; height=&#8221;267&#8243; srcset=&#8221;http:\/\/www.carpointnews.com.br\/wp-content\/uploads\/2019\/02\/Range-Rover-Velar-SVAutobiography-Dynamic-2019-3.jpeg 500w, http:\/\/www.carpointnews.com.br\/wp-content\/uploads\/2019\/02\/Range-Rover-Velar-SVAutobiography-Dynamic-2019-3-300&#215;160.jpeg 300w, http:\/\/www.carpointnews.com.br\/wp-content\/uploads\/2019\/02\/Range-Rover-Velar-SVAutobiography-Dynamic-2019-3-180&#215;96.jpeg 180w, http:\/\/www.carpointnews.com.br\/wp-content\/uploads\/2019\/02\/Range-Rover-Velar-SVAutobiography-Dynamic-2019-3-150&#215;80.jpeg 150w&#8221; sizes=&#8221;(max-width: 500px) 100vw, 500px&#8221;\/><\/a><\/p>\n<p>A Land Rover est\u00e1 oferecendo ainda mais desempenho ao SUV mais bonito do mundo, segundo o World Car Design of the Year 2018. A marca lan\u00e7a a edi\u00e7\u00e3o SVAutobiography Dynamic do Range Rover Velar. Criado para ser o auge da gama Velar, o novo modelo foi desenvolvido pela Divis\u00e3o de Opera\u00e7\u00f5es de Ve\u00edculos Especiais (SVO) da Land Rover, equipada com um motor V8 Supercharged de 5.0 litros e 550 cv, e uma s\u00e9rie de melhorias de design \u00fanicas. Somando-se a sua exclusividade, esse modelo estar\u00e1 dispon\u00edvel para compra por apenas um ano.<\/p>&nbsp;&nbsp;\n<p>O Velar foi eleito World Car Design do Ano no World Car Awards de 2018 e \u00e9 o segundo modelo da fam\u00edlia Range Rover a usar o cobi\u00e7ado emblema, ap\u00f3s a introdu\u00e7\u00e3o do Range Rover SVAutobiography Dynamic em 2017. Com o motor V8 supercharged, o mais potente Velar acelera de 0 a 100 km\/h em 4,5 segundos e \u00e9 capaz de atingir 274 km\/h, enquanto mima os ocupantes com o tradicional refinamento e conforto da fam\u00edlia Range Rover.<\/p>&nbsp;&nbsp;\n<p>Freios e componentes de suspens\u00e3o melhorados, al\u00e9m de configura\u00e7\u00f5es personalizadas para tudo \u2013 desde o trem de for\u00e7a at\u00e9 os sistemas de seguran\u00e7a \u2013 garantem que o SVAutobiography Dynamic misture a personalidade de um carro de desempenho com a capacidade de ir a qualquer lugar de um SUV de luxo.<\/p>&nbsp;&nbsp;\n<p><a href=\"http:\/\/www.carpointnews.com.br\/2019\/02\/05\/edicao-svautobiography-dynamic\/range-rover-velar-svautobiography-dynamic-2019\/\" rel=\"attachment wp-att-70448\"><img \"alignnone size-full wp-image-70448&#8243; src=&#8221;http:\/\/www.carpointnews.com.br\/wp-content\/uploads\/2019\/02\/Range-Rover-Velar-SVAutobiography-Dynamic-2019.jpg&#8221; alt=&#8221;&#8221; width=&#8221;500&#8243; height=&#8221;192&#8243; srcset=&#8221;http:\/\/www.carpointnews.com.br\/wp-content\/uploads\/2019\/02\/Range-Rover-Velar-SVAutobiography-Dynamic-2019.jpg 500w, http:\/\/www.carpointnews.com.br\/wp-content\/uploads\/2019\/02\/Range-Rover-Velar-SVAutobiography-Dynamic-2019-300&#215;115.jpg 300w, http:\/\/www.carpointnews.com.br\/wp-content\/uploads\/2019\/02\/Range-Rover-Velar-SVAutobiography-Dynamic-2019-180&#215;69.jpg 180w, http:\/\/www.carpointnews.com.br\/wp-content\/uploads\/2019\/02\/Range-Rover-Velar-SVAutobiography-Dynamic-2019-150&#215;58.jpg 150w&#8221; sizes=&#8221;(max-width: 500px) 100vw, 500px&#8221;\/><\/a><\/p>\n<p>O potente novo modelo distingue-se por uma s\u00e9rie de melhoramentos visuais e acabamentos \u00fanicos, proporcionando uma apar\u00eancia mais decidida e uma maior aten\u00e7\u00e3o aos detalhes, mantendo as propor\u00e7\u00f5es perfeitamente otimizadas e a silhueta distinta do Velar.<\/p>&nbsp;&nbsp;\n<p>No exterior, os premiados recursos do SUV incluem um novo parachoque dianteiro com entradas de ar maiores para alimentar o motor V8 Supercharged e esfriar o sistema de frenagem. A nova grade e as molduras laterais inferiores combinam com um parachoque traseiro revisado com um escape qu\u00e1druplo integrado.<\/p>&nbsp;&nbsp;\n<p>At\u00e9 as letras do Range Rover no cap\u00f4 e na tampa traseira foram aprimoradas, com um acabamento recartilhado no metal das letras, adicionando um novo grau de sofistica\u00e7\u00e3o ao seu exterior. O SVAutobiography Dynamic \u00e9 tamb\u00e9m o \u00fanico Velar dispon\u00edvel na cor Satin Byron Blue \u2013 uma pintura met\u00e1lica da gama Premium Palette da SVO \u2013 e todos os modelos apresentam um teto contrastante em Narvik Black como padr\u00e3o.<\/p>&nbsp;&nbsp;\n<p>Gerry McGovern, diretor de design da Land Rover, disse: \u201cNossa evolu\u00e7\u00e3o cont\u00ednua \u00e9 impulsionada por um foco incans\u00e1vel na cria\u00e7\u00e3o de ve\u00edculos altamente desej\u00e1veis, que nossos clientes amar\u00e3o pela vida toda. O novo Range Rover Velar SVAutobiography Dynamic amplia a natureza almejada do vencedor do World Car Design de 2018 ao introduzir uma combina\u00e7\u00e3o atraente de desempenho elevado e luxo.\u201d<\/p>\n<p>As rodas de alum\u00ednio distintas apresentam outra caracter\u00edstica para o desempenho aprimorado. A roda de liga leve de 21 polegadas pesa o mesmo que as rodas de 20 polegadas no modelo padr\u00e3o e os clientes tamb\u00e9m podem optar por rodas opcionais de 22 polegadas com um acabamento Sparkle prateado exclusivo com bordas diamantadas, proporcionando um grau adicional de personaliza\u00e7\u00e3o.<\/p>&nbsp;&nbsp;\n<p><a href=\"http:\/\/www.carpointnews.com.br\/2019\/02\/05\/edicao-svautobiography-dynamic\/range-rover-velar-svautobiography-dynamic-2019-5\/\" rel=\"attachment wp-att-70447\"><img \"alignnone size-full wp-image-70447&#8243; src=&#8221;http:\/\/www.carpointnews.com.br\/wp-content\/uploads\/2019\/02\/Range-Rover-Velar-SVAutobiography-Dynamic-2019-5.jpeg&#8221; alt=&#8221;&#8221; width=&#8221;500&#8243; height=&#8221;253&#8243; srcset=&#8221;http:\/\/www.carpointnews.com.br\/wp-content\/uploads\/2019\/02\/Range-Rover-Velar-SVAutobiography-Dynamic-2019-5.jpeg 500w, http:\/\/www.carpointnews.com.br\/wp-content\/uploads\/2019\/02\/Range-Rover-Velar-SVAutobiography-Dynamic-2019-5-300&#215;152.jpeg 300w, http:\/\/www.carpointnews.com.br\/wp-content\/uploads\/2019\/02\/Range-Rover-Velar-SVAutobiography-Dynamic-2019-5-180&#215;91.jpeg 180w, http:\/\/www.carpointnews.com.br\/wp-content\/uploads\/2019\/02\/Range-Rover-Velar-SVAutobiography-Dynamic-2019-5-150&#215;76.jpeg 150w&#8221; sizes=&#8221;(max-width: 500px) 100vw, 500px&#8221;\/><\/a><\/p>\n<p>As rodas maiores ajudam no desempenho do SVAutobiography Dynamic, gerando mais ader\u00eancia e acomodando freios maiores. Seus discos de freio dianteiro de 395 mm e traseiro de 396 mm de di\u00e2metro apresentam uma constru\u00e7\u00e3o de duas pe\u00e7as para otimizar o peso. Os designs inovadores tamb\u00e9m dissipam o calor de forma mais eficaz para lidar com as maiores for\u00e7as de frenagem geradas durante a condu\u00e7\u00e3o de alto desempenho.<\/p>&nbsp;&nbsp;\n<p>O design exterior \u00e9 acompanhado por uma elevada sensa\u00e7\u00e3o de luxo no interior, com uma combina\u00e7\u00e3o cuidadosamente curada de acabamentos e estofos. O couro Windsor costurado, perfurado e acolchoado \u00e9 exclusivo para o SVAutobiography Dynamic e aumenta a sensa\u00e7\u00e3o de luxo no interior. Os clientes podem escolher entre quatro combina\u00e7\u00f5es de cores (Ebony, Cirrus, Tan Vintage e Pimento). A vers\u00e3o possui bancos dianteiros aquecidos e refrigerados com 20 tipos de ajuste, mem\u00f3ria e fun\u00e7\u00f5es de massagem de s\u00e9rie.<\/p>&nbsp;&nbsp;\n<p>Os toques especiais no interior estendem-se ao volante esportivo \u00fanico, que inclui um aro especialmente contornado em alum\u00ednio, e paddle shifts no mesmo material. Mais abaixo, o seletor de marchas rotativo e os controles circulares para o sistema de infoentretenimento Touch Pro Duo apresentam um sofisticado acabamento recartilhado. Um pack de fibra de carbono opcional para o interior adiciona uma sensa\u00e7\u00e3o mais moderna \u00e0 cabine, com um material de a\u00e7o distinto, enquanto os pedais esportivos e as placas de metal iluminadas com a inscri\u00e7\u00e3o Range Rover completam o visual.<\/p>&nbsp;&nbsp;\n<p>As calibra\u00e7\u00f5es para o sistema de tra\u00e7\u00e3o nas quatro rodas, o Diferencial de Bloqueio Traseiro Ativo, a transmiss\u00e3o de oito marchas, a dire\u00e7\u00e3o e a suspens\u00e3o a ar foram aperfei\u00e7oadas e s\u00e3o feitas sob medida para o SVAutobiography Dynamic, proporcionando uma experi\u00eancia de condu\u00e7\u00e3o mais focada. Os engenheiros da SVO gastaram 63.900 horas aperfei\u00e7oando a calibra\u00e7\u00e3o exclusiva para otimizar a condu\u00e7\u00e3o, o manuseio e a capacidade de resposta.<\/p>&nbsp;&nbsp;\n<p>O car\u00e1ter \u00fanico do Velar SVAutobiography Dynamic tamb\u00e9m \u00e9 refletido por seu escapamento sob medida, que fornece uma trilha sonora para combinar com seu desempenho. O sistema de escape vari\u00e1vel da SV apresenta uma tecnologia de v\u00e1lvula para otimizar a nota de escape, dependendo das condi\u00e7\u00f5es de condu\u00e7\u00e3o, e fornece ao Velar um inconfund\u00edvel ru\u00eddo V8. A configura\u00e7\u00e3o ativa \u00e9 7,1 kg mais leve que o design padr\u00e3o e seu fluxo de g\u00e1s aumentado ajuda a desbloquear um pouco do desempenho aprimorado em rela\u00e7\u00e3o ao modelo principal.<\/p>&nbsp;&nbsp;\n<p>O Velar SVAutobiography Dynamic Edition \u00e9 diferente de todos os outros SUVs, mas o modelo \u2013 mais focado no motorista \u2013 \u00e9 t\u00e3o pr\u00e1tico quanto sempre. A generosa capacidade de arranque n\u00e3o \u00e9 afetada, enquanto os bancos traseiros flex\u00edveis de 40: 20: 40 permitem aos clientes variar o espa\u00e7o de carga, dependendo dos seus requisitos. O tanque de combust\u00edvel de 82 litros tamb\u00e9m promete uma autonomia genu\u00edna superior a 483 km.<\/p>&nbsp;&nbsp;\n<p>O novo Velar SVAutobiography Dynamic est\u00e1 dispon\u00edvel em seis cores exteriores: Firenze Red; Santorini Black; Corris Gray; Fuji White; Prata Indus e, por encomenda especial, Satin Byron Blue. A edi\u00e7\u00e3o especial n\u00e3o tem previs\u00e3o de chegar ao mercado brasileiro.<\/p>&nbsp;&nbsp;\n","protected":false},"excerpt":{"rendered":"<p>O potente novo modelo distingue-se por uma s\u00e9rie de melhoramentos visuais e acabamentos \u00fanicos, proporcionando&#8230;<\/p>\n","protected":false},"author":1,"featured_media":0,"comment_status":"open","ping_status":"open","sticky":false,"template":"","format":"standard","meta":{"fifu_image_url":"","fifu_image_alt":"","footnotes":""},"categories":[8699],"tags":[9516],"class_list":["post-73790","post","type-post","status-publish","format-standard","hentry","category-geralcarros","tag-carrosland-rovernoticiasrange-rover-velarsvautobiography-dynamic","wpcat-8699-id"],"_links":{"self":[{"href":"https:\/\/verde-amarelo.net\/verdeamarelo\/wp-json\/wp\/v2\/posts\/73790","targetHints":{"allow":["GET"]}}],"collection":[{"href":"https:\/\/verde-amarelo.net\/verdeamarelo\/wp-json\/wp\/v2\/posts"}],"about":[{"href":"https:\/\/verde-amarelo.net\/verdeamarelo\/wp-json\/wp\/v2\/types\/post"}],"author":[{"embeddable":true,"href":"https:\/\/verde-amarelo.net\/verdeamarelo\/wp-json\/wp\/v2\/users\/1"}],"replies":[{"embeddable":true,"href":"https:\/\/verde-amarelo.net\/verdeamarelo\/wp-json\/wp\/v2\/comments?post=73790"}],"version-history":[{"count":0,"href":"https:\/\/verde-amarelo.net\/verdeamarelo\/wp-json\/wp\/v2\/posts\/73790\/revisions"}],"wp:attachment":[{"href":"https:\/\/verde-amarelo.net\/verdeamarelo\/wp-json\/wp\/v2\/media?parent=73790"}],"wp:term":[{"taxonomy":"category","embeddable":true,"href":"https:\/\/verde-amarelo.net\/verdeamarelo\/wp-json\/wp\/v2\/categories?post=73790"},{"taxonomy":"post_tag","embeddable":true,"href":"https:\/\/verde-amarelo.net\/verdeamarelo\/wp-json\/wp\/v2\/tags?post=73790"}],"curies":[{"name":"wp","href":"https:\/\/api.w.org\/{rel}","templated":true}]}}