{"id":73791,"date":"2019-02-05T21:20:58","date_gmt":"2019-02-05T23:20:58","guid":{"rendered":"https:\/\/verde-amarelo.net\/verdeamarelo\/2019\/02\/bmw-inext-faz-testes-com-temperaturas-abaixo-de-zero\/"},"modified":"2019-02-05T21:20:58","modified_gmt":"2019-02-05T23:20:58","slug":"bmw-inext-faz-testes-com-temperaturas-abaixo-de-zero","status":"publish","type":"post","link":"https:\/\/verde-amarelo.net\/verdeamarelo\/2019\/02\/bmw-inext-faz-testes-com-temperaturas-abaixo-de-zero\/","title":{"rendered":"BMW iNEXT faz testes com temperaturas abaixo de zero"},"content":{"rendered":"<p><a href=\"http:\/\/www.carpointnews.com.br\/2019\/02\/05\/testes-temperaturas-abaixo\/bmw-inext-faz-testes-com-temperaturas-abaixo-de-zero\/\" rel=\"attachment wp-att-70442\"><img \"alignnone size-full wp-image-70442&#8243; src=&#8221;http:\/\/www.carpointnews.com.br\/wp-content\/uploads\/2019\/02\/BMW-iNEXT-faz-testes-com-temperaturas-abaixo-de-zero.jpg&#8221; alt=&#8221;&#8221; width=&#8221;500&#8243; height=&#8221;333&#8243; srcset=&#8221;http:\/\/www.carpointnews.com.br\/wp-content\/uploads\/2019\/02\/BMW-iNEXT-faz-testes-com-temperaturas-abaixo-de-zero.jpg 500w, http:\/\/www.carpointnews.com.br\/wp-content\/uploads\/2019\/02\/BMW-iNEXT-faz-testes-com-temperaturas-abaixo-de-zero-300&#215;200.jpg 300w, http:\/\/www.carpointnews.com.br\/wp-content\/uploads\/2019\/02\/BMW-iNEXT-faz-testes-com-temperaturas-abaixo-de-zero-180&#215;120.jpg 180w, http:\/\/www.carpointnews.com.br\/wp-content\/uploads\/2019\/02\/BMW-iNEXT-faz-testes-com-temperaturas-abaixo-de-zero-150&#215;100.jpg 150w&#8221; sizes=&#8221;(max-width: 500px) 100vw, 500px&#8221;\/><\/a><\/p>\n<p>O futuro do prazer em dirigir se aproxima lentamente, silencioso, sob a n\u00e9voa g\u00e9lida da pequena cidade de Arjeplog, na Su\u00e9cia, coberta de branco pelo r\u00edgido inverno europeu. \u00c9 neste cen\u00e1rio que o nov\u00edssimo BMW iNEXT, cuja produ\u00e7\u00e3o em s\u00e9rie inicia em 2021 na planta da BMW em Dingolfing (Alemanha), acaba de completar a primeira fase de testes de suspens\u00e3o, chassis e dire\u00e7\u00e3o.<\/p>&nbsp;&nbsp;\n<p>Nova refer\u00eancia em tecnologia do BMW Group, o novo iNEXT integra os campos estrat\u00e9gicos de condu\u00e7\u00e3o aut\u00f4noma, conectividade, eletrifica\u00e7\u00e3o e servi\u00e7os (ACES) \u2014 todas definidas como chaves dentro da estrat\u00e9gia corporativa para o futuro NUMBER ONE &gt; NEXT.<\/p>&nbsp;&nbsp;\n<p>Puramente el\u00e9trico, com sistema de tra\u00e7\u00e3o integral inteligente e uma tecnologia de suspens\u00e3o espec\u00edfica, o modelo traz in\u00fameros recursos de conectividade e condu\u00e7\u00e3o aut\u00f4noma, proporcionando aos ocupantes uma nova maneira de desfrutar da viagem, de forma interativa e sustent\u00e1vel, sem perder a ess\u00eancia do prazer em dirigir.<\/p>&nbsp;&nbsp;\n<p>Os testes do BMW iNEXT camuflado est\u00e3o sendo conduzidos em estradas cobertas de neve e lagos cobertos de gelo, onde as temperaturas m\u00ednimas s\u00e3o um desafio sobretudo ao motor el\u00e9trico, \u00e0 bateria de alta tens\u00e3o e ao sistema de arrefecimento do ve\u00edculo. Nesse ponto, os engenheiros est\u00e3o analisando como o clima afeta o sistema de gerenciamento de energia eDrive, o armazenamento e recupera\u00e7\u00e3o de energia, e como a eletricidade \u00e9 transferida ao motor el\u00e9trico.<\/p>&nbsp;&nbsp;\n<p>Nessas superf\u00edcies molhadas e escorregadias da pista de testes fechada do BMW Group, \u00e9 poss\u00edvel analisar ainda os sistemas de dire\u00e7\u00e3o e freio e, mesmo em baixas velocidades, a efic\u00e1cia do sistema de tra\u00e7\u00e3o nas quatro rodas, especialmente desenvolvido para o modelo, al\u00e9m do Controle Din\u00e2mico de Estabilidade (DSC). Dessa forma, o BMW iNEXT conclui com \u00eaxito essa primeira etapa em que foi confrontado com toda a sorte de desafios din\u00e2micos.<\/p>&nbsp;&nbsp;\n<p>Fonte: Comunica\u00e7\u00e3o Corporativa BMW Group Brasil<\/p>\n","protected":false},"excerpt":{"rendered":"","protected":false},"author":1,"featured_media":0,"comment_status":"open","ping_status":"open","sticky":false,"template":"","format":"standard","meta":{"fifu_image_url":"","fifu_image_alt":"","footnotes":""},"categories":[8699],"tags":[9517],"class_list":["post-73791","post","type-post","status-publish","format-standard","hentry","category-geralcarros","tag-bmw-inextcarrosnoticias","wpcat-8699-id"],"_links":{"self":[{"href":"https:\/\/verde-amarelo.net\/verdeamarelo\/wp-json\/wp\/v2\/posts\/73791","targetHints":{"allow":["GET"]}}],"collection":[{"href":"https:\/\/verde-amarelo.net\/verdeamarelo\/wp-json\/wp\/v2\/posts"}],"about":[{"href":"https:\/\/verde-amarelo.net\/verdeamarelo\/wp-json\/wp\/v2\/types\/post"}],"author":[{"embeddable":true,"href":"https:\/\/verde-amarelo.net\/verdeamarelo\/wp-json\/wp\/v2\/users\/1"}],"replies":[{"embeddable":true,"href":"https:\/\/verde-amarelo.net\/verdeamarelo\/wp-json\/wp\/v2\/comments?post=73791"}],"version-history":[{"count":0,"href":"https:\/\/verde-amarelo.net\/verdeamarelo\/wp-json\/wp\/v2\/posts\/73791\/revisions"}],"wp:attachment":[{"href":"https:\/\/verde-amarelo.net\/verdeamarelo\/wp-json\/wp\/v2\/media?parent=73791"}],"wp:term":[{"taxonomy":"category","embeddable":true,"href":"https:\/\/verde-amarelo.net\/verdeamarelo\/wp-json\/wp\/v2\/categories?post=73791"},{"taxonomy":"post_tag","embeddable":true,"href":"https:\/\/verde-amarelo.net\/verdeamarelo\/wp-json\/wp\/v2\/tags?post=73791"}],"curies":[{"name":"wp","href":"https:\/\/api.w.org\/{rel}","templated":true}]}}