{"id":73792,"date":"2019-02-06T09:33:38","date_gmt":"2019-02-06T11:33:38","guid":{"rendered":"https:\/\/verde-amarelo.net\/verdeamarelo\/2019\/02\/carnaval-e-logistica-como-se-preparar-para-a-data\/"},"modified":"2019-02-06T09:33:38","modified_gmt":"2019-02-06T11:33:38","slug":"carnaval-e-logistica-como-se-preparar-para-a-data","status":"publish","type":"post","link":"https:\/\/verde-amarelo.net\/verdeamarelo\/2019\/02\/carnaval-e-logistica-como-se-preparar-para-a-data\/","title":{"rendered":"Carnaval e log\u00edstica: como se preparar para a data"},"content":{"rendered":"<div><img decoding=\"async\" src=\"data:image\/gif;base64,R0lGODlhAQABAIAAAAAAAP\/\/\/ywAAAAAAQABAAACAUwAOw==\" fifu-lazy=\"1\" fifu-data-sizes=\"auto\" fifu-data-srcset=\"https:\/\/i2.wp.com\/www.truckbrasil.com.br\/wp\/wp-content\/uploads\/2019\/02\/carnaval-e-logistica-como-se-preparar-para-a-data.jpg?ssl=1&w=75&resize=75&ssl=1 75w, https:\/\/i2.wp.com\/www.truckbrasil.com.br\/wp\/wp-content\/uploads\/2019\/02\/carnaval-e-logistica-como-se-preparar-para-a-data.jpg?ssl=1&w=100&resize=100&ssl=1 100w, https:\/\/i2.wp.com\/www.truckbrasil.com.br\/wp\/wp-content\/uploads\/2019\/02\/carnaval-e-logistica-como-se-preparar-para-a-data.jpg?ssl=1&w=150&resize=150&ssl=1 150w, https:\/\/i2.wp.com\/www.truckbrasil.com.br\/wp\/wp-content\/uploads\/2019\/02\/carnaval-e-logistica-como-se-preparar-para-a-data.jpg?ssl=1&w=240&resize=240&ssl=1 240w, https:\/\/i2.wp.com\/www.truckbrasil.com.br\/wp\/wp-content\/uploads\/2019\/02\/carnaval-e-logistica-como-se-preparar-para-a-data.jpg?ssl=1&w=320&resize=320&ssl=1 320w, https:\/\/i2.wp.com\/www.truckbrasil.com.br\/wp\/wp-content\/uploads\/2019\/02\/carnaval-e-logistica-como-se-preparar-para-a-data.jpg?ssl=1&w=500&resize=500&ssl=1 500w, https:\/\/i2.wp.com\/www.truckbrasil.com.br\/wp\/wp-content\/uploads\/2019\/02\/carnaval-e-logistica-como-se-preparar-para-a-data.jpg?ssl=1&w=640&resize=640&ssl=1 640w, https:\/\/i2.wp.com\/www.truckbrasil.com.br\/wp\/wp-content\/uploads\/2019\/02\/carnaval-e-logistica-como-se-preparar-para-a-data.jpg?ssl=1&w=800&resize=800&ssl=1 800w, https:\/\/i2.wp.com\/www.truckbrasil.com.br\/wp\/wp-content\/uploads\/2019\/02\/carnaval-e-logistica-como-se-preparar-para-a-data.jpg?ssl=1&w=1024&resize=1024&ssl=1 1024w, https:\/\/i2.wp.com\/www.truckbrasil.com.br\/wp\/wp-content\/uploads\/2019\/02\/carnaval-e-logistica-como-se-preparar-para-a-data.jpg?ssl=1&w=1280&resize=1280&ssl=1 1280w, https:\/\/i2.wp.com\/www.truckbrasil.com.br\/wp\/wp-content\/uploads\/2019\/02\/carnaval-e-logistica-como-se-preparar-para-a-data.jpg?ssl=1&w=1600&resize=1600&ssl=1 1600w\" fifu-data-src=\"https:\/\/i2.wp.com\/www.truckbrasil.com.br\/wp\/wp-content\/uploads\/2019\/02\/carnaval-e-logistica-como-se-preparar-para-a-data.jpg?ssl=1\" class=\"ff-og-image-inserted\"\/><\/div>\n<p>O Carnaval \u00e9 um dos mais longos e importantes feriados no Brasil. Apesar de o feriado oficial neste ano ser apenas no dia 5 de mar\u00e7o, em uma ter\u00e7a-feira, os brasileiros curtem a folia por quatro dias seguidos, come\u00e7ando no s\u00e1bado que antecede o Carnaval. Em algumas regi\u00f5es, como o nordeste do pa\u00eds, o feriado pode durar de 6 a 10 dias, dependendo da cidade. Durante esse per\u00edodo, muitas empresas e com\u00e9rcios interrompem suas atividades e os fornecedores pausam as opera\u00e7\u00f5es.<\/p>&nbsp;&nbsp;\n<p>\u00c9 importante que empresas estejam preparadas para o per\u00edodo uma vez que o Carnaval come\u00e7a impactar a vida dos brasileiros j\u00e1 na semana anterior. Durante o per\u00edodo, ocorre um aumento na venda de combust\u00edveis j\u00e1 que muitos brasileiros viajam para outras cidades e estados para visitar familiares ou curtir a folia com amigos \u2013 e os aeroportos, portos, rodovias, ped\u00e1gios e hot\u00e9is tamb\u00e9m s\u00e3o impactados. Essa movimenta\u00e7\u00e3o tamb\u00e9m afeta diversas cidades, incluindo cidades do interior que s\u00e3o conhecidas por Carnaval t\u00edpico de rua, como em Olinda (Pernambuco), Ouro Preto (Minas Gerais) e Rio de Janeiro. \u00c9 imprescind\u00edvel que essas cidades se prepararem logisticamente para que n\u00e3o aconte\u00e7am imprevistos ou falta de qualquer suprimento \u2013 sejam eles os b\u00e1sicos ou necess\u00e1rios para o per\u00edodo.<\/p>&nbsp;&nbsp;\n<p>\u201cUma boa estrat\u00e9gia log\u00edstica \u00e9 fundamental para as empresas, uma vez que permite trabalhar com o menor estoque poss\u00edvel. N\u00f3s revisamos constantemente as etapas cr\u00edticas necess\u00e1rias para nossos clientes durante o Carnaval com anteced\u00eancia\u201d, explica Jo\u00e3o Caldana, Diretor-Executivo da Dachser no Brasil.<\/p>&nbsp;&nbsp;\n<p>Confira abaixo dicas para que sua empresa n\u00e3o seja negativamente impactada durante o carnaval:<\/p>\n<p>\u2022 Criar um estoque adequado, considerando o per\u00edodo completo do Carnaval.<br \/>\u2022 Informar seu despachante sobre suas remessas priorit\u00e1rias, j\u00e1 que o espa\u00e7o pode ser limitado;<br \/>\u2022 Reservar as remessas bem antes do Carnaval;<br \/>\u2022 Guardar espa\u00e7o em voos de passageiros para remessas que n\u00e3o podem ser atrasados. As taxas s\u00e3o um pouco mais altas, mas essa medida manter\u00e1 sua cadeia de suprimentos funcionando.<\/p>&nbsp;&nbsp;\n","protected":false},"excerpt":{"rendered":"<p>O Carnaval \u00e9 um dos mais longos e importantes feriados no Brasil. Apesar de o&#8230;<\/p>\n","protected":false},"author":1,"featured_media":0,"comment_status":"open","ping_status":"open","sticky":false,"template":"","format":"standard","meta":{"fifu_image_url":"","fifu_image_alt":"","footnotes":""},"categories":[727],"tags":[9518],"class_list":["post-73792","post","type-post","status-publish","format-standard","hentry","category-noticias","tag-4newscarnavalentregaslogistica","wpcat-727-id"],"_links":{"self":[{"href":"https:\/\/verde-amarelo.net\/verdeamarelo\/wp-json\/wp\/v2\/posts\/73792","targetHints":{"allow":["GET"]}}],"collection":[{"href":"https:\/\/verde-amarelo.net\/verdeamarelo\/wp-json\/wp\/v2\/posts"}],"about":[{"href":"https:\/\/verde-amarelo.net\/verdeamarelo\/wp-json\/wp\/v2\/types\/post"}],"author":[{"embeddable":true,"href":"https:\/\/verde-amarelo.net\/verdeamarelo\/wp-json\/wp\/v2\/users\/1"}],"replies":[{"embeddable":true,"href":"https:\/\/verde-amarelo.net\/verdeamarelo\/wp-json\/wp\/v2\/comments?post=73792"}],"version-history":[{"count":0,"href":"https:\/\/verde-amarelo.net\/verdeamarelo\/wp-json\/wp\/v2\/posts\/73792\/revisions"}],"wp:attachment":[{"href":"https:\/\/verde-amarelo.net\/verdeamarelo\/wp-json\/wp\/v2\/media?parent=73792"}],"wp:term":[{"taxonomy":"category","embeddable":true,"href":"https:\/\/verde-amarelo.net\/verdeamarelo\/wp-json\/wp\/v2\/categories?post=73792"},{"taxonomy":"post_tag","embeddable":true,"href":"https:\/\/verde-amarelo.net\/verdeamarelo\/wp-json\/wp\/v2\/tags?post=73792"}],"curies":[{"name":"wp","href":"https:\/\/api.w.org\/{rel}","templated":true}]}}