{"id":73793,"date":"2019-02-06T10:34:38","date_gmt":"2019-02-06T12:34:38","guid":{"rendered":"https:\/\/verde-amarelo.net\/verdeamarelo\/2019\/02\/producao-vendas-internas-e-demanda-de-quimicos-de-uso-industrial-recuam-em-2018\/"},"modified":"2019-02-06T10:34:38","modified_gmt":"2019-02-06T12:34:38","slug":"producao-vendas-internas-e-demanda-de-quimicos-de-uso-industrial-recuam-em-2018","status":"publish","type":"post","link":"https:\/\/verde-amarelo.net\/verdeamarelo\/2019\/02\/producao-vendas-internas-e-demanda-de-quimicos-de-uso-industrial-recuam-em-2018\/","title":{"rendered":"Produ\u00e7\u00e3o, vendas internas e demanda de qu\u00edmicos de uso industrial recuam em 2018"},"content":{"rendered":"<blockquote class=\"quote_content\" readability=\"31\">\n<p><span>A desacelera\u00e7\u00e3o econ\u00f4mica e incertezas do per\u00edodo pr\u00e9-elei\u00e7\u00e3o contribu\u00edram para interromper dois anos consecutivos de melhoria na demanda por produtos qu\u00edmicos<\/span><\/p>\n<\/blockquote>\n<p><a href=\"http:\/\/www.cargonews.com.br\/wp-content\/uploads\/2019\/02\/F%C3%A1tima-Giovanna.jpg\"><img \"wp-image-25827 alignleft&#8221; src=&#8221;https:\/\/www.truckbrasil.com.br\/wp\/wp-content\/uploads\/2019\/02\/producao-vendas-internas-e-demanda-de-quimicos-de-uso-industrial-recuam-em-2018.jpg&#8221; alt=&#8221;&#8221; width=&#8221;401&#8243; height=&#8221;266&#8243; srcset=&#8221;http:\/\/www.cargonews.com.br\/wp-content\/uploads\/2019\/02\/F&#xE1;tima-Giovanna-300&#215;199.jpg 300w, http:\/\/www.cargonews.com.br\/wp-content\/uploads\/2019\/02\/F&#xE1;tima-Giovanna-768&#215;510.jpg 768w, http:\/\/www.cargonews.com.br\/wp-content\/uploads\/2019\/02\/F&#xE1;tima-Giovanna-1024&#215;680.jpg 1024w, http:\/\/www.cargonews.com.br\/wp-content\/uploads\/2019\/02\/F&#xE1;tima-Giovanna.jpg 1180w&#8221; sizes=&#8221;(max-width: 401px) 100vw, 401px&#8221;\/><\/a>S\u00e3o Paulo, 06\/02\/2019 \u2013 A demanda por produtos qu\u00edmicos de uso industrial medida pelo consumo aparente nacional (CAN) teve recuo de 1,1%, em 2018, em rela\u00e7\u00e3o ao ano anterior, segundo levantamento realizado pela Associa\u00e7\u00e3o Brasileira da Ind\u00fastria Qu\u00edmica \u2013 Abiquim.<\/p>&nbsp;&nbsp;\n<p>Em volume, todas as vari\u00e1veis que comp\u00f5em o CAN exibiram recuos em 2018, sobre o ano anterior: \u00edndice de produ\u00e7\u00e3o (-3,93%), importa\u00e7\u00f5es (-2,8%) e exporta\u00e7\u00f5es (-16,9%). O desempenho do \u00edndice de vendas internas tamb\u00e9m acompanhou o cen\u00e1rio citado, com recuo de 0,74%. A utiliza\u00e7\u00e3o da capacidade instalada, que reflete a combina\u00e7\u00e3o do n\u00edvel de atividade do setor e das caracter\u00edsticas de opera\u00e7\u00e3o da qu\u00edmica (processo cont\u00ednuo de produ\u00e7\u00e3o), ficou em 77% durante o ano de 2018, contra 79% no ano anterior. J\u00e1 o \u00edndice de pre\u00e7os teve eleva\u00e7\u00e3o expressiva, de 19,49% no ano passado, acompanhando a cota\u00e7\u00e3o de pre\u00e7os dos produtos qu\u00edmicos no mercado internacional, o que reprimiu o \u00edmpeto do consumidor brasileiro em rela\u00e7\u00e3o \u00e0s importa\u00e7\u00f5es.<\/p>&nbsp;&nbsp;\n<p>O ano de 2018 foi significativamente afetado pelos resultados negativos dos \u00faltimos dois meses. Em novembro, os \u00edndices de produ\u00e7\u00e3o e de vendas internas tiveram quedas de 6,55% e de 1,71%, respectivamente, em rela\u00e7\u00e3o ao m\u00eas anterior, enquanto que em dezembro, os recuos foram de 4,45% para a produ\u00e7\u00e3o e de expressivos 10,78% para as vendas internas, em rela\u00e7\u00e3o ao m\u00eas anterior. A menor atividade nos \u00faltimos dois meses do ano \u00e9 explicada pela sazonalidade t\u00edpica do per\u00edodo e tamb\u00e9m pela desacelera\u00e7\u00e3o econ\u00f4mica. No acumulado do quarto trimestre de 2018, sobre igual per\u00edodo do ano anterior, os volumes recuaram: o \u00edndice de produ\u00e7\u00e3o foi 7,65% inferior, enquanto o de vendas internas teve desempenho 8,08% pior.<\/p>&nbsp;&nbsp;\n<p>Segundo a diretora de Economia e Estat\u00edstica da Abiquim, F\u00e1tima Giovanna Coviello Ferreira, a desacelera\u00e7\u00e3o econ\u00f4mica, as conturba\u00e7\u00f5es pol\u00edticas, a greve dos caminhoneiros \u2013 que prejudicou a movimenta\u00e7\u00e3o de cargas em maio-junho \u2013 a volatilidade do c\u00e2mbio, especialmente no per\u00edodo pr\u00e9-elei\u00e7\u00e3o, e as incertezas advindas desse cen\u00e1rio explicam o recuo da atividade no ano passado e interrompem um per\u00edodo de dois anos consecutivos de melhorias na demanda.<\/p>&nbsp;&nbsp;\n<p>A executiva acredita que o setor deve retomar a trajet\u00f3ria de crescimento em 2019, mas aponta que para isso s\u00e3o necess\u00e1rias medidas capazes de alterar os rumos da economia e colocar o Pa\u00eds na rota de atratividade de investimentos mundiais. \u201cAl\u00e9m do custo Brasil, especificamente na qu\u00edmica, os custos com aquisi\u00e7\u00e3o de mat\u00e9rias-primas e energia e a defici\u00eancia log\u00edstica imp\u00f5em um peso adicional ao produtor local. Sem resolver essas quest\u00f5es e sem consolidar uma reforma tribut\u00e1ria, que eliminem distor\u00e7\u00f5es que afetam a atividade produtiva virando custos, dificilmente o Pa\u00eds ganhar\u00e1 competitividade. Essas mudan\u00e7as s\u00e3o essenciais, inclusive, para se realizar uma abertura comercial nos moldes que o novo governo pretende\u201d, conclui F\u00e1tima.<\/p>&nbsp;&nbsp;\n<p>Assessoria de Imprensa<\/p>\n","protected":false},"excerpt":{"rendered":"<p>A desacelera\u00e7\u00e3o econ\u00f4mica e incertezas do per\u00edodo pr\u00e9-elei\u00e7\u00e3o contribu\u00edram para interromper dois anos consecutivos de&#8230;<\/p>\n","protected":false},"author":1,"featured_media":0,"comment_status":"open","ping_status":"open","sticky":false,"template":"","format":"standard","meta":{"fifu_image_url":"","fifu_image_alt":"","footnotes":""},"categories":[727],"tags":[9519],"class_list":["post-73793","post","type-post","status-publish","format-standard","hentry","category-noticias","tag-economianoticias","wpcat-727-id"],"_links":{"self":[{"href":"https:\/\/verde-amarelo.net\/verdeamarelo\/wp-json\/wp\/v2\/posts\/73793","targetHints":{"allow":["GET"]}}],"collection":[{"href":"https:\/\/verde-amarelo.net\/verdeamarelo\/wp-json\/wp\/v2\/posts"}],"about":[{"href":"https:\/\/verde-amarelo.net\/verdeamarelo\/wp-json\/wp\/v2\/types\/post"}],"author":[{"embeddable":true,"href":"https:\/\/verde-amarelo.net\/verdeamarelo\/wp-json\/wp\/v2\/users\/1"}],"replies":[{"embeddable":true,"href":"https:\/\/verde-amarelo.net\/verdeamarelo\/wp-json\/wp\/v2\/comments?post=73793"}],"version-history":[{"count":0,"href":"https:\/\/verde-amarelo.net\/verdeamarelo\/wp-json\/wp\/v2\/posts\/73793\/revisions"}],"wp:attachment":[{"href":"https:\/\/verde-amarelo.net\/verdeamarelo\/wp-json\/wp\/v2\/media?parent=73793"}],"wp:term":[{"taxonomy":"category","embeddable":true,"href":"https:\/\/verde-amarelo.net\/verdeamarelo\/wp-json\/wp\/v2\/categories?post=73793"},{"taxonomy":"post_tag","embeddable":true,"href":"https:\/\/verde-amarelo.net\/verdeamarelo\/wp-json\/wp\/v2\/tags?post=73793"}],"curies":[{"name":"wp","href":"https:\/\/api.w.org\/{rel}","templated":true}]}}