{"id":73796,"date":"2019-02-06T20:18:54","date_gmt":"2019-02-06T22:18:54","guid":{"rendered":"https:\/\/verde-amarelo.net\/verdeamarelo\/2019\/02\/ford-e-reconhecida-como-lider-global-em-conservacao-de-agua-e-sustentabilidade-pela-cdp\/"},"modified":"2019-02-06T20:18:54","modified_gmt":"2019-02-06T22:18:54","slug":"ford-e-reconhecida-como-lider-global-em-conservacao-de-agua-e-sustentabilidade-pela-cdp","status":"publish","type":"post","link":"https:\/\/verde-amarelo.net\/verdeamarelo\/2019\/02\/ford-e-reconhecida-como-lider-global-em-conservacao-de-agua-e-sustentabilidade-pela-cdp\/","title":{"rendered":"Ford \u00e9 reconhecida como l\u00edder global em conserva\u00e7\u00e3o de \u00e1gua e sustentabilidade pela CDP"},"content":{"rendered":"<div><img decoding=\"async\" src=\"data:image\/gif;base64,R0lGODlhAQABAIAAAAAAAP\/\/\/ywAAAAAAQABAAACAUwAOw==\" fifu-lazy=\"1\" fifu-data-sizes=\"auto\" fifu-data-srcset=\"https:\/\/i1.wp.com\/www.truckbrasil.com.br\/wp\/wp-content\/uploads\/2019\/02\/ford-e-reconhecida-como-lider-global-em-conservacao-de-agua-e-sustentabilidade-pela-cdp.jpg?ssl=1&w=75&resize=75&ssl=1 75w, https:\/\/i1.wp.com\/www.truckbrasil.com.br\/wp\/wp-content\/uploads\/2019\/02\/ford-e-reconhecida-como-lider-global-em-conservacao-de-agua-e-sustentabilidade-pela-cdp.jpg?ssl=1&w=100&resize=100&ssl=1 100w, https:\/\/i1.wp.com\/www.truckbrasil.com.br\/wp\/wp-content\/uploads\/2019\/02\/ford-e-reconhecida-como-lider-global-em-conservacao-de-agua-e-sustentabilidade-pela-cdp.jpg?ssl=1&w=150&resize=150&ssl=1 150w, https:\/\/i1.wp.com\/www.truckbrasil.com.br\/wp\/wp-content\/uploads\/2019\/02\/ford-e-reconhecida-como-lider-global-em-conservacao-de-agua-e-sustentabilidade-pela-cdp.jpg?ssl=1&w=240&resize=240&ssl=1 240w, https:\/\/i1.wp.com\/www.truckbrasil.com.br\/wp\/wp-content\/uploads\/2019\/02\/ford-e-reconhecida-como-lider-global-em-conservacao-de-agua-e-sustentabilidade-pela-cdp.jpg?ssl=1&w=320&resize=320&ssl=1 320w, https:\/\/i1.wp.com\/www.truckbrasil.com.br\/wp\/wp-content\/uploads\/2019\/02\/ford-e-reconhecida-como-lider-global-em-conservacao-de-agua-e-sustentabilidade-pela-cdp.jpg?ssl=1&w=500&resize=500&ssl=1 500w, https:\/\/i1.wp.com\/www.truckbrasil.com.br\/wp\/wp-content\/uploads\/2019\/02\/ford-e-reconhecida-como-lider-global-em-conservacao-de-agua-e-sustentabilidade-pela-cdp.jpg?ssl=1&w=640&resize=640&ssl=1 640w, https:\/\/i1.wp.com\/www.truckbrasil.com.br\/wp\/wp-content\/uploads\/2019\/02\/ford-e-reconhecida-como-lider-global-em-conservacao-de-agua-e-sustentabilidade-pela-cdp.jpg?ssl=1&w=800&resize=800&ssl=1 800w, https:\/\/i1.wp.com\/www.truckbrasil.com.br\/wp\/wp-content\/uploads\/2019\/02\/ford-e-reconhecida-como-lider-global-em-conservacao-de-agua-e-sustentabilidade-pela-cdp.jpg?ssl=1&w=1024&resize=1024&ssl=1 1024w, https:\/\/i1.wp.com\/www.truckbrasil.com.br\/wp\/wp-content\/uploads\/2019\/02\/ford-e-reconhecida-como-lider-global-em-conservacao-de-agua-e-sustentabilidade-pela-cdp.jpg?ssl=1&w=1280&resize=1280&ssl=1 1280w, https:\/\/i1.wp.com\/www.truckbrasil.com.br\/wp\/wp-content\/uploads\/2019\/02\/ford-e-reconhecida-como-lider-global-em-conservacao-de-agua-e-sustentabilidade-pela-cdp.jpg?ssl=1&w=1600&resize=1600&ssl=1 1600w\" fifu-data-src=\"https:\/\/i1.wp.com\/www.truckbrasil.com.br\/wp\/wp-content\/uploads\/2019\/02\/ford-e-reconhecida-como-lider-global-em-conservacao-de-agua-e-sustentabilidade-pela-cdp.jpg?ssl=1\" class=\"ff-og-image-inserted\"\/><\/div>\n<div readability=\"35\">\n<p>A Ford foi reconhecida pelo quarto ano consecutivo com nota A em conserva\u00e7\u00e3o de \u00e1gua pela CDP, organiza\u00e7\u00e3o sem fins lucrativos com sede no Reino Unido que avalia o impacto ambiental das principais corpora\u00e7\u00f5es do mundo. Menos de 30 empresas receberam essa classifica\u00e7\u00e3o globalmente.<\/p>&nbsp;&nbsp;\n<\/div>\n<div readability=\"77\">\n<p>Desde 2000, a Ford desenvolve uma iniciativa global para conserva\u00e7\u00e3o de \u00e1gua e reduziu em 62,5% o consumo em suas opera\u00e7\u00f5es, economizando cerca de 40 bilh\u00f5es de litros \u2013 o equivalente a 16.000 piscinas ol\u00edmpicas. As novas metas da empresa s\u00e3o ampliar essa economia para 75% at\u00e9 2020 e, no longo prazo, zerar o uso de \u00e1gua pot\u00e1vel na fabrica\u00e7\u00e3o de ve\u00edculos.<\/p>&nbsp;&nbsp;\n<p>\u201cO acesso \u00e0 \u00e1gua pot\u00e1vel \u00e9 um direito humano fundamental\u201d, diz Kim Pittel, vice-presidente de engenharia de meio ambiente, sustentabilidade e seguran\u00e7a da Ford. \u201cTemos um papel importante no estabelecimento de melhores pr\u00e1ticas para a prote\u00e7\u00e3o do meio ambiente, tanto internamente quanto para nossa cadeia de fornecedores. Nosso objetivo \u00e9 melhorar a vida dos clientes e comunidades ao redor do mundo com uma abordagem integrada de sustentabilidade.\u201d<\/p>\n<p>A Ford tamb\u00e9m recebeu, pelo terceiro ano consecutivo, nota A- pelos seus esfor\u00e7os integrados de sustentabilidade. Como parte do compromisso de reduzir as emiss\u00f5es de CO2, em linha com o Acordo de Paris, a empresa est\u00e1 investindo US$ 11 bilh\u00f5es para lan\u00e7ar 16 ve\u00edculos totalmente el\u00e9tricos at\u00e9 2022 e ampliar seu portf\u00f3lio global para 40 ve\u00edculos h\u00edbridos e el\u00e9tricos. Em 2017, a Ford atingiu a meta de reduzir em 30% suas emiss\u00f5es globais de di\u00f3xido de carbono por ve\u00edculo produzido que estava programada para 2025 \u2013 oito anos antes do previsto.<\/p>&nbsp;&nbsp;\n<p>\u201cParab\u00e9ns a todas as empresas que entraram na lista A da CDP este ano\u201d, diz Paul Simpson, CEO da CDP. \u201cConforme a gravidade dos riscos ambientais se torna mais evidente, essas s\u00e3o as empresas que est\u00e3o se posicionando para fornecer solu\u00e7\u00f5es e aproveitar novas oportunidades de mercado na transi\u00e7\u00e3o para uma economia sustent\u00e1vel. Precisamos intensificar urgentemente a a\u00e7\u00e3o ambiental em todos os n\u00edveis. Est\u00e1 claro que o mundo dos neg\u00f3cios \u00e9 um elemento essencial nessa transi\u00e7\u00e3o e que as empresas da lista A est\u00e3o preparadas a dar uma contribui\u00e7\u00e3o substancial para essas metas.\u201d<\/p>\n<p>A sigla CDP vem do nome anterior da organiza\u00e7\u00e3o, Carbon Disclosure Project. Mais informa\u00e7\u00f5es sobre as a\u00e7\u00f5es da Ford voltadas \u00e0 mudan\u00e7a clim\u00e1tica, conserva\u00e7\u00e3o da \u00e1gua e qualidade do ar, entre outras, est\u00e3o dispon\u00edveis no relat\u00f3rio de sustentabilidade da empresa, no sustainability.ford.com (em ingl\u00eas).<\/p>&nbsp;&nbsp;\n<\/div>\n","protected":false},"excerpt":{"rendered":"<p>A Ford foi reconhecida pelo quarto ano consecutivo com nota A em conserva\u00e7\u00e3o de \u00e1gua&#8230;<\/p>\n","protected":false},"author":1,"featured_media":0,"comment_status":"open","ping_status":"open","sticky":false,"template":"","format":"standard","meta":{"fifu_image_url":"","fifu_image_alt":"","footnotes":""},"categories":[727],"tags":[1589],"class_list":["post-73796","post","type-post","status-publish","format-standard","hentry","category-noticias","tag-veiculos","wpcat-727-id"],"_links":{"self":[{"href":"https:\/\/verde-amarelo.net\/verdeamarelo\/wp-json\/wp\/v2\/posts\/73796","targetHints":{"allow":["GET"]}}],"collection":[{"href":"https:\/\/verde-amarelo.net\/verdeamarelo\/wp-json\/wp\/v2\/posts"}],"about":[{"href":"https:\/\/verde-amarelo.net\/verdeamarelo\/wp-json\/wp\/v2\/types\/post"}],"author":[{"embeddable":true,"href":"https:\/\/verde-amarelo.net\/verdeamarelo\/wp-json\/wp\/v2\/users\/1"}],"replies":[{"embeddable":true,"href":"https:\/\/verde-amarelo.net\/verdeamarelo\/wp-json\/wp\/v2\/comments?post=73796"}],"version-history":[{"count":0,"href":"https:\/\/verde-amarelo.net\/verdeamarelo\/wp-json\/wp\/v2\/posts\/73796\/revisions"}],"wp:attachment":[{"href":"https:\/\/verde-amarelo.net\/verdeamarelo\/wp-json\/wp\/v2\/media?parent=73796"}],"wp:term":[{"taxonomy":"category","embeddable":true,"href":"https:\/\/verde-amarelo.net\/verdeamarelo\/wp-json\/wp\/v2\/categories?post=73796"},{"taxonomy":"post_tag","embeddable":true,"href":"https:\/\/verde-amarelo.net\/verdeamarelo\/wp-json\/wp\/v2\/tags?post=73796"}],"curies":[{"name":"wp","href":"https:\/\/api.w.org\/{rel}","templated":true}]}}