{"id":73797,"date":"2019-02-06T20:11:45","date_gmt":"2019-02-06T22:11:45","guid":{"rendered":"https:\/\/verde-amarelo.net\/verdeamarelo\/2019\/02\/mercedes-benz-mostra-vantagens-da-sua-linha-de-caminhoes-para-o-agronegocio-na-coopavel\/"},"modified":"2019-02-06T20:11:45","modified_gmt":"2019-02-06T22:11:45","slug":"mercedes-benz-mostra-vantagens-da-sua-linha-de-caminhoes-para-o-agronegocio-na-coopavel","status":"publish","type":"post","link":"https:\/\/verde-amarelo.net\/verdeamarelo\/2019\/02\/mercedes-benz-mostra-vantagens-da-sua-linha-de-caminhoes-para-o-agronegocio-na-coopavel\/","title":{"rendered":"Mercedes-Benz mostra vantagens da sua linha de caminh\u00f5es para o agroneg\u00f3cio na Coopavel"},"content":{"rendered":"<div><img decoding=\"async\" src=\"data:image\/gif;base64,R0lGODlhAQABAIAAAAAAAP\/\/\/ywAAAAAAQABAAACAUwAOw==\" fifu-lazy=\"1\" fifu-data-sizes=\"auto\" fifu-data-srcset=\"https:\/\/i2.wp.com\/www.truckbrasil.com.br\/wp\/wp-content\/uploads\/2019\/02\/mercedes-benz-mostra-vantagens-da-sua-linha-de-caminhoes-para-o-agronegocio-na-coopavel.jpg?ssl=1&w=75&resize=75&ssl=1 75w, https:\/\/i2.wp.com\/www.truckbrasil.com.br\/wp\/wp-content\/uploads\/2019\/02\/mercedes-benz-mostra-vantagens-da-sua-linha-de-caminhoes-para-o-agronegocio-na-coopavel.jpg?ssl=1&w=100&resize=100&ssl=1 100w, https:\/\/i2.wp.com\/www.truckbrasil.com.br\/wp\/wp-content\/uploads\/2019\/02\/mercedes-benz-mostra-vantagens-da-sua-linha-de-caminhoes-para-o-agronegocio-na-coopavel.jpg?ssl=1&w=150&resize=150&ssl=1 150w, https:\/\/i2.wp.com\/www.truckbrasil.com.br\/wp\/wp-content\/uploads\/2019\/02\/mercedes-benz-mostra-vantagens-da-sua-linha-de-caminhoes-para-o-agronegocio-na-coopavel.jpg?ssl=1&w=240&resize=240&ssl=1 240w, https:\/\/i2.wp.com\/www.truckbrasil.com.br\/wp\/wp-content\/uploads\/2019\/02\/mercedes-benz-mostra-vantagens-da-sua-linha-de-caminhoes-para-o-agronegocio-na-coopavel.jpg?ssl=1&w=320&resize=320&ssl=1 320w, https:\/\/i2.wp.com\/www.truckbrasil.com.br\/wp\/wp-content\/uploads\/2019\/02\/mercedes-benz-mostra-vantagens-da-sua-linha-de-caminhoes-para-o-agronegocio-na-coopavel.jpg?ssl=1&w=500&resize=500&ssl=1 500w, https:\/\/i2.wp.com\/www.truckbrasil.com.br\/wp\/wp-content\/uploads\/2019\/02\/mercedes-benz-mostra-vantagens-da-sua-linha-de-caminhoes-para-o-agronegocio-na-coopavel.jpg?ssl=1&w=640&resize=640&ssl=1 640w, https:\/\/i2.wp.com\/www.truckbrasil.com.br\/wp\/wp-content\/uploads\/2019\/02\/mercedes-benz-mostra-vantagens-da-sua-linha-de-caminhoes-para-o-agronegocio-na-coopavel.jpg?ssl=1&w=800&resize=800&ssl=1 800w, https:\/\/i2.wp.com\/www.truckbrasil.com.br\/wp\/wp-content\/uploads\/2019\/02\/mercedes-benz-mostra-vantagens-da-sua-linha-de-caminhoes-para-o-agronegocio-na-coopavel.jpg?ssl=1&w=1024&resize=1024&ssl=1 1024w, https:\/\/i2.wp.com\/www.truckbrasil.com.br\/wp\/wp-content\/uploads\/2019\/02\/mercedes-benz-mostra-vantagens-da-sua-linha-de-caminhoes-para-o-agronegocio-na-coopavel.jpg?ssl=1&w=1280&resize=1280&ssl=1 1280w, https:\/\/i2.wp.com\/www.truckbrasil.com.br\/wp\/wp-content\/uploads\/2019\/02\/mercedes-benz-mostra-vantagens-da-sua-linha-de-caminhoes-para-o-agronegocio-na-coopavel.jpg?ssl=1&w=1600&resize=1600&ssl=1 1600w\" fifu-data-src=\"https:\/\/i2.wp.com\/www.truckbrasil.com.br\/wp\/wp-content\/uploads\/2019\/02\/mercedes-benz-mostra-vantagens-da-sua-linha-de-caminhoes-para-o-agronegocio-na-coopavel.jpg?ssl=1\" class=\"ff-og-image-inserted\"\/><\/div>\n<div readability=\"34\">\n<p>\u00b7Caminh\u00f5es extrapesados s\u00e3o reconhecidos pela for\u00e7a e robustez nas severas aplica\u00e7\u00f5es rodovi\u00e1rias e fora de estrada no transporte de gr\u00e3os, cana-de-a\u00e7\u00facar e madeira<\/p>\n<\/div>\n<div readability=\"120\">\n<p>\u00b7Solu\u00e7\u00f5es Mercedes-Benz para o agroneg\u00f3cio incluem o sistema de gest\u00e3o de frota e rastreamento Fleetboard e Planos de Manuten\u00e7\u00e3o<\/p>\n<p>\u00b7Caminh\u00f5es e chassi Sprinter s\u00e3o atra\u00e7\u00f5es da marca no Show Rural Coopavel, em Cascavel<\/p>\n<p>Os caminh\u00f5es extrapesados Mercedes-Benz Actros e Axor, amplamente reconhecidos nas atividades de transporte e log\u00edstica do agroneg\u00f3cio pela produtividade e rentabilidade, s\u00e3o atra\u00e7\u00f5es da marca no principal evento paranaense do setor e um dos maiores do Brasil, o Show Rural Coopavel. A 31\u00aa edi\u00e7\u00e3o da feira ser\u00e1 realizada at\u00e9 o dia 8 de fevereiro, \u00e0s margens da BR-277, km 577, bairro de Centralito, em Cascavel, no Oeste do Paran\u00e1.<\/p>&nbsp;&nbsp;\n<p>Al\u00e9m de modelos Actros e Axor, o estande da marca, de 450 m\u00b2, traz mais destaques: o leve Accelo 815, os semipesados Atego 1729 e 3030 8&#215;2 e o chassi Sprinter 313 CDI Street. O atendimento aos clientes e visitantes est\u00e1 a cargo do concession\u00e1rio Vegrande (Ing\u00e1 Ve\u00edculos), de Cascavel.<\/p>&nbsp;&nbsp;\n<p>O Paran\u00e1 \u00e9 um forte produtor de gr\u00e3os do Brasil \u2013 \u00e9 o 1\u00ba estado da regi\u00e3o Sul e o 2\u00ba do Brasil, tanto em soja, quanto em milho. \u00c9 tamb\u00e9m o maior produtor de trigo do Pa\u00eds. Ainda na cadeia do agroneg\u00f3cio, \u00e9 um forte p\u00f3lo de produ\u00e7\u00e3o agroindustrial \u2013 o maior produtor de carne de frango e maior exportador e o 2\u00ba maior em abate de su\u00ednos, com destaque para a atua\u00e7\u00e3o das cooperativas de produtores rurais. \u00c9 tamb\u00e9m o maior produtor de cana-de-a\u00e7\u00facar da regi\u00e3o Sul e um dos maiores do Brasil.<\/p>&nbsp;&nbsp;\n<p>\u201cA for\u00e7a e o potencial do agroneg\u00f3cio paranaense criam excelentes perspectivas para neg\u00f3cios com caminh\u00f5es extrapesados\u201d, afirma Ari de Carvalho, diretor de Vendas e Marketing Caminh\u00f5es da Mercedes-Benz do Brasil. \u201cIsso refor\u00e7a nossa expectativa para o crescimento nas vendas desses caminh\u00f5es em 2019. Tamb\u00e9m nos apoiamos no crescente sucesso do Actros em v\u00e1rias regi\u00f5es, especialmente no agroneg\u00f3cio, para apostar no seu \u00eaxito tamb\u00e9m no Paran\u00e1 e no Sul. Como tamb\u00e9m confiamos muito no Axor off-road no setor canavieiro, onde \u00e9 refer\u00eancia de mercado em robustez, produtividade, conforto e excelente custo operacional\u201d.<\/p>&nbsp;&nbsp;\n<p>Amplo portf\u00f3lio de pe\u00e7as e servi\u00e7os \u00e9 destaque da marca<\/p>\n<p>Juntamente com a Vegrande (Ing\u00e1 Ve\u00edculos), a Mercedes-Benz tamb\u00e9m demonstra no evento as solu\u00e7\u00f5es de pr\u00e9 e de p\u00f3s-venda que oferece aos clientes, como o sistema de gest\u00e3o de frota e rastreamento Fleetboard, planos de manuten\u00e7\u00e3o, tr\u00eas linhas de pe\u00e7as de reposi\u00e7\u00e3o (genu\u00ednas, remanufaturadas e Alliance), financiamentos do Banco Mercedes-Benz (CDC, BNDES Finame, Leasing e Leasing Operacional), atrativos planos do Cons\u00f3rcio Mercedes-Benz e ofertas da unidade de neg\u00f3cios de seminovos SelecTrucks. Este abrangente portf\u00f3lio de pe\u00e7as e servi\u00e7os est\u00e1 dispon\u00edvel aos clientes por meio da Rede de Concession\u00e1rios, presente em todos os estados do Pa\u00eds.<\/p>&nbsp;&nbsp;\n<p>Sobre o Show Rural Coopavel<\/p>\n<p>O Show Rural Coopavel ocupa uma \u00e1rea de 720 mil m\u00b2. Com mais de 500 expositores, a expectativa \u00e9 que o evento atraia mais de 235.000 visitantes.<\/p>&nbsp;&nbsp;\n<p>Organizado pela Coopavel Cooperativa Agroindustrial, com cerca de 50 anos de atua\u00e7\u00e3o e 5,5 mil cooperados, o evento re\u00fane o que h\u00e1 de mais avan\u00e7ado em tecnologias, inova\u00e7\u00f5es e tend\u00eancias para o campo. Ele abre espa\u00e7o para a apresenta\u00e7\u00e3o de novas cultivares, agroqu\u00edmicos, m\u00e1quinas e implementos, al\u00e9m de inova\u00e7\u00f5es tecnol\u00f3gicas que tornam a atividade rural ainda mais sustent\u00e1vel e rent\u00e1vel. Entre os frequentadores incluem-se agricultores, pecuaristas, t\u00e9cnicos, pesquisadores, parceiros, acad\u00eamicos, empres\u00e1rios e autoridades.<\/p>&nbsp;&nbsp;\n<\/div>\n","protected":false},"excerpt":{"rendered":"<p>\u00b7Caminh\u00f5es extrapesados s\u00e3o reconhecidos pela for\u00e7a e robustez nas severas aplica\u00e7\u00f5es rodovi\u00e1rias e fora de&#8230;<\/p>\n","protected":false},"author":1,"featured_media":0,"comment_status":"open","ping_status":"open","sticky":false,"template":"","format":"standard","meta":{"fifu_image_url":"","fifu_image_alt":"","footnotes":""},"categories":[727],"tags":[1589],"class_list":["post-73797","post","type-post","status-publish","format-standard","hentry","category-noticias","tag-veiculos","wpcat-727-id"],"_links":{"self":[{"href":"https:\/\/verde-amarelo.net\/verdeamarelo\/wp-json\/wp\/v2\/posts\/73797","targetHints":{"allow":["GET"]}}],"collection":[{"href":"https:\/\/verde-amarelo.net\/verdeamarelo\/wp-json\/wp\/v2\/posts"}],"about":[{"href":"https:\/\/verde-amarelo.net\/verdeamarelo\/wp-json\/wp\/v2\/types\/post"}],"author":[{"embeddable":true,"href":"https:\/\/verde-amarelo.net\/verdeamarelo\/wp-json\/wp\/v2\/users\/1"}],"replies":[{"embeddable":true,"href":"https:\/\/verde-amarelo.net\/verdeamarelo\/wp-json\/wp\/v2\/comments?post=73797"}],"version-history":[{"count":0,"href":"https:\/\/verde-amarelo.net\/verdeamarelo\/wp-json\/wp\/v2\/posts\/73797\/revisions"}],"wp:attachment":[{"href":"https:\/\/verde-amarelo.net\/verdeamarelo\/wp-json\/wp\/v2\/media?parent=73797"}],"wp:term":[{"taxonomy":"category","embeddable":true,"href":"https:\/\/verde-amarelo.net\/verdeamarelo\/wp-json\/wp\/v2\/categories?post=73797"},{"taxonomy":"post_tag","embeddable":true,"href":"https:\/\/verde-amarelo.net\/verdeamarelo\/wp-json\/wp\/v2\/tags?post=73797"}],"curies":[{"name":"wp","href":"https:\/\/api.w.org\/{rel}","templated":true}]}}