{"id":73958,"date":"2019-02-19T00:20:04","date_gmt":"2019-02-19T03:20:04","guid":{"rendered":"https:\/\/verde-amarelo.net\/verdeamarelo\/2019\/02\/carpoint-news-passa-a-fornecer-conteudo-para-os-portais-uai-vrum-de-minas\/"},"modified":"2019-02-19T00:20:04","modified_gmt":"2019-02-19T03:20:04","slug":"carpoint-news-passa-a-fornecer-conteudo-para-os-portais-uai-vrum-de-minas","status":"publish","type":"post","link":"https:\/\/verde-amarelo.net\/verdeamarelo\/2019\/02\/carpoint-news-passa-a-fornecer-conteudo-para-os-portais-uai-vrum-de-minas\/","title":{"rendered":"CarPoint News passa a fornecer conte\u00fado para os portais UAI\/VRUM de Minas"},"content":{"rendered":"<p><a href=\"http:\/\/www.carpointnews.com.br\/2019\/02\/19\/carpoint-fornecer-conteudo\/img_6154\/\" rel=\"attachment wp-att-70565\"><img \"alignnone size-full wp-image-70565&#8243; src=&#8221;http:\/\/www.carpointnews.com.br\/wp-content\/uploads\/2019\/02\/IMG_6154.jpg&#8221; alt=&#8221;&#8221; width=&#8221;500&#8243; height=&#8221;500&#8243; srcset=&#8221;http:\/\/www.carpointnews.com.br\/wp-content\/uploads\/2019\/02\/IMG_6154.jpg 500w, http:\/\/www.carpointnews.com.br\/wp-content\/uploads\/2019\/02\/IMG_6154-150&#215;150.jpg 150w, http:\/\/www.carpointnews.com.br\/wp-content\/uploads\/2019\/02\/IMG_6154-300&#215;300.jpg 300w, http:\/\/www.carpointnews.com.br\/wp-content\/uploads\/2019\/02\/IMG_6154-50&#215;50.jpg 50w, http:\/\/www.carpointnews.com.br\/wp-content\/uploads\/2019\/02\/IMG_6154-180&#215;180.jpg 180w&#8221; sizes=&#8221;(max-width: 500px) 100vw, 500px&#8221;\/><\/a><\/p>\n<p>O <strong>CarPoint News<\/strong> passa a fornecer conte\u00fado automotivo para os portais UAI\/VRUM de Minas Gerais. O site passa a fazer parte da \u00e1rea de not\u00edcias automotivas nos dois portais.<\/p>&nbsp;&nbsp;\n<p>O convite foi feito pelo portal UAI\/VRUM, que logo foi aceito. O VRUM junto com o UAI \u00e9 um dos principais portais do segmento automotivo e para quem quiser encontrar informa\u00e7\u00f5es do site CarPoint News, agora pode tamb\u00e9m acessar diretamente atrav\u00e9s dos links: <a onclick=\"javascript:_gaq.push(['_trackPageview', '\/out\/blogs.uai.com.br\/carpointnews\/']);\" href=\"https:\/\/blogs.uai.com.br\/carpointnews\/\">https:\/\/blogs.uai.com.br\/carpointnews\/<\/a> \/ <a onclick=\"javascript:_gaq.push(['_trackPageview', '\/out\/www.vrum.com.br\/']);\" href=\"https:\/\/www.vrum.com.br\/\">https:\/\/www.vrum.com.br\/<\/a><\/p>\n<p><a href=\"http:\/\/www.carpointnews.com.br\/2019\/02\/19\/carpoint-fornecer-conteudo\/capa-blog-uai-140219\/\" rel=\"attachment wp-att-70564\"><img \"alignnone size-full wp-image-70564&#8243; src=&#8221;http:\/\/www.carpointnews.com.br\/wp-content\/uploads\/2019\/02\/Capa-Blog-UAI-140219.jpg&#8221; alt=&#8221;&#8221; width=&#8221;500&#8243; height=&#8221;313&#8243; srcset=&#8221;http:\/\/www.carpointnews.com.br\/wp-content\/uploads\/2019\/02\/Capa-Blog-UAI-140219.jpg 500w, http:\/\/www.carpointnews.com.br\/wp-content\/uploads\/2019\/02\/Capa-Blog-UAI-140219-300&#215;188.jpg 300w, http:\/\/www.carpointnews.com.br\/wp-content\/uploads\/2019\/02\/Capa-Blog-UAI-140219-180&#215;113.jpg 180w, http:\/\/www.carpointnews.com.br\/wp-content\/uploads\/2019\/02\/Capa-Blog-UAI-140219-150&#215;94.jpg 150w&#8221; sizes=&#8221;(max-width: 500px) 100vw, 500px&#8221;\/><\/a><\/p>\n<p>O portal tem mais de 2 milh\u00f5es de <em>page views<\/em> mensais. Para se ter uma ideia do potencial e import\u00e2ncia do Portal UAI\/VRUM, no ano passado ele alcan\u00e7ou o pico de 126 milh\u00f5es de visualiza\u00e7\u00f5es em apena um m\u00eas, terceira marca hist\u00f3rica do ano. (Fonte: <a onclick=\"javascript:_gaq.push(['_trackPageview', '\/out\/www.em.com.br\/app\/noticia\/gerais\/2018\/11\/13\/interna_gerais,1005318\/portal-uai-bate-recorde-de-audiencia.shtml']);\" href=\"https:\/\/www.em.com.br\/app\/noticia\/gerais\/2018\/11\/13\/interna_gerais,1005318\/portal-uai-bate-recorde-de-audiencia.shtml\">https:\/\/www.em.com.br\/app\/noticia\/gerais\/2018\/11\/13\/interna_gerais,1005318\/portal-uai-bate-recorde-de-audiencia.shtml<\/a>)<\/p>\n<p>\u201c<strong><em>A parceria surgiu como um presente, pois estou comemorando 10 anos do site CarPoint News e 14 anos no segmento automotivo. O reconhecimento de um portal t\u00e3o importante me faz ter certeza de que meu trabalho est\u00e1 sendo feito como se deve, mesmo com algumas dificuldades encontradas at\u00e9 hoje<\/em><\/strong>\u201d, se orgulha Marcus Lauria.<\/p>&nbsp;&nbsp;\n<p><a href=\"http:\/\/www.carpointnews.com.br\/2019\/02\/19\/carpoint-fornecer-conteudo\/jcia-494-150219-uai\/\" rel=\"attachment wp-att-70566\"><img \"alignnone size-full wp-image-70566&#8243; src=&#8221;http:\/\/www.carpointnews.com.br\/wp-content\/uploads\/2019\/02\/JCia-494-150219-UAI.jpg&#8221; alt=&#8221;&#8221; width=&#8221;500&#8243; height=&#8221;122&#8243; srcset=&#8221;http:\/\/www.carpointnews.com.br\/wp-content\/uploads\/2019\/02\/JCia-494-150219-UAI.jpg 500w, http:\/\/www.carpointnews.com.br\/wp-content\/uploads\/2019\/02\/JCia-494-150219-UAI-300&#215;73.jpg 300w, http:\/\/www.carpointnews.com.br\/wp-content\/uploads\/2019\/02\/JCia-494-150219-UAI-180&#215;44.jpg 180w, http:\/\/www.carpointnews.com.br\/wp-content\/uploads\/2019\/02\/JCia-494-150219-UAI-150&#215;37.jpg 150w&#8221; sizes=&#8221;(max-width: 500px) 100vw, 500px&#8221;\/><\/a><\/p>\n<p>Al\u00e9m da novidade do Portal UAI\/VRUM, a nossa equipe de jornalistas fornece conte\u00fado para outros sites e jornais, s\u00e3o eles: Jornal de Hoje de Nova Igua\u00e7u, Revista Torque, site Autos Giros, site do Autom\u00f3vel Clube Brasileiro \u2013 ligado a FIA, no CarroHoje.com e no Blog do Arnaldo Moreira, totalizando 5 m\u00eddias digitais e uma impressa. Atualmente a equipe do CPN conta com 4 rep\u00f3rteres, sendo 2 de motos (Andr\u00e9 Richers\/Eduardo Motoca, Flavio Luppi e o editor-chefe Marcelo Silva).<\/p>&nbsp;&nbsp;\n","protected":false},"excerpt":{"rendered":"<p>O portal tem mais de 2 milh\u00f5es de page views mensais. Para se ter uma&#8230;<\/p>\n","protected":false},"author":1,"featured_media":0,"comment_status":"open","ping_status":"open","sticky":false,"template":"","format":"standard","meta":{"fifu_image_url":"","fifu_image_alt":"","footnotes":""},"categories":[8699],"tags":[9556],"class_list":["post-73958","post","type-post","status-publish","format-standard","hentry","category-geralcarros","tag-carpoint-newscarrosnoticiasportais-uai-vrum-mg","wpcat-8699-id"],"_links":{"self":[{"href":"https:\/\/verde-amarelo.net\/verdeamarelo\/wp-json\/wp\/v2\/posts\/73958","targetHints":{"allow":["GET"]}}],"collection":[{"href":"https:\/\/verde-amarelo.net\/verdeamarelo\/wp-json\/wp\/v2\/posts"}],"about":[{"href":"https:\/\/verde-amarelo.net\/verdeamarelo\/wp-json\/wp\/v2\/types\/post"}],"author":[{"embeddable":true,"href":"https:\/\/verde-amarelo.net\/verdeamarelo\/wp-json\/wp\/v2\/users\/1"}],"replies":[{"embeddable":true,"href":"https:\/\/verde-amarelo.net\/verdeamarelo\/wp-json\/wp\/v2\/comments?post=73958"}],"version-history":[{"count":0,"href":"https:\/\/verde-amarelo.net\/verdeamarelo\/wp-json\/wp\/v2\/posts\/73958\/revisions"}],"wp:attachment":[{"href":"https:\/\/verde-amarelo.net\/verdeamarelo\/wp-json\/wp\/v2\/media?parent=73958"}],"wp:term":[{"taxonomy":"category","embeddable":true,"href":"https:\/\/verde-amarelo.net\/verdeamarelo\/wp-json\/wp\/v2\/categories?post=73958"},{"taxonomy":"post_tag","embeddable":true,"href":"https:\/\/verde-amarelo.net\/verdeamarelo\/wp-json\/wp\/v2\/tags?post=73958"}],"curies":[{"name":"wp","href":"https:\/\/api.w.org\/{rel}","templated":true}]}}