{"id":73959,"date":"2019-02-19T11:12:22","date_gmt":"2019-02-19T14:12:22","guid":{"rendered":"https:\/\/verde-amarelo.net\/verdeamarelo\/2019\/02\/val-de-cans-ganha-novos-voos-da-azul\/"},"modified":"2019-02-19T11:12:22","modified_gmt":"2019-02-19T14:12:22","slug":"val-de-cans-ganha-novos-voos-da-azul","status":"publish","type":"post","link":"https:\/\/verde-amarelo.net\/verdeamarelo\/2019\/02\/val-de-cans-ganha-novos-voos-da-azul\/","title":{"rendered":"Val-de-Cans ganha novos voos da Azul"},"content":{"rendered":"<div id=\"attachment_26023\" class=\"wp-caption alignleft\" readability=\"32\"><a href=\"http:\/\/www.cargonews.com.br\/wp-content\/uploads\/2019\/02\/Cr%C3%A9dito-Divulga%C3%A7%C3%A3o-Infraero-Batismo-AZUL.jpg\">&#8221; wp-image-26023&#8243; src=&#8221;https:\/\/www.truckbrasil.com.br\/wp\/wp-content\/uploads\/2019\/02\/val-de-cans-ganha-novos-voos-da-azul.jpg&#8221; alt=&#8221;&#8221; width=&#8221;443&#8243; height=&#8221;229&#8243; srcset=&#8221;http:\/\/www.cargonews.com.br\/wp-content\/uploads\/2019\/02\/Cr&#xE9;dito-Divulga&#xE7;&#xE3;o-Infraero-Batismo-AZUL-300&#215;155.jpg 300w, http:\/\/www.cargonews.com.br\/wp-content\/uploads\/2019\/02\/Cr&#xE9;dito-Divulga&#xE7;&#xE3;o-Infraero-Batismo-AZUL-768&#215;397.jpg 768w, http:\/\/www.cargonews.com.br\/wp-content\/uploads\/2019\/02\/Cr&#xE9;dito-Divulga&#xE7;&#xE3;o-Infraero-Batismo-AZUL-1024&#215;529.jpg 1024w, http:\/\/www.cargonews.com.br\/wp-content\/uploads\/2019\/02\/Cr&#xE9;dito-Divulga&#xE7;&#xE3;o-Infraero-Batismo-AZUL.jpg 1242w&#8221; sizes=&#8221;(max-width: 443px) 100vw, 443px&#8221;\/><\/a><\/p>\n<p class=\"wp-caption-text\">Cr\u00e9dito-Divulga\u00e7\u00e3o-Infraero \u2013 Batismo-AZUL<\/p>\n<\/div>\n<p>O Aeroporto Internacional de Bel\u00e9m\/Val-de-Cans (PA) inaugura um novo voo da Azul Linhas A\u00e9reas para Campinas (SP). Operado por um Airbus A320neo, com capacidade para 174 passageiros, a nova rota direta come\u00e7ar\u00e1 no dia 19\/2 e ter\u00e1 frequ\u00eancia di\u00e1ria, pousando \u00e0s 0h50 e decolando \u00e0s 1h30. A dura\u00e7\u00e3o da viagem ser\u00e1 de 3h35.<\/p>&nbsp;&nbsp;\n<p>Para marcar o in\u00edcio das opera\u00e7\u00f5es, a Infraero vai realizar o tradicional batismo de aeronave com jatos d\u2019\u00e1gua dos caminh\u00f5es de combate a inc\u00eandio da equipe de bombeiros do aeroporto, que acontecer\u00e1 logo depois do pouso em Bel\u00e9m.<\/p>&nbsp;&nbsp;\n<p>Outra novidade \u00e9 a entrada de um novo voo entre a capital paraense e Manaus (AM) a partir do dia 6 de maio. Operado tamb\u00e9m pela Azul, a conex\u00e3o direta e di\u00e1ria para o estado amazonense, ter\u00e1 sa\u00eddas programadas de Bel\u00e9m \u00e0s 6h30, de segunda a s\u00e1bado, e \u00e0s 7h40 aos domingos, com dura\u00e7\u00e3o de aproximadamente 2h10. O trecho possibilitar\u00e1 aos passageiros conex\u00f5es dom\u00e9sticas para Macap\u00e1 (AP), Marab\u00e1 (PA), Recife (PE), Caraj\u00e1s (PA) e Altamira (PA), al\u00e9m da conex\u00e3o internacional para Miami (Fort Lauderdale) via Bel\u00e9m.<\/p>&nbsp;&nbsp;\n<p>Para o superintendente de Val-de-Cans, F\u00e1bio Rodrigues, a grande conectividade do Aeroporto de Bel\u00e9m com o restante do pa\u00eds e a infraestrutura dispon\u00edvel foram pontos relevantes para a conquista dos voos. \u201cSomar os trechos \u00e0 nossa lista de destinos, fortalece o aeroporto como um importante hub da Azul, e repercute diretamente na satisfa\u00e7\u00e3o do p\u00fablico usu\u00e1rio que \u00e9 brindado com mais op\u00e7\u00f5es de escolha para as suas viagens\u201d, destacou.<\/p>&nbsp;&nbsp;\n<p>A adi\u00e7\u00e3o das rotas \u00e0 malha a\u00e9rea do estado amplia o n\u00famero frequ\u00eancias diretas partindo de Bel\u00e9m e abre portas para futuros voos dom\u00e9sticos e at\u00e9 internacionais. \u201cEstamos trabalhando para prospectar novos destinos e oferecer ainda mais conectividade e oportunidades aos nossos passageiros\u201d, acrescentou F\u00e1bio.<\/p>&nbsp;&nbsp;\n<p>O Aeroporto Internacional de Bel\u00e9m, que tem capacidade para receber at\u00e9 7,7 milh\u00f5es de passageiros por ano, registrou em 2018, 3,5 milh\u00f5es viajantes e 38 mil voos, entre pousos e decolagens \u2013 um incremento de 5,8% em rela\u00e7\u00e3o a 2017. Os dados se mant\u00e9m positivos neste in\u00edcio de ano, apresentando um acr\u00e9scimo de 4,2% com 330.732 pessoas transportadas pelo terminal no m\u00eas de janeiro, 13.544 a mais que os 317.188 usu\u00e1rios computados no mesmo per\u00edodo de 2017.<\/p>&nbsp;&nbsp;\n<p>Diariamente operam em Val-de-Cans uma m\u00e9dia de 100 voos comerciais regulares, de sete companhias a\u00e9reas \u2013 Avianca, Azul, Gol, Latam, MAP, Surinam e TAP. As rotas interligam Bel\u00e9m a diversos destinos brasileiros \u2013 Guarulhos (SP); Recife (PE); Bras\u00edlia (DF); Macap\u00e1 (AP); Altamira, Marab\u00e1 e Santar\u00e9m (PA); Rio de Janeiro (RJ); Confins (MG); Manaus (AM); Fortaleza (CE); S\u00e3o Lu\u00eds (MA); Cuiab\u00e1 (MT). J\u00e1 os voos internacionais ligam a capital paraense \u00e0 Europa, aos Estados Unidos, ao Suriname e \u00e0 Guiana Francesa.<\/p>&nbsp;&nbsp;\n<p>Assessoria de Imprensa<\/p>\n","protected":false},"excerpt":{"rendered":"<p>&#8221; wp-image-26023&#8243; src=&#8221;https:\/\/www.truckbrasil.com.br\/wp\/wp-content\/uploads\/2019\/02\/val-de-cans-ganha-novos-voos-da-azul.jpg&#8221; alt=&#8221;&#8221; width=&#8221;443&#8243; height=&#8221;229&#8243; srcset=&#8221;http:\/\/www.cargonews.com.br\/wp-content\/uploads\/2019\/02\/Cr&#xE9;dito-Divulga&#xE7;&#xE3;o-Infraero-Batismo-AZUL-300&#215;155.jpg 300w, http:\/\/www.cargonews.com.br\/wp-content\/uploads\/2019\/02\/Cr&#xE9;dito-Divulga&#xE7;&#xE3;o-Infraero-Batismo-AZUL-768&#215;397.jpg 768w, http:\/\/www.cargonews.com.br\/wp-content\/uploads\/2019\/02\/Cr&#xE9;dito-Divulga&#xE7;&#xE3;o-Infraero-Batismo-AZUL-1024&#215;529.jpg 1024w, http:\/\/www.cargonews.com.br\/wp-content\/uploads\/2019\/02\/Cr&#xE9;dito-Divulga&#xE7;&#xE3;o-Infraero-Batismo-AZUL.jpg 1242w&#8221; sizes=&#8221;(max-width:&#8230;<\/p>\n","protected":false},"author":1,"featured_media":0,"comment_status":"open","ping_status":"open","sticky":false,"template":"","format":"standard","meta":{"fifu_image_url":"","fifu_image_alt":"","footnotes":""},"categories":[8725],"tags":[9557],"class_list":["post-73959","post","type-post","status-publish","format-standard","hentry","category-geralmercado","tag-aeroporto-internacional-de-belemnoticias","wpcat-8725-id"],"_links":{"self":[{"href":"https:\/\/verde-amarelo.net\/verdeamarelo\/wp-json\/wp\/v2\/posts\/73959","targetHints":{"allow":["GET"]}}],"collection":[{"href":"https:\/\/verde-amarelo.net\/verdeamarelo\/wp-json\/wp\/v2\/posts"}],"about":[{"href":"https:\/\/verde-amarelo.net\/verdeamarelo\/wp-json\/wp\/v2\/types\/post"}],"author":[{"embeddable":true,"href":"https:\/\/verde-amarelo.net\/verdeamarelo\/wp-json\/wp\/v2\/users\/1"}],"replies":[{"embeddable":true,"href":"https:\/\/verde-amarelo.net\/verdeamarelo\/wp-json\/wp\/v2\/comments?post=73959"}],"version-history":[{"count":0,"href":"https:\/\/verde-amarelo.net\/verdeamarelo\/wp-json\/wp\/v2\/posts\/73959\/revisions"}],"wp:attachment":[{"href":"https:\/\/verde-amarelo.net\/verdeamarelo\/wp-json\/wp\/v2\/media?parent=73959"}],"wp:term":[{"taxonomy":"category","embeddable":true,"href":"https:\/\/verde-amarelo.net\/verdeamarelo\/wp-json\/wp\/v2\/categories?post=73959"},{"taxonomy":"post_tag","embeddable":true,"href":"https:\/\/verde-amarelo.net\/verdeamarelo\/wp-json\/wp\/v2\/tags?post=73959"}],"curies":[{"name":"wp","href":"https:\/\/api.w.org\/{rel}","templated":true}]}}