{"id":73961,"date":"2019-02-19T16:00:22","date_gmt":"2019-02-19T19:00:22","guid":{"rendered":"https:\/\/verde-amarelo.net\/verdeamarelo\/2019\/02\/diretoria-da-coopercarga-e-reeleita-em-mes-comemorativo-ao-aniversario-da-cooperativa\/"},"modified":"2019-02-19T16:00:22","modified_gmt":"2019-02-19T19:00:22","slug":"diretoria-da-coopercarga-e-reeleita-em-mes-comemorativo-ao-aniversario-da-cooperativa","status":"publish","type":"post","link":"https:\/\/verde-amarelo.net\/verdeamarelo\/2019\/02\/diretoria-da-coopercarga-e-reeleita-em-mes-comemorativo-ao-aniversario-da-cooperativa\/","title":{"rendered":"Diretoria da Coopercarga \u00e9 reeleita em m\u00eas comemorativo ao anivers\u00e1rio da cooperativa"},"content":{"rendered":"<div id=\"attachment_26030\" class=\"wp-caption alignleft\" readability=\"32\"><a href=\"http:\/\/www.cargonews.com.br\/wp-content\/uploads\/2019\/02\/01.jpg\">&#8221; wp-image-26030&#8243; src=&#8221;https:\/\/www.truckbrasil.com.br\/wp\/wp-content\/uploads\/2019\/02\/diretoria-da-coopercarga-e-reeleita-em-mes-comemorativo-ao-aniversario-da-cooperativa.jpg&#8221; alt=&#8221;&#8221; width=&#8221;473&#8243; height=&#8221;314&#8243; srcset=&#8221;https:\/\/www.truckbrasil.com.br\/wp\/wp-content\/uploads\/2019\/02\/diretoria-da-coopercarga-e-reeleita-em-mes-comemorativo-ao-aniversario-da-cooperativa.jpg 300w, http:\/\/www.cargonews.com.br\/wp-content\/uploads\/2019\/02\/01-768&#215;510.jpg 768w, http:\/\/www.cargonews.com.br\/wp-content\/uploads\/2019\/02\/01-1024&#215;680.jpg 1024w, http:\/\/www.cargonews.com.br\/wp-content\/uploads\/2019\/02\/01.jpg 1180w&#8221; sizes=&#8221;(max-width: 473px) 100vw, 473px&#8221;\/><\/a><\/p>\n<p class=\"wp-caption-text\">Diretoria da Coopercarga foi reeleita para os pr\u00f3ximos 04 anos<\/p>\n<\/div>\n<p>O m\u00eas de fevereiro \u00e9 especial para a Coopercarga. Os cooperados reelegeram a diretoria para os pr\u00f3ximos 04 anos, durante a realiza\u00e7\u00e3o da Assembleia Geral Ordin\u00e1ria (AGO), que ocorreu no dia 05. Al\u00e9m disso, a Coopercarga completou 29 anos de atua\u00e7\u00e3o, no dia 09. A comemora\u00e7\u00e3o contou com caf\u00e9 da manh\u00e3 especial, envolvendo cooperados, motoristas e colaboradores da Matriz e de todas as filiais, em cada unidade. Na oportunidade, o presidente, Osni Roman, realizou um pronunciamento, que foi transmitido ao vivo para todas as filiais espalhadas pelo Brasil.<\/p>&nbsp;&nbsp;\n<p>Um trabalho de sucesso precisa ter continuidade. Essa afirmativa foi confirmada pelos cooperados da Coopercarga, os quais votaram e reelegeram, por unanimidade, a atual diretoria para o exerc\u00edcio 2019\/2022. Osni Roman foi reeleito presidente, Paulo Simioni vice-presidente e Fernando Zanotti, secret\u00e1rio. Permanecem no conselho de administra\u00e7\u00e3o Ernani Thomaz, Pedro Farina e Darci Parisotto e ingressaram no conselho os cooperados Marcos Simioni, Ernesto Balsan e Telmo Pelizza.<\/p>&nbsp;&nbsp;\n<p>O Conselho Fiscal \u00e9 composto por Tiago Simioni, Carla Gottert, Angelite Z\u00edlio, Moacir Biffi, Neuri Agazzi e Lauri Terribile e o Conselho de \u00c9tica \u00e9 formado por \u00c9dio Signor, Linor Gastmann e Claudirlei Ansolin, todos cooperados da Coopercarga.<\/p>&nbsp;&nbsp;\n<p><strong>Comemora\u00e7\u00e3o aos 29 anos da Coopercarga<\/strong><\/p>\n<p>Um dos primeiros compromissos do presidente, ap\u00f3s a reelei\u00e7\u00e3o, foi na comemora\u00e7\u00e3o do anivers\u00e1rio da Coopercarga, que acontece no dia 09 de fevereiro, mas que, neste ano, foi realizada no dia 08. Osni fez um pronunciamento comemorativo aos 29 anos da cooperativa, acompanhado pessoalmente pelos colaboradores da Matriz, localizada em Conc\u00f3rdia, e cooperados locais, e transmitido ao vivo pela internet para todas as filiais e tamb\u00e9m pelas redes sociais.<\/p>&nbsp;&nbsp;\n<p>A Coopercarga tem uma hist\u00f3ria de crescimento, inova\u00e7\u00e3o e sucesso de quase tr\u00eas d\u00e9cadas no transporte rodovi\u00e1rio de cargas e log\u00edstica no Brasil e no Mercosul. Uma hist\u00f3ria que come\u00e7ou em 1990, com a uni\u00e3o de 143 pequenos transportadores que iniciaram essa trajet\u00f3ria dentro de um modelo novo para o segmento: o cooperativismo.<\/p>&nbsp;&nbsp;\n<p>\u201cMudamos muito desde a nossa funda\u00e7\u00e3o. Hoje, com tantos objetivos alcan\u00e7ados, temos outros sonhos, metas mais audaciosas, mas sem deixar a nossa ess\u00eancia de lado: o cooperativismo. Agrade\u00e7o, em nome do Conselho de Administra\u00e7\u00e3o da Coopercarga, a todos os cooperados que acreditaram e ainda acreditam em nossa cooperativa. Sem eles nada seria poss\u00edvel. Que por mais um ano continuemos entregando sucesso juntos a todos os nossos clientes, colaboradores e aos cooperados que temos em todos os cantos do nosso pa\u00eds. Parab\u00e9ns Coopercarga\u201d, finalizou Osni Roman, presidente da cooperativa.<\/p>&nbsp;&nbsp;\n<p><strong>29 anos de evolu\u00e7\u00e3o e inova\u00e7\u00e3o<\/strong><\/p>\n<p>A Coopercarga e o profissionalismo foram crescendo juntos, ano ap\u00f3s ano, contribuindo para a expans\u00e3o de todos os neg\u00f3cios nos quais a cooperativa ingressou. Com o passar do tempo, opera\u00e7\u00f5es de suporte log\u00edstico a toda cadeia de suprimentos foram sendo implantadas. A mudan\u00e7a foi fruto da evolu\u00e7\u00e3o e inova\u00e7\u00e3o \u2013 de pequena cooperativa, a Coopercarga passou a operadora log\u00edstica, oferecendo em seu portf\u00f3lio os servi\u00e7os de Armazenagem, Transfer\u00eancia Brasil, Transfer\u00eancia Mercosul, Distribui\u00e7\u00e3o Urbana e Postos de Combust\u00edveis. A Coopercarga conta ainda com as certifica\u00e7\u00f5es ISO 9001, ISO 14001 e SASSMAQ, garantindo aos seus clientes uma gest\u00e3o diferenciada e a entrega de um alto n\u00edvel de servi\u00e7o.<\/p>&nbsp;&nbsp;\n<p><strong>Saiba mais sobre o presidente da Coopercarga<\/strong><\/p>\n<p>A atua\u00e7\u00e3o de Osni Roman na Coopercarga nasceu junto com a cooperativa, h\u00e1 29 anos. Osni participou de todo o processo de cria\u00e7\u00e3o da cooperativa e atua na administra\u00e7\u00e3o desde o ano de 1995, quando foi eleito vice-presidente. Atuou tamb\u00e9m desde essa data como diretor comercial, gerindo alguns neg\u00f3cios espec\u00edficos, como o Centro Log\u00edstico, Distribui\u00e7\u00e3o Urbana, Postos de Abastecimento e Transfer\u00eancia Mercosul. Em 2011 assumiu a presid\u00eancia pela primeira vez, fun\u00e7\u00e3o na qual permanece at\u00e9 hoje.<\/p>&nbsp;&nbsp;\n<p>\u201c\u00c9 um orgulho enorme estar, por mais um per\u00edodo, \u00e0 frente dessa cooperativa. Com o passar dos anos a Coopercarga vem crescendo, se desenvolvendo, inovando, o que nos possibilita estar cada vez mais na vitrine do transporte e log\u00edstica tanto no Brasil quanto no Mercosul. Que os pr\u00f3ximos 04 anos sejam de muitas conquistas para todos n\u00f3s\u201d, comentou Osni.<\/p>&nbsp;&nbsp;\n<p>Assessoria de Imprensa<\/p>\n","protected":false},"excerpt":{"rendered":"<p>&#8221; wp-image-26030&#8243; src=&#8221;https:\/\/www.truckbrasil.com.br\/wp\/wp-content\/uploads\/2019\/02\/diretoria-da-coopercarga-e-reeleita-em-mes-comemorativo-ao-aniversario-da-cooperativa.jpg&#8221; alt=&#8221;&#8221; width=&#8221;473&#8243; height=&#8221;314&#8243; srcset=&#8221;https:\/\/www.truckbrasil.com.br\/wp\/wp-content\/uploads\/2019\/02\/diretoria-da-coopercarga-e-reeleita-em-mes-comemorativo-ao-aniversario-da-cooperativa.jpg 300w, http:\/\/www.cargonews.com.br\/wp-content\/uploads\/2019\/02\/01-768&#215;510.jpg 768w, http:\/\/www.cargonews.com.br\/wp-content\/uploads\/2019\/02\/01-1024&#215;680.jpg 1024w, http:\/\/www.cargonews.com.br\/wp-content\/uploads\/2019\/02\/01.jpg 1180w&#8221; sizes=&#8221;(max-width:&#8230;<\/p>\n","protected":false},"author":1,"featured_media":0,"comment_status":"open","ping_status":"open","sticky":false,"template":"","format":"standard","meta":{"fifu_image_url":"","fifu_image_alt":"","footnotes":""},"categories":[8725],"tags":[9558],"class_list":["post-73961","post","type-post","status-publish","format-standard","hentry","category-geralmercado","tag-eventonoticias","wpcat-8725-id"],"_links":{"self":[{"href":"https:\/\/verde-amarelo.net\/verdeamarelo\/wp-json\/wp\/v2\/posts\/73961","targetHints":{"allow":["GET"]}}],"collection":[{"href":"https:\/\/verde-amarelo.net\/verdeamarelo\/wp-json\/wp\/v2\/posts"}],"about":[{"href":"https:\/\/verde-amarelo.net\/verdeamarelo\/wp-json\/wp\/v2\/types\/post"}],"author":[{"embeddable":true,"href":"https:\/\/verde-amarelo.net\/verdeamarelo\/wp-json\/wp\/v2\/users\/1"}],"replies":[{"embeddable":true,"href":"https:\/\/verde-amarelo.net\/verdeamarelo\/wp-json\/wp\/v2\/comments?post=73961"}],"version-history":[{"count":0,"href":"https:\/\/verde-amarelo.net\/verdeamarelo\/wp-json\/wp\/v2\/posts\/73961\/revisions"}],"wp:attachment":[{"href":"https:\/\/verde-amarelo.net\/verdeamarelo\/wp-json\/wp\/v2\/media?parent=73961"}],"wp:term":[{"taxonomy":"category","embeddable":true,"href":"https:\/\/verde-amarelo.net\/verdeamarelo\/wp-json\/wp\/v2\/categories?post=73961"},{"taxonomy":"post_tag","embeddable":true,"href":"https:\/\/verde-amarelo.net\/verdeamarelo\/wp-json\/wp\/v2\/tags?post=73961"}],"curies":[{"name":"wp","href":"https:\/\/api.w.org\/{rel}","templated":true}]}}