{"id":73962,"date":"2019-02-19T13:00:39","date_gmt":"2019-02-19T16:00:39","guid":{"rendered":"https:\/\/verde-amarelo.net\/verdeamarelo\/2019\/02\/ampliacao-de-fabrica-de-vidros-deve-gerar-900-empregos-no-interior-de-sao-paulo\/"},"modified":"2019-02-19T13:00:39","modified_gmt":"2019-02-19T16:00:39","slug":"ampliacao-de-fabrica-de-vidros-deve-gerar-900-empregos-no-interior-de-sao-paulo","status":"publish","type":"post","link":"https:\/\/verde-amarelo.net\/verdeamarelo\/2019\/02\/ampliacao-de-fabrica-de-vidros-deve-gerar-900-empregos-no-interior-de-sao-paulo\/","title":{"rendered":"Amplia\u00e7\u00e3o de f\u00e1brica de vidros deve gerar 900 empregos no interior de S\u00e3o Paulo"},"content":{"rendered":"<div class=\"single_post_title\" readability=\"8.8\">\n<p class=\"post-meta meta-main-img\"><span class=\"post-date updated\">fev 19, 2019<\/span><span class=\"vcard post-author meta-user\"><span class=\"fn\"><a href=\"http:\/\/www.cargonews.com.br\/author\/luizantonio\/\" title=\"Posts de Administrador Cargo News\" rel=\"author\">Administrador Cargo News<\/a><\/span><\/span><span class=\"meta-cat\"><a href=\"http:\/\/www.cargonews.com.br\/category\/noticias\/\" rel=\"category tag\">Not\u00edcias<\/a><\/span><\/p>\n<\/div>\n<div class=\"post_content\" readability=\"45\">\n<div id=\"attachment_26026\" class=\"wp-caption alignleft\"><a href=\"http:\/\/www.cargonews.com.br\/wp-content\/uploads\/2019\/02\/Predio-de-Vidro.jpg\">&#8221; wp-image-26026&#8243; src=&#8221;https:\/\/www.truckbrasil.com.br\/wp\/wp-content\/uploads\/2019\/02\/ampliacao-de-fabrica-de-vidros-deve-gerar-900-empregos-no-interior-de-sao-paulo.jpg&#8221; alt=&#8221;&#8221; width=&#8221;442&#8243; height=&#8221;292&#8243; srcset=&#8221;https:\/\/www.truckbrasil.com.br\/wp\/wp-content\/uploads\/2019\/02\/ampliacao-de-fabrica-de-vidros-deve-gerar-900-empregos-no-interior-de-sao-paulo.jpg 300w, http:\/\/www.cargonews.com.br\/wp-content\/uploads\/2019\/02\/Predio-de-Vidro-768&#215;506.jpg 768w, http:\/\/www.cargonews.com.br\/wp-content\/uploads\/2019\/02\/Predio-de-Vidro-1024&#215;674.jpg 1024w, http:\/\/www.cargonews.com.br\/wp-content\/uploads\/2019\/02\/Predio-de-Vidro.jpg 1180w&#8221; sizes=&#8221;(max-width: 442px) 100vw, 442px&#8221;\/><\/a><\/p>\n<p class=\"wp-caption-text\">Imagem Ilustrativa<\/p>\n<\/div>\n<p>\u00b7 Com financiamento de R$ 140 milh\u00f5es do BNDES, AGC Vidros do Brasil pretende ampliar a capacidade de produ\u00e7\u00e3o em Guaratinguet\u00e1<\/p>\n<p>O Banco Nacional de Desenvolvimento Econ\u00f4mico e Social (BNDES) aprovou financiamento de R$ 140 milh\u00f5es \u00e0 AGC Vidros do Brasil, no \u00e2mbito da linha Finem Direto. O apoio representa 20% do investimento total da companhia no projeto, que visa ampliar a capacidade de produ\u00e7\u00e3o da f\u00e1brica do grupo em Guaratinguet\u00e1, interior de S\u00e3o Paulo.<\/p>&nbsp;&nbsp;\n<p><strong>Saiba mais na Ag\u00eancia BNDES de Not\u00edcias:<\/strong><br \/>https:\/\/agenciadenoticias.bndes.gov.br\/detalhe\/noticia\/Ampliacao-de-fabrica-de-vidros-deve-gerar-900-empregos-no-interior-de-Sao-Paulo\/<\/p>\n<\/div>\n<hr class=\"none\"\/>\n<div class=\"postnav\"><span class=\"left\"><a href=\"http:\/\/www.cargonews.com.br\/diretoria-da-coopercarga-e-reeleita-em-mes-comemorativo-ao-aniversario\/\" id=\"prepost\"><span>Not\u00edcia Anterior<\/span>Diretoria da Coopercarga \u00e9 reeleita em m\u00eas comemorativo ao anivers\u00e1rio da cooperativa<\/a><\/span> <span class=\"right\"> <a href=\"http:\/\/www.cargonews.com.br\/val-de-cans-ganha-novos-voos-da-azul\/\" id=\"nextpost\"><span>Pr\u00f3xima Not\u00edcia<\/span>Val-de-Cans ganha novos voos da Azul<\/a><\/span><\/div>\n<hr class=\"none\"\/>\n<div class=\"auth\">\n<div class=\"author-info\">\n<div class=\"author-avatar\"><img decoding=\"async\" src=\"data:image\/gif;base64,R0lGODlhAQABAIAAAAAAAP\/\/\/ywAAAAAAQABAAACAUwAOw==\" fifu-lazy=\"1\" fifu-data-sizes=\"auto\" fifu-data-srcset=\"https:\/\/i2.wp.com\/www.truckbrasil.com.br\/wp\/wp-content\/uploads\/2019\/02\/ampliacao-de-fabrica-de-vidros-deve-gerar-900-empregos-no-interior-de-sao-paulo-1.jpg?ssl=1&w=75&resize=75&ssl=1 75w, https:\/\/i2.wp.com\/www.truckbrasil.com.br\/wp\/wp-content\/uploads\/2019\/02\/ampliacao-de-fabrica-de-vidros-deve-gerar-900-empregos-no-interior-de-sao-paulo-1.jpg?ssl=1&w=100&resize=100&ssl=1 100w, https:\/\/i2.wp.com\/www.truckbrasil.com.br\/wp\/wp-content\/uploads\/2019\/02\/ampliacao-de-fabrica-de-vidros-deve-gerar-900-empregos-no-interior-de-sao-paulo-1.jpg?ssl=1&w=150&resize=150&ssl=1 150w, https:\/\/i2.wp.com\/www.truckbrasil.com.br\/wp\/wp-content\/uploads\/2019\/02\/ampliacao-de-fabrica-de-vidros-deve-gerar-900-empregos-no-interior-de-sao-paulo-1.jpg?ssl=1&w=240&resize=240&ssl=1 240w, https:\/\/i2.wp.com\/www.truckbrasil.com.br\/wp\/wp-content\/uploads\/2019\/02\/ampliacao-de-fabrica-de-vidros-deve-gerar-900-empregos-no-interior-de-sao-paulo-1.jpg?ssl=1&w=320&resize=320&ssl=1 320w, https:\/\/i2.wp.com\/www.truckbrasil.com.br\/wp\/wp-content\/uploads\/2019\/02\/ampliacao-de-fabrica-de-vidros-deve-gerar-900-empregos-no-interior-de-sao-paulo-1.jpg?ssl=1&w=500&resize=500&ssl=1 500w, https:\/\/i2.wp.com\/www.truckbrasil.com.br\/wp\/wp-content\/uploads\/2019\/02\/ampliacao-de-fabrica-de-vidros-deve-gerar-900-empregos-no-interior-de-sao-paulo-1.jpg?ssl=1&w=640&resize=640&ssl=1 640w, https:\/\/i2.wp.com\/www.truckbrasil.com.br\/wp\/wp-content\/uploads\/2019\/02\/ampliacao-de-fabrica-de-vidros-deve-gerar-900-empregos-no-interior-de-sao-paulo-1.jpg?ssl=1&w=800&resize=800&ssl=1 800w, https:\/\/i2.wp.com\/www.truckbrasil.com.br\/wp\/wp-content\/uploads\/2019\/02\/ampliacao-de-fabrica-de-vidros-deve-gerar-900-empregos-no-interior-de-sao-paulo-1.jpg?ssl=1&w=1024&resize=1024&ssl=1 1024w, https:\/\/i2.wp.com\/www.truckbrasil.com.br\/wp\/wp-content\/uploads\/2019\/02\/ampliacao-de-fabrica-de-vidros-deve-gerar-900-empregos-no-interior-de-sao-paulo-1.jpg?ssl=1&w=1280&resize=1280&ssl=1 1280w, https:\/\/i2.wp.com\/www.truckbrasil.com.br\/wp\/wp-content\/uploads\/2019\/02\/ampliacao-de-fabrica-de-vidros-deve-gerar-900-empregos-no-interior-de-sao-paulo-1.jpg?ssl=1&w=1600&resize=1600&ssl=1 1600w\" fifu-data-src=\"https:\/\/i2.wp.com\/www.truckbrasil.com.br\/wp\/wp-content\/uploads\/2019\/02\/ampliacao-de-fabrica-de-vidros-deve-gerar-900-empregos-no-interior-de-sao-paulo-1.jpg?ssl=1\" width=\"90\" height=\"79\" alt=\"\" class=\"avatar avatar-90 wp-user-avatar wp-user-avatar-90 photo avatar-default\"\/><\/div>\n<\/p><\/div>\n<\/div>\n<div class=\"related-posts\">\n<p><h2>Mat\u00e9rias relacionadas<\/h2>\n<\/p><\/div>\n<hr class=\"none\"\/>\n","protected":false},"excerpt":{"rendered":"<p>fev 19, 2019Administrador Cargo NewsNot\u00edcias &#8221; wp-image-26026&#8243; src=&#8221;https:\/\/www.truckbrasil.com.br\/wp\/wp-content\/uploads\/2019\/02\/ampliacao-de-fabrica-de-vidros-deve-gerar-900-empregos-no-interior-de-sao-paulo.jpg&#8221; alt=&#8221;&#8221; width=&#8221;442&#8243; height=&#8221;292&#8243; srcset=&#8221;https:\/\/www.truckbrasil.com.br\/wp\/wp-content\/uploads\/2019\/02\/ampliacao-de-fabrica-de-vidros-deve-gerar-900-empregos-no-interior-de-sao-paulo.jpg 300w, http:\/\/www.cargonews.com.br\/wp-content\/uploads\/2019\/02\/Predio-de-Vidro-768&#215;506.jpg 768w,&#8230;<\/p>\n","protected":false},"author":1,"featured_media":0,"comment_status":"open","ping_status":"open","sticky":false,"template":"","format":"standard","meta":{"fifu_image_url":"","fifu_image_alt":"","footnotes":""},"categories":[8725],"tags":[9559],"class_list":["post-73962","post","type-post","status-publish","format-standard","hentry","category-geralmercado","tag-fabrica-de-vidrosnoticias","wpcat-8725-id"],"_links":{"self":[{"href":"https:\/\/verde-amarelo.net\/verdeamarelo\/wp-json\/wp\/v2\/posts\/73962","targetHints":{"allow":["GET"]}}],"collection":[{"href":"https:\/\/verde-amarelo.net\/verdeamarelo\/wp-json\/wp\/v2\/posts"}],"about":[{"href":"https:\/\/verde-amarelo.net\/verdeamarelo\/wp-json\/wp\/v2\/types\/post"}],"author":[{"embeddable":true,"href":"https:\/\/verde-amarelo.net\/verdeamarelo\/wp-json\/wp\/v2\/users\/1"}],"replies":[{"embeddable":true,"href":"https:\/\/verde-amarelo.net\/verdeamarelo\/wp-json\/wp\/v2\/comments?post=73962"}],"version-history":[{"count":0,"href":"https:\/\/verde-amarelo.net\/verdeamarelo\/wp-json\/wp\/v2\/posts\/73962\/revisions"}],"wp:attachment":[{"href":"https:\/\/verde-amarelo.net\/verdeamarelo\/wp-json\/wp\/v2\/media?parent=73962"}],"wp:term":[{"taxonomy":"category","embeddable":true,"href":"https:\/\/verde-amarelo.net\/verdeamarelo\/wp-json\/wp\/v2\/categories?post=73962"},{"taxonomy":"post_tag","embeddable":true,"href":"https:\/\/verde-amarelo.net\/verdeamarelo\/wp-json\/wp\/v2\/tags?post=73962"}],"curies":[{"name":"wp","href":"https:\/\/api.w.org\/{rel}","templated":true}]}}