{"id":74023,"date":"2019-02-25T15:00:11","date_gmt":"2019-02-25T18:00:11","guid":{"rendered":"https:\/\/verde-amarelo.net\/verdeamarelo\/2019\/02\/acao-conjunta-para-o-agronegocio\/"},"modified":"2024-04-25T18:26:50","modified_gmt":"2024-04-25T21:26:50","slug":"acao-conjunta-para-o-agronegocio","status":"publish","type":"post","link":"https:\/\/verde-amarelo.net\/verdeamarelo\/2019\/02\/acao-conjunta-para-o-agronegocio\/","title":{"rendered":"A\u00e7\u00e3o conjunta para o agroneg\u00f3cio"},"content":{"rendered":"<blockquote class=\"quote_content\">\n<p><span>Milton Louren\u00e7o (*)<\/span><\/p>\n<\/blockquote>\n<p><a href=\"http:\/\/www.cargonews.com.br\/wp-content\/uploads\/2019\/02\/MILTON-PREVIEW-5.jpg\">&#8220;size-medium wp-image-26160 alignleft&#8221; src=&#8221;https:\/\/www.truckbrasil.com.br\/wp\/wp-content\/uploads\/2019\/02\/acao-conjunta-para-o-agronegocio.jpg&#8221; alt=&#8221;&#8221; width=&#8221;228&#8243; height=&#8221;300&#8243; srcset=&#8221;https:\/\/www.truckbrasil.com.br\/wp\/wp-content\/uploads\/2019\/02\/acao-conjunta-para-o-agronegocio.jpg 228w, http:\/\/www.cargonews.com.br\/wp-content\/uploads\/2019\/02\/MILTON-PREVIEW-5-768&#215;1012.jpg 768w, http:\/\/www.cargonews.com.br\/wp-content\/uploads\/2019\/02\/MILTON-PREVIEW-5-777&#215;1024.jpg 777w, http:\/\/www.cargonews.com.br\/wp-content\/uploads\/2019\/02\/MILTON-PREVIEW-5.jpg 861w&#8221; sizes=&#8221;(max-width: 228px) 100vw, 228px&#8221;\/><\/a>S\u00c3O PAULO \u2013 O Minist\u00e9rio da Infraestrutura acaba de anunciar retomada do transporte ferrovi\u00e1rio com a concess\u00e3o de tr\u00eas novas rodovias. Entre elas, est\u00e1 a licita\u00e7\u00e3o da Ferrogr\u00e3o (EF-170), prometida ainda para 2019 ou in\u00edcio de 2020. Essa ferrovia dever\u00e1 ligar os Estados do Mato Grosso e Par\u00e1, entre Sinop e o porto de Miritituba, em Itaituba, na margem direita do rio Tapaj\u00f3s, perto de Santar\u00e9m, de onde os navios podem sair carregados pelo Rio Amazonas at\u00e9 o Oceano Atl\u00e2ntico, com destino \u00e0 Europa e \u00e0 \u00c1sia, principais consumidores de gr\u00e3os brasileiros.<\/p>&nbsp;&nbsp;\n<p>Em mar\u00e7o, segundo o Minist\u00e9rio da Infraestrutura, ser\u00e1 lan\u00e7ada a licita\u00e7\u00e3o de uma linha f\u00e9rrea entre Porto Nacional-TO e Estrela d\u2019Oeste-SP, que dever\u00e1 ligar tamb\u00e9m o porto de Itaqui-MA ao Porto de Santos-SP. Com isso, a previs\u00e3o \u00e9 que at\u00e9 2025 a participa\u00e7\u00e3o do modal ferrovi\u00e1rio na matriz de transporte venha a dobrar, desafogando o modal rodovi\u00e1rio.<\/p>&nbsp;&nbsp;\n<p>Al\u00e9m colocar a Ferrogr\u00e3o para funcionar, o Minist\u00e9rio pretende prorrogar contratos de concess\u00e3o, usando outorgas devidas pela prorroga\u00e7\u00e3o dos contratos para construir novos segmentos. E o primeiro segmento previsto \u00e9 a Ferrovia Integrada do Centro-Oeste, entre \u00c1gua Boa-MT e Campinorte-GO, impulsionando o agroneg\u00f3cio no Vale do Araguaia.<\/p>&nbsp;&nbsp;\n<p>Se n\u00e3o se tratar apenas de uma carta de inten\u00e7\u00f5es, iniciativa comum em come\u00e7o de governo, a a\u00e7\u00e3o do Minist\u00e9rio da Infraestrutura vem em boa hora e ser\u00e1 decisiva para acelerar o desenvolvimento do agroneg\u00f3cio, tirando caminh\u00f5es das rodovias e, especialmente, diminuindo os gastos com transporte at\u00e9 os principais portos do Pa\u00eds, que hoje, segundo estudo da Confedera\u00e7\u00e3o Nacional da Ind\u00fastria (CNI), representam cerca de 30% do custo total dos produtores de gr\u00e3os.<\/p>&nbsp;&nbsp;\n<p>De qualquer modo, \u00e9 necess\u00e1rio que essas iniciativas do Minist\u00e9rio da Infraestrutura sejam acompanhadas por outras que priorizem a utiliza\u00e7\u00e3o do modal hidrovi\u00e1rio. Dados da Ag\u00eancia Nacional de Transportes Aquavi\u00e1rios (Antaq) mostram que apenas 5% do que o Brasil produz \u00e9 escoado pelos rios, volume que poder\u00e1 ser bem maior, se houver maci\u00e7os investimentos em obras para a constru\u00e7\u00e3o de eclusas, corre\u00e7\u00e3o de desn\u00edveis e elimina\u00e7\u00e3o de barreiras de pedras a fim de que as barca\u00e7as possam navegar com seguran\u00e7a.<\/p>&nbsp;&nbsp;\n<p>Em outras palavras: \u00e9 fundamental que sejam criadas condi\u00e7\u00f5es que permitam baixar os altos custos da log\u00edstica no Pa\u00eds. Ali\u00e1s, as commodities continuam a ser vendidas no mercado externo gra\u00e7as ao seu baixo custo de produ\u00e7\u00e3o, aliado \u00e0s elevadas cota\u00e7\u00f5es que permitem absorver o custo do frete gerado pela inefici\u00eancia da infraestrutura log\u00edstica.<br \/>A t\u00edtulo de exemplo, pode-se lembrar que, segundo dados da Associa\u00e7\u00e3o de Com\u00e9rcio Exterior do Brasil (AEB), em m\u00e9dia, o custo do frete interno para a exporta\u00e7\u00e3o de soja representa 25% do valor do produto. J\u00e1 no caso do milho esse custo sobe para 50%, o que pode tornar em breve invi\u00e1vel economicamente sua exporta\u00e7\u00e3o. \u00c9 de se ressaltar tamb\u00e9m a vulnerabilidade que essa situa\u00e7\u00e3o produz, pois, afinal, o Brasil n\u00e3o exerce qualquer controle ou influ\u00eancia sobre as cota\u00e7\u00f5es das commodities. Ou seja, uma eventual redu\u00e7\u00e3o nos pre\u00e7os das commodities pode tamb&amp;e acute;m inviabilizar as exporta\u00e7\u00f5es.<\/p>&nbsp;&nbsp;\n<p>Diante disso, torna-se importante igualmente a industrializa\u00e7\u00e3o ou agrega\u00e7\u00e3o de valor \u00e0s commodities exportadas, o que, por enquanto, \u00e9 quase imposs\u00edvel devido ao atual sistema tribut\u00e1rio, que onera e adiciona custo ao produto durante o seu processamento industrial. Como se v\u00ea, para equacionar ou minimizar a quest\u00e3o, \u00e9 imprescind\u00edvel uma a\u00e7\u00e3o conjunta do Minist\u00e9rio da Infraestrutura com o Minist\u00e9rio da Economia que absorveu as fun\u00e7\u00f5es dos antigos minist\u00e9rios da Fazenda, da Ind\u00fastria, Com\u00e9rcio Exterior e Servi\u00e7os, do Planejamento e do Trabalho.<br \/>_____________________________<br \/>(*) Milton Louren\u00e7o \u00e9 presidente da Fiorde Log\u00edstica Internacional e diretor do Sindicato dos Comiss\u00e1rios de Despachos, Agentes de Cargas e Log\u00edstica do Estado de S\u00e3o Paulo (Sindicomis) e da Associa\u00e7\u00e3o Nacional dos Comiss\u00e1rios de Despachos, Agentes de Cargas e Log\u00edstica (ACTC). E-mail: fiorde@fiorde.com.br. Site: www.fiorde.com.br<\/p>\n","protected":false},"excerpt":{"rendered":"<p>Milton Louren\u00e7o (*) &#8220;size-medium wp-image-26160 alignleft&#8221; src=&#8221;https:\/\/www.truckbrasil.com.br\/wp\/wp-content\/uploads\/2019\/02\/acao-conjunta-para-o-agronegocio.jpg&#8221; alt=&#8221;&#8221; width=&#8221;228&#8243; height=&#8221;300&#8243; srcset=&#8221;https:\/\/www.truckbrasil.com.br\/wp\/wp-content\/uploads\/2019\/02\/acao-conjunta-para-o-agronegocio.jpg 228w, http:\/\/www.cargonews.com.br\/wp-content\/uploads\/2019\/02\/MILTON-PREVIEW-5-768&#215;1012.jpg 768w, http:\/\/www.cargonews.com.br\/wp-content\/uploads\/2019\/02\/MILTON-PREVIEW-5-777&#215;1024.jpg&#8230;<\/p>\n","protected":false},"author":1,"featured_media":0,"comment_status":"open","ping_status":"open","sticky":false,"template":"","format":"standard","meta":{"fifu_image_url":"","fifu_image_alt":"","footnotes":""},"categories":[8717],"tags":[687,2229,1157,2314,4590,2285,8681,9580,3735,4233,1874,735,4169,2224,8505,4115,1519,767,6451,2901,4308,1764,1810,770,2623,4015,3752,3517,3896,1430,3340,1287,3755,3897,734,1546,1206,1227,1125,2036,1298,200,2037,2536,1626,4255,7578,2199,411,1010,382,7585,32,2605,2810,902,903,3598,3243,6104,1087,7845,1377,1702,8506,1799,1012,4024,1692,3572,2100,3363,8227,874,8056,3375,1191,460,2191,1459,2120,8300,2609,8266,7638,152,1023,7759,6025,1398,10333],"class_list":["post-74023","post","type-post","status-publish","format-standard","hentry","category-artigos-de-opiniao","tag-687","tag-agua","tag-asia","tag-acao","tag-aeb","tag-agencia","tag-agentes","tag-agronegocioartigos","tag-amazonas","tag-associacao","tag-bem","tag-brasil","tag-brasileiros","tag-caminhoes","tag-carta","tag-centro-oeste","tag-cni","tag-comercio","tag-comercio-exterior","tag-commodities","tag-concessao","tag-confederacao-nacional-da-industria","tag-construcao","tag-consumidores","tag-contratos","tag-controle","tag-correcao","tag-custo","tag-d","tag-dados","tag-desenvolvimento","tag-destino","tag-diretor","tag-e","tag-economia","tag-estado-de-sao-paulo","tag-estudo","tag-europa","tag-exportacao","tag-exportacoes","tag-exterior","tag-fazenda","tag-frete","tag-gastos","tag-governo","tag-graos","tag-industrial","tag-infraestrutura","tag-internacional","tag-investimentos","tag-logistica","tag-m","tag-mercado","tag-milho","tag-ministerio","tag-ministerio-da-economia","tag-ministerio-da-infraestrutura","tag-ministerios","tag-obras","tag-outras","tag-planejamento","tag-porto-de-santos","tag-precos","tag-presidente","tag-preview","tag-previsao","tag-producao","tag-produto","tag-produtores","tag-reducao","tag-retomada","tag-rio","tag-rodovias","tag-sao-paulo","tag-santos","tag-segmento","tag-seguranca","tag-servicos","tag-sindicato","tag-sistema","tag-site","tag-situacao","tag-soja","tag-sp","tag-titulo","tag-trabalho","tag-transporte","tag-transportes","tag-truckbrasil","tag-vale","tag-valor","wpcat-8717-id"],"_links":{"self":[{"href":"https:\/\/verde-amarelo.net\/verdeamarelo\/wp-json\/wp\/v2\/posts\/74023","targetHints":{"allow":["GET"]}}],"collection":[{"href":"https:\/\/verde-amarelo.net\/verdeamarelo\/wp-json\/wp\/v2\/posts"}],"about":[{"href":"https:\/\/verde-amarelo.net\/verdeamarelo\/wp-json\/wp\/v2\/types\/post"}],"author":[{"embeddable":true,"href":"https:\/\/verde-amarelo.net\/verdeamarelo\/wp-json\/wp\/v2\/users\/1"}],"replies":[{"embeddable":true,"href":"https:\/\/verde-amarelo.net\/verdeamarelo\/wp-json\/wp\/v2\/comments?post=74023"}],"version-history":[{"count":0,"href":"https:\/\/verde-amarelo.net\/verdeamarelo\/wp-json\/wp\/v2\/posts\/74023\/revisions"}],"wp:attachment":[{"href":"https:\/\/verde-amarelo.net\/verdeamarelo\/wp-json\/wp\/v2\/media?parent=74023"}],"wp:term":[{"taxonomy":"category","embeddable":true,"href":"https:\/\/verde-amarelo.net\/verdeamarelo\/wp-json\/wp\/v2\/categories?post=74023"},{"taxonomy":"post_tag","embeddable":true,"href":"https:\/\/verde-amarelo.net\/verdeamarelo\/wp-json\/wp\/v2\/tags?post=74023"}],"curies":[{"name":"wp","href":"https:\/\/api.w.org\/{rel}","templated":true}]}}