{"id":74136,"date":"2019-03-07T15:58:43","date_gmt":"2019-03-07T18:58:43","guid":{"rendered":"https:\/\/verde-amarelo.net\/verdeamarelo\/2019\/03\/rotas-maritimas-devem-crescer-285-com-novo-terminal-da-apm-na-costa-rica\/"},"modified":"2019-03-07T15:58:43","modified_gmt":"2019-03-07T18:58:43","slug":"rotas-maritimas-devem-crescer-285-com-novo-terminal-da-apm-na-costa-rica","status":"publish","type":"post","link":"https:\/\/verde-amarelo.net\/verdeamarelo\/2019\/03\/rotas-maritimas-devem-crescer-285-com-novo-terminal-da-apm-na-costa-rica\/","title":{"rendered":"Rotas mar\u00edtimas devem crescer 285% com novo terminal da APM na Costa Rica"},"content":{"rendered":"<div class=\"infor-em-cima-da-noticia\" id=\"infor-1201736433\"><a href=\"https:\/\/ecsareport2019.datamar.com.br\/\"><img decoding=\"async\" src=\"data:image\/gif;base64,R0lGODlhAQABAIAAAAAAAP\/\/\/ywAAAAAAQABAAACAUwAOw==\" fifu-lazy=\"1\" fifu-data-sizes=\"auto\" fifu-data-srcset=\"https:\/\/i2.wp.com\/www.truckbrasil.com.br\/wp\/wp-content\/uploads\/2019\/03\/rotas-maritimas-devem-crescer-285-com-novo-terminal-da-apm-na-costa-rica.jpg?ssl=1&w=75&resize=75&ssl=1 75w, https:\/\/i2.wp.com\/www.truckbrasil.com.br\/wp\/wp-content\/uploads\/2019\/03\/rotas-maritimas-devem-crescer-285-com-novo-terminal-da-apm-na-costa-rica.jpg?ssl=1&w=100&resize=100&ssl=1 100w, https:\/\/i2.wp.com\/www.truckbrasil.com.br\/wp\/wp-content\/uploads\/2019\/03\/rotas-maritimas-devem-crescer-285-com-novo-terminal-da-apm-na-costa-rica.jpg?ssl=1&w=150&resize=150&ssl=1 150w, https:\/\/i2.wp.com\/www.truckbrasil.com.br\/wp\/wp-content\/uploads\/2019\/03\/rotas-maritimas-devem-crescer-285-com-novo-terminal-da-apm-na-costa-rica.jpg?ssl=1&w=240&resize=240&ssl=1 240w, https:\/\/i2.wp.com\/www.truckbrasil.com.br\/wp\/wp-content\/uploads\/2019\/03\/rotas-maritimas-devem-crescer-285-com-novo-terminal-da-apm-na-costa-rica.jpg?ssl=1&w=320&resize=320&ssl=1 320w, https:\/\/i2.wp.com\/www.truckbrasil.com.br\/wp\/wp-content\/uploads\/2019\/03\/rotas-maritimas-devem-crescer-285-com-novo-terminal-da-apm-na-costa-rica.jpg?ssl=1&w=500&resize=500&ssl=1 500w, https:\/\/i2.wp.com\/www.truckbrasil.com.br\/wp\/wp-content\/uploads\/2019\/03\/rotas-maritimas-devem-crescer-285-com-novo-terminal-da-apm-na-costa-rica.jpg?ssl=1&w=640&resize=640&ssl=1 640w, https:\/\/i2.wp.com\/www.truckbrasil.com.br\/wp\/wp-content\/uploads\/2019\/03\/rotas-maritimas-devem-crescer-285-com-novo-terminal-da-apm-na-costa-rica.jpg?ssl=1&w=800&resize=800&ssl=1 800w, https:\/\/i2.wp.com\/www.truckbrasil.com.br\/wp\/wp-content\/uploads\/2019\/03\/rotas-maritimas-devem-crescer-285-com-novo-terminal-da-apm-na-costa-rica.jpg?ssl=1&w=1024&resize=1024&ssl=1 1024w, https:\/\/i2.wp.com\/www.truckbrasil.com.br\/wp\/wp-content\/uploads\/2019\/03\/rotas-maritimas-devem-crescer-285-com-novo-terminal-da-apm-na-costa-rica.jpg?ssl=1&w=1280&resize=1280&ssl=1 1280w, https:\/\/i2.wp.com\/www.truckbrasil.com.br\/wp\/wp-content\/uploads\/2019\/03\/rotas-maritimas-devem-crescer-285-com-novo-terminal-da-apm-na-costa-rica.jpg?ssl=1&w=1600&resize=1600&ssl=1 1600w\" width=\"922\" height=\"190\" fifu-data-src=\"https:\/\/i2.wp.com\/www.truckbrasil.com.br\/wp\/wp-content\/uploads\/2019\/03\/rotas-maritimas-devem-crescer-285-com-novo-terminal-da-apm-na-costa-rica.jpg?ssl=1\" alt=\"\" title=\"922x190 ECSA banner Informativo Portos Sanz\" srcset=\"https:\/\/www.truckbrasil.com.br\/wp\/wp-content\/uploads\/2019\/03\/rotas-maritimas-devem-crescer-285-com-novo-terminal-da-apm-na-costa-rica.jpg 922w, http:\/\/informativodosportos.com.br\/portal\/wp-content\/uploads\/2019\/02\/922x190-ECSA-banner-Informativo-Portos-Sanz-300x62.jpg 300w, http:\/\/informativodosportos.com.br\/portal\/wp-content\/uploads\/2019\/02\/922x190-ECSA-banner-Informativo-Portos-Sanz-768x158.jpg 768w, http:\/\/informativodosportos.com.br\/portal\/wp-content\/uploads\/2019\/02\/922x190-ECSA-banner-Informativo-Portos-Sanz-335x69.jpg 335w, http:\/\/informativodosportos.com.br\/portal\/wp-content\/uploads\/2019\/02\/922x190-ECSA-banner-Informativo-Portos-Sanz-600x124.jpg 600w\" sizes=\"(max-width: 922px) 100vw, 922px\"\/><\/a><\/div>\n<p>A APM Terminals inaugurou, na \u00faltima quinta-feira (28), o Terminal de Cont\u00eaineres de Mo\u00edn (TCM), localizado em Lim\u00f3n, na Costa Rica. A expectativa \u00e9 atrair embarca\u00e7\u00f5es que passam pelo Canal do Panam\u00e1. Assim, o n\u00famero de rotas mar\u00edtimas que chegam \u00e0 instala\u00e7\u00e3o dever\u00e1 aumentar 285%.<\/p>&nbsp;&nbsp;\n<p>Com a inaugura\u00e7\u00e3o, o pa\u00eds ter\u00e1, pela primeira vez, uma conex\u00e3o direta entre o Porto de Mo\u00edn e os mercados da Europa e da \u00c1sia, al\u00e9m de permitir a movimenta\u00e7\u00e3o de cargas em rotas transatl\u00e2nticas.<\/p>&nbsp;&nbsp;\n<p>O TCM teve investimento de US$ 1 bilh\u00e3o e tem capacidade para abrigar 26 mil TEU (unidade equivalente a um cont\u00eainer de 20 p\u00e9s), com conex\u00e3o para 3.800 unidades refrigeradas. Inicialmente, 650 funcion\u00e1rios atuam no terminal.<\/p>&nbsp;&nbsp;\n<p>Fonte: A Tribuna<\/p>\n<div class=\"infor-depois-do-conteudo\" id=\"infor-388260569\"><a href=\"mailto:comercial@informativodosportos.com.br\"><img decoding=\"async\" src=\"data:image\/gif;base64,R0lGODlhAQABAIAAAAAAAP\/\/\/ywAAAAAAQABAAACAUwAOw==\" fifu-lazy=\"1\" fifu-data-sizes=\"auto\" fifu-data-srcset=\"https:\/\/i3.wp.com\/www.truckbrasil.com.br\/wp\/wp-content\/uploads\/2019\/03\/rotas-maritimas-devem-crescer-285-com-novo-terminal-da-apm-na-costa-rica.gif?ssl=1&w=75&resize=75&ssl=1 75w, https:\/\/i3.wp.com\/www.truckbrasil.com.br\/wp\/wp-content\/uploads\/2019\/03\/rotas-maritimas-devem-crescer-285-com-novo-terminal-da-apm-na-costa-rica.gif?ssl=1&w=100&resize=100&ssl=1 100w, https:\/\/i3.wp.com\/www.truckbrasil.com.br\/wp\/wp-content\/uploads\/2019\/03\/rotas-maritimas-devem-crescer-285-com-novo-terminal-da-apm-na-costa-rica.gif?ssl=1&w=150&resize=150&ssl=1 150w, https:\/\/i3.wp.com\/www.truckbrasil.com.br\/wp\/wp-content\/uploads\/2019\/03\/rotas-maritimas-devem-crescer-285-com-novo-terminal-da-apm-na-costa-rica.gif?ssl=1&w=240&resize=240&ssl=1 240w, https:\/\/i3.wp.com\/www.truckbrasil.com.br\/wp\/wp-content\/uploads\/2019\/03\/rotas-maritimas-devem-crescer-285-com-novo-terminal-da-apm-na-costa-rica.gif?ssl=1&w=320&resize=320&ssl=1 320w, https:\/\/i3.wp.com\/www.truckbrasil.com.br\/wp\/wp-content\/uploads\/2019\/03\/rotas-maritimas-devem-crescer-285-com-novo-terminal-da-apm-na-costa-rica.gif?ssl=1&w=500&resize=500&ssl=1 500w, https:\/\/i3.wp.com\/www.truckbrasil.com.br\/wp\/wp-content\/uploads\/2019\/03\/rotas-maritimas-devem-crescer-285-com-novo-terminal-da-apm-na-costa-rica.gif?ssl=1&w=640&resize=640&ssl=1 640w, https:\/\/i3.wp.com\/www.truckbrasil.com.br\/wp\/wp-content\/uploads\/2019\/03\/rotas-maritimas-devem-crescer-285-com-novo-terminal-da-apm-na-costa-rica.gif?ssl=1&w=800&resize=800&ssl=1 800w, https:\/\/i3.wp.com\/www.truckbrasil.com.br\/wp\/wp-content\/uploads\/2019\/03\/rotas-maritimas-devem-crescer-285-com-novo-terminal-da-apm-na-costa-rica.gif?ssl=1&w=1024&resize=1024&ssl=1 1024w, https:\/\/i3.wp.com\/www.truckbrasil.com.br\/wp\/wp-content\/uploads\/2019\/03\/rotas-maritimas-devem-crescer-285-com-novo-terminal-da-apm-na-costa-rica.gif?ssl=1&w=1280&resize=1280&ssl=1 1280w, https:\/\/i3.wp.com\/www.truckbrasil.com.br\/wp\/wp-content\/uploads\/2019\/03\/rotas-maritimas-devem-crescer-285-com-novo-terminal-da-apm-na-costa-rica.gif?ssl=1&w=1600&resize=1600&ssl=1 1600w\" width=\"728\" height=\"90\" fifu-data-src=\"https:\/\/i3.wp.com\/www.truckbrasil.com.br\/wp\/wp-content\/uploads\/2019\/03\/rotas-maritimas-devem-crescer-285-com-novo-terminal-da-apm-na-costa-rica.gif?ssl=1\" alt=\"\" title=\"GIF---Informativo-dos-Portos-web-banner-Intermodal-e-Transport\"\/><\/a><\/div>\n<p><a href=\"http:\/\/informativodosportos.com.br\/portal\/2019\/03\/07\/rotas-maritimas-devem-crescer-285-com-novo-terminal-da-apm-na-costa-rica\/\" target=\"_blank\" rel=\"noopener\">Mais em http:\/\/informativodosportos.com.br\/portal\/2019\/03\/07\/rotas-maritimas-devem-crescer-285-com-novo-terminal-da-apm-na-costa-rica\/<\/a><\/p>\n","protected":false},"excerpt":{"rendered":"<p>A APM Terminals inaugurou, na \u00faltima quinta-feira (28), o Terminal de Cont\u00eaineres de Mo\u00edn (TCM),&#8230;<\/p>\n","protected":false},"author":1,"featured_media":0,"comment_status":"open","ping_status":"open","sticky":false,"template":"","format":"standard","meta":{"fifu_image_url":"","fifu_image_alt":"","footnotes":""},"categories":[8702],"tags":[8846],"class_list":["post-74136","post","type-post","status-publish","format-standard","hentry","category-logistica","tag-destaquesnoticias","wpcat-8702-id"],"_links":{"self":[{"href":"https:\/\/verde-amarelo.net\/verdeamarelo\/wp-json\/wp\/v2\/posts\/74136","targetHints":{"allow":["GET"]}}],"collection":[{"href":"https:\/\/verde-amarelo.net\/verdeamarelo\/wp-json\/wp\/v2\/posts"}],"about":[{"href":"https:\/\/verde-amarelo.net\/verdeamarelo\/wp-json\/wp\/v2\/types\/post"}],"author":[{"embeddable":true,"href":"https:\/\/verde-amarelo.net\/verdeamarelo\/wp-json\/wp\/v2\/users\/1"}],"replies":[{"embeddable":true,"href":"https:\/\/verde-amarelo.net\/verdeamarelo\/wp-json\/wp\/v2\/comments?post=74136"}],"version-history":[{"count":0,"href":"https:\/\/verde-amarelo.net\/verdeamarelo\/wp-json\/wp\/v2\/posts\/74136\/revisions"}],"wp:attachment":[{"href":"https:\/\/verde-amarelo.net\/verdeamarelo\/wp-json\/wp\/v2\/media?parent=74136"}],"wp:term":[{"taxonomy":"category","embeddable":true,"href":"https:\/\/verde-amarelo.net\/verdeamarelo\/wp-json\/wp\/v2\/categories?post=74136"},{"taxonomy":"post_tag","embeddable":true,"href":"https:\/\/verde-amarelo.net\/verdeamarelo\/wp-json\/wp\/v2\/tags?post=74136"}],"curies":[{"name":"wp","href":"https:\/\/api.w.org\/{rel}","templated":true}]}}