{"id":74141,"date":"2019-03-07T21:59:45","date_gmt":"2019-03-08T00:59:45","guid":{"rendered":"https:\/\/verde-amarelo.net\/verdeamarelo\/2019\/03\/foton-inaugura-nova-concessionaria-na-capital-paulista\/"},"modified":"2019-03-07T21:59:45","modified_gmt":"2019-03-08T00:59:45","slug":"foton-inaugura-nova-concessionaria-na-capital-paulista","status":"publish","type":"post","link":"https:\/\/verde-amarelo.net\/verdeamarelo\/2019\/03\/foton-inaugura-nova-concessionaria-na-capital-paulista\/","title":{"rendered":"Foton inaugura nova concession\u00e1ria na capital paulista"},"content":{"rendered":"<div><img decoding=\"async\" src=\"data:image\/gif;base64,R0lGODlhAQABAIAAAAAAAP\/\/\/ywAAAAAAQABAAACAUwAOw==\" fifu-lazy=\"1\" fifu-data-sizes=\"auto\" fifu-data-srcset=\"https:\/\/i3.wp.com\/www.truckbrasil.com.br\/wp\/wp-content\/uploads\/2019\/03\/foton-inaugura-nova-concessionaria-na-capital-paulista.jpg?ssl=1&w=75&resize=75&ssl=1 75w, https:\/\/i3.wp.com\/www.truckbrasil.com.br\/wp\/wp-content\/uploads\/2019\/03\/foton-inaugura-nova-concessionaria-na-capital-paulista.jpg?ssl=1&w=100&resize=100&ssl=1 100w, https:\/\/i3.wp.com\/www.truckbrasil.com.br\/wp\/wp-content\/uploads\/2019\/03\/foton-inaugura-nova-concessionaria-na-capital-paulista.jpg?ssl=1&w=150&resize=150&ssl=1 150w, https:\/\/i3.wp.com\/www.truckbrasil.com.br\/wp\/wp-content\/uploads\/2019\/03\/foton-inaugura-nova-concessionaria-na-capital-paulista.jpg?ssl=1&w=240&resize=240&ssl=1 240w, https:\/\/i3.wp.com\/www.truckbrasil.com.br\/wp\/wp-content\/uploads\/2019\/03\/foton-inaugura-nova-concessionaria-na-capital-paulista.jpg?ssl=1&w=320&resize=320&ssl=1 320w, https:\/\/i3.wp.com\/www.truckbrasil.com.br\/wp\/wp-content\/uploads\/2019\/03\/foton-inaugura-nova-concessionaria-na-capital-paulista.jpg?ssl=1&w=500&resize=500&ssl=1 500w, https:\/\/i3.wp.com\/www.truckbrasil.com.br\/wp\/wp-content\/uploads\/2019\/03\/foton-inaugura-nova-concessionaria-na-capital-paulista.jpg?ssl=1&w=640&resize=640&ssl=1 640w, https:\/\/i3.wp.com\/www.truckbrasil.com.br\/wp\/wp-content\/uploads\/2019\/03\/foton-inaugura-nova-concessionaria-na-capital-paulista.jpg?ssl=1&w=800&resize=800&ssl=1 800w, https:\/\/i3.wp.com\/www.truckbrasil.com.br\/wp\/wp-content\/uploads\/2019\/03\/foton-inaugura-nova-concessionaria-na-capital-paulista.jpg?ssl=1&w=1024&resize=1024&ssl=1 1024w, https:\/\/i3.wp.com\/www.truckbrasil.com.br\/wp\/wp-content\/uploads\/2019\/03\/foton-inaugura-nova-concessionaria-na-capital-paulista.jpg?ssl=1&w=1280&resize=1280&ssl=1 1280w, https:\/\/i3.wp.com\/www.truckbrasil.com.br\/wp\/wp-content\/uploads\/2019\/03\/foton-inaugura-nova-concessionaria-na-capital-paulista.jpg?ssl=1&w=1600&resize=1600&ssl=1 1600w\" fifu-data-src=\"https:\/\/i3.wp.com\/www.truckbrasil.com.br\/wp\/wp-content\/uploads\/2019\/03\/foton-inaugura-nova-concessionaria-na-capital-paulista.jpg?ssl=1\" class=\"ff-og-image-inserted\"\/><\/div>\n<div readability=\"33\">\n<p>Previs\u00e3o da marca \u00e9 de inaugurar 10 novas concession\u00e1rias em v\u00e1rias capitais e cidades brasileiras at\u00e9 o final de 2019<\/p>\n<\/div>\n<div readability=\"134\">\n<p>Meta \u00e9 de fechar o ano com 30 ou mais revendas no Pa\u00eds<\/p>\n<p>A Foton, uma das maiores fabricantes de caminh\u00f5es do mundo, inaugurou no m\u00eas de fevereiro uma nova concession\u00e1ria em S\u00e3o Paulo para atender consumidores de toda a capital paulista e regi\u00e3o do ABC. A revenda \u00e9 mais uma unidade do Grupo LCM, de propriedade de Luiz Carlos Mendon\u00e7a de Barros, e possui localiza\u00e7\u00e3o privilegiada, pr\u00f3xima \u00e0s avenidas Marginal Tiet\u00ea e Salim Farah Maluf, zona leste de S\u00e3o Paulo.<\/p>&nbsp;&nbsp;\n<p>A unidade tem tr\u00eas mil metros quadrados, com amplo espa\u00e7o para oficina e venda de autope\u00e7as, sendo 10 boxes para atendimentos r\u00e1pidos e cinco dedicados \u00e0 manuten\u00e7\u00f5es que requerem mais tempo e espa\u00e7o. Al\u00e9m do acesso facilitado aos caminhoneiros que trafegam pela capital paulista, a concession\u00e1ria oferecer\u00e1 agendamentos e servi\u00e7os ainda mais r\u00e1pidos aos clientes que estejam em um raio de at\u00e9 100 quil\u00f4metros, localizados na regi\u00e3o metropolitana de S\u00e3o Paulo.<\/p>&nbsp;&nbsp;\n<p>Toda a linha nacional de 3.5 e 10 toneladas da marca estar\u00e1 dispon\u00edvel no showroom, assim como o Foton Minitruck 3.5-11 DT, ve\u00edculo de entrada importado da China. A Foton possui em seu portf\u00f3lio a fam\u00edlia Minitruck que re\u00fane os comerciais leves mais robustos de sua categoria, considerados Premium por serem equipados com itens de s\u00e9rie completos de f\u00e1brica, al\u00e9m de oferecerem cabine basculante e excelente capacidade de carga.<\/p>&nbsp;&nbsp;\n<p>A nova concession\u00e1ria faz parte do plano de expans\u00e3o de rede e portf\u00f3lio da marca Foton no Brasil, que acaba de refor\u00e7ar sua opera\u00e7\u00e3o com apoio da matriz chinesa. \u201cNossa previs\u00e3o \u00e9 de abrir 10 novas concession\u00e1rias em v\u00e1rias capitais e cidades potenciais at\u00e9 o final de 2019 e encerrar o ano com 30 ou mais revendas em todo o Pa\u00eds\u201d, afirma o Diretor Comercial e Desenvolvimento de Rede da Foton, Ricardo Barros.<\/p>&nbsp;&nbsp;\n<p>Ao come\u00e7ar o ano com expans\u00e3o na cidade cuja frota de ve\u00edculos \u00e9 a maior do Brasil, o executivo ainda afirma que \u201ca meta \u00e9 expandir cada vez mais as atividades da marca e retomar o n\u00edvel de produ\u00e7\u00e3o. Temos capacidade para isso e estamos confiantes em recuperar vendas ap\u00f3s a crise que abalou todo o setor\u201d, analisa.<\/p>&nbsp;&nbsp;\n<p>Atualmente a Foton conta com 19 representantes em 11 estados do Brasil, incluindo Amazonas, Bahia, Cear\u00e1, Esp\u00edrito Santo, Goi\u00e1s, Maranh\u00e3o, Para\u00edba, Rio Grande do Norte, Rio Grande do Sul, Santa Catarina e S\u00e3o Paulo.<\/p>&nbsp;&nbsp;\n<p>Servi\u00e7o<\/p>\n<p>LCM Caminh\u00f5es<\/p>\n<p>Endere\u00e7o: Rua Paulo Andrigetti, n\u00ba 1476 \u2013 Alto do Pari \u2013 CEP: 03022-000<\/p>\n<p>Hor\u00e1rio de funcionamento: Segunda a sexta das 8:00 \u00e0s 18:00<\/p>\n<p>Telefones: (011) 2486-3635 \/ (011) 2496-3628<\/p>\n<p>Sobre a FOTON<\/p>\n<p>A Foton Caminh\u00f5es, presente no Brasil desde 2010, \u00e9 respons\u00e1vel pela produ\u00e7\u00e3o, importa\u00e7\u00e3o e distribui\u00e7\u00e3o dos caminh\u00f5es da marca Foton no Pa\u00eds. Al\u00e9m disso, responde pelo fornecimento das autope\u00e7as e por todos os servi\u00e7os de p\u00f3s-venda, incluindo as revis\u00f5es e manuten\u00e7\u00f5es.<\/p>&nbsp;&nbsp;\n<p>Na China, a Foton Motor Group, fundada em 1996, no distrito de Changping, Pequim, possui joint-ventures firmadas com companhias importantes, como a Cummins, ZF e a Daimler, sendo apontada como uma das maiores e mais valiosas companhias chinesas.<\/p>&nbsp;&nbsp;\n<p>Atualmente a Foton vende cerca de 600 mil ve\u00edculos por ano globalmente, 90% deste volume de ve\u00edculos comerciais, com exporta\u00e7\u00f5es para mais de 100 pa\u00edses e um volume que passa das 60 mil unidades. No mundo a empresa conta com 40 mil colaboradores, duas mil concession\u00e1rias e, no ano passado, o faturamento foi de US$ 7,5 bilh\u00f5es. A filial brasileira \u00e9 a quinta unidade industrial da Foton fora da China. A marca j\u00e1 conta com f\u00e1bricas na Tail\u00e2ndia, Vietn\u00e3, Qu\u00eania e Arg\u00e9lia em constru\u00e7\u00e3o.<\/p>&nbsp;&nbsp;\n<p>Para mais informa\u00e7\u00f5es, acesse: www.fotonmotors.com.br<\/p>\n<\/div>\n","protected":false},"excerpt":{"rendered":"<p>Previs\u00e3o da marca \u00e9 de inaugurar 10 novas concession\u00e1rias em v\u00e1rias capitais e cidades brasileiras&#8230;<\/p>\n","protected":false},"author":1,"featured_media":0,"comment_status":"open","ping_status":"open","sticky":false,"template":"","format":"standard","meta":{"fifu_image_url":"","fifu_image_alt":"","footnotes":""},"categories":[727],"tags":[1589],"class_list":["post-74141","post","type-post","status-publish","format-standard","hentry","category-noticias","tag-veiculos","wpcat-727-id"],"_links":{"self":[{"href":"https:\/\/verde-amarelo.net\/verdeamarelo\/wp-json\/wp\/v2\/posts\/74141","targetHints":{"allow":["GET"]}}],"collection":[{"href":"https:\/\/verde-amarelo.net\/verdeamarelo\/wp-json\/wp\/v2\/posts"}],"about":[{"href":"https:\/\/verde-amarelo.net\/verdeamarelo\/wp-json\/wp\/v2\/types\/post"}],"author":[{"embeddable":true,"href":"https:\/\/verde-amarelo.net\/verdeamarelo\/wp-json\/wp\/v2\/users\/1"}],"replies":[{"embeddable":true,"href":"https:\/\/verde-amarelo.net\/verdeamarelo\/wp-json\/wp\/v2\/comments?post=74141"}],"version-history":[{"count":0,"href":"https:\/\/verde-amarelo.net\/verdeamarelo\/wp-json\/wp\/v2\/posts\/74141\/revisions"}],"wp:attachment":[{"href":"https:\/\/verde-amarelo.net\/verdeamarelo\/wp-json\/wp\/v2\/media?parent=74141"}],"wp:term":[{"taxonomy":"category","embeddable":true,"href":"https:\/\/verde-amarelo.net\/verdeamarelo\/wp-json\/wp\/v2\/categories?post=74141"},{"taxonomy":"post_tag","embeddable":true,"href":"https:\/\/verde-amarelo.net\/verdeamarelo\/wp-json\/wp\/v2\/tags?post=74141"}],"curies":[{"name":"wp","href":"https:\/\/api.w.org\/{rel}","templated":true}]}}