{"id":74142,"date":"2019-03-07T21:56:13","date_gmt":"2019-03-08T00:56:13","guid":{"rendered":"https:\/\/verde-amarelo.net\/verdeamarelo\/2019\/03\/top-car-inova-e-leva-veiculos-da-jaguar-e-land-rover-em-loja-itinerante-pelo-estado\/"},"modified":"2019-03-07T21:56:13","modified_gmt":"2019-03-08T00:56:13","slug":"top-car-inova-e-leva-veiculos-da-jaguar-e-land-rover-em-loja-itinerante-pelo-estado","status":"publish","type":"post","link":"https:\/\/verde-amarelo.net\/verdeamarelo\/2019\/03\/top-car-inova-e-leva-veiculos-da-jaguar-e-land-rover-em-loja-itinerante-pelo-estado\/","title":{"rendered":"Top Car inova e leva ve\u00edculos da Jaguar e Land Rover em loja itinerante pelo Estado"},"content":{"rendered":"<div><img decoding=\"async\" src=\"data:image\/gif;base64,R0lGODlhAQABAIAAAAAAAP\/\/\/ywAAAAAAQABAAACAUwAOw==\" fifu-lazy=\"1\" fifu-data-sizes=\"auto\" fifu-data-srcset=\"https:\/\/i3.wp.com\/www.truckbrasil.com.br\/wp\/wp-content\/uploads\/2019\/03\/top-car-inova-e-leva-veiculos-da-jaguar-e-land-rover-em-loja-itinerante-pelo-estado.jpg?ssl=1&w=75&resize=75&ssl=1 75w, https:\/\/i3.wp.com\/www.truckbrasil.com.br\/wp\/wp-content\/uploads\/2019\/03\/top-car-inova-e-leva-veiculos-da-jaguar-e-land-rover-em-loja-itinerante-pelo-estado.jpg?ssl=1&w=100&resize=100&ssl=1 100w, https:\/\/i3.wp.com\/www.truckbrasil.com.br\/wp\/wp-content\/uploads\/2019\/03\/top-car-inova-e-leva-veiculos-da-jaguar-e-land-rover-em-loja-itinerante-pelo-estado.jpg?ssl=1&w=150&resize=150&ssl=1 150w, https:\/\/i3.wp.com\/www.truckbrasil.com.br\/wp\/wp-content\/uploads\/2019\/03\/top-car-inova-e-leva-veiculos-da-jaguar-e-land-rover-em-loja-itinerante-pelo-estado.jpg?ssl=1&w=240&resize=240&ssl=1 240w, https:\/\/i3.wp.com\/www.truckbrasil.com.br\/wp\/wp-content\/uploads\/2019\/03\/top-car-inova-e-leva-veiculos-da-jaguar-e-land-rover-em-loja-itinerante-pelo-estado.jpg?ssl=1&w=320&resize=320&ssl=1 320w, https:\/\/i3.wp.com\/www.truckbrasil.com.br\/wp\/wp-content\/uploads\/2019\/03\/top-car-inova-e-leva-veiculos-da-jaguar-e-land-rover-em-loja-itinerante-pelo-estado.jpg?ssl=1&w=500&resize=500&ssl=1 500w, https:\/\/i3.wp.com\/www.truckbrasil.com.br\/wp\/wp-content\/uploads\/2019\/03\/top-car-inova-e-leva-veiculos-da-jaguar-e-land-rover-em-loja-itinerante-pelo-estado.jpg?ssl=1&w=640&resize=640&ssl=1 640w, https:\/\/i3.wp.com\/www.truckbrasil.com.br\/wp\/wp-content\/uploads\/2019\/03\/top-car-inova-e-leva-veiculos-da-jaguar-e-land-rover-em-loja-itinerante-pelo-estado.jpg?ssl=1&w=800&resize=800&ssl=1 800w, https:\/\/i3.wp.com\/www.truckbrasil.com.br\/wp\/wp-content\/uploads\/2019\/03\/top-car-inova-e-leva-veiculos-da-jaguar-e-land-rover-em-loja-itinerante-pelo-estado.jpg?ssl=1&w=1024&resize=1024&ssl=1 1024w, https:\/\/i3.wp.com\/www.truckbrasil.com.br\/wp\/wp-content\/uploads\/2019\/03\/top-car-inova-e-leva-veiculos-da-jaguar-e-land-rover-em-loja-itinerante-pelo-estado.jpg?ssl=1&w=1280&resize=1280&ssl=1 1280w, https:\/\/i3.wp.com\/www.truckbrasil.com.br\/wp\/wp-content\/uploads\/2019\/03\/top-car-inova-e-leva-veiculos-da-jaguar-e-land-rover-em-loja-itinerante-pelo-estado.jpg?ssl=1&w=1600&resize=1600&ssl=1 1600w\" fifu-data-src=\"https:\/\/i3.wp.com\/www.truckbrasil.com.br\/wp\/wp-content\/uploads\/2019\/03\/top-car-inova-e-leva-veiculos-da-jaguar-e-land-rover-em-loja-itinerante-pelo-estado.jpg?ssl=1\" class=\"ff-og-image-inserted\"\/><\/div>\n<div readability=\"34\">\n<p>N\u00e3o s\u00e3o apenas os artistas que precisam ir aonde o povo est\u00e1. Concession\u00e1ria Ga\u00facha aposta nessa m\u00e1xima e leva loja itinerante de ve\u00edculos premium a cidades onde n\u00e3o possui concession\u00e1ria para aproximar o cliente da marca. A loja itinerante foi montada sob uma carreta personalizada.<\/p>&nbsp;&nbsp;\n<\/div>\n<div readability=\"73\">\n<p>A Top Car Jaguar Land Rover est\u00e1 na estrada com uma carreta percorrendo o Estado em uma a\u00e7\u00e3o de ver\u00e3o. A Jaguar Land Rover Road Store e refor\u00e7a os investimentos da empresa no Estado chegando a cidades onde a Top Car n\u00e3o possui loja f\u00edsica.<\/p>&nbsp;&nbsp;\n<p>A primeira etapa do projeto, que acontece no m\u00eas de mar\u00e7o, vai passar por tr\u00eas cidades, incluindo alguns dos principais munic\u00edpios, como Caxias do Sul, Passo Fundo e Santa Maria. O primeiro evento acontece em Caxias do Sul no dia 11 de mar\u00e7o, onde permanecer\u00e1 at\u00e9 o dia 17 nas depend\u00eancias do Shopping Iguatemi. Entre 19 de mar\u00e7o e 25 de mar\u00e7o a a\u00e7\u00e3o ser\u00e1 em Passo Fundo, no Shopping Passo Fundo. No dia 27 de mar\u00e7o a cidade visitada ser\u00e1 Santa Maria, no Shopping Pra\u00e7a Nova. No dia 02 de abril a carreta segue para S\u00e3o Paulo.<\/p>&nbsp;&nbsp;\n<p>O caminh\u00e3o fica em m\u00e9dia uma semana em cada cidade. Na carreta, o espa\u00e7o funciona como uma concession\u00e1ria com equipe de vendas, ve\u00edculos e linha de produtos da marca conhecida como Branded Goods, al\u00e9m de receber clientes e trazer oportunidades de neg\u00f3cios.<\/p>&nbsp;&nbsp;\n<p>\u201cNosso lema \u00e9: welcome to the top, mas isso n\u00e3o significa que iremos ficar parados aguardando que o cliente venha at\u00e9 n\u00f3s, temos a miss\u00e3o de aproximar o cliente do nosso produto por isso apostamos na mobilidade, essencial nos dias de hoje e investimos em uma loja sobre rodas para oferecer esta experi\u00eancia em nossos ve\u00edculos em munic\u00edpios mais distantes da capital\u201d, afirma F\u00e1bio Graf, gerente regional da Top Car Jaguar Land Rover.<\/p>&nbsp;&nbsp;\n<p>O executivo afirma que a pr\u00f3pria unidade funciona como uma a\u00e7\u00e3o de marketing itinerante. \u201cO modelo resulta em agilidade e rapidez na entrega, oferecendo ao cliente um atendimento personalizado\u201d, finaliza o gerente que levar\u00e1 para o evento condi\u00e7\u00f5es especiais n\u00e3o s\u00f3 para o consumidor final, mas op\u00e7\u00f5es em linhas de cr\u00e9dito e valores diferenciados para empresas, frotistas e produtores rurais.<\/p>&nbsp;&nbsp;\n<\/div>\n","protected":false},"excerpt":{"rendered":"<p>N\u00e3o s\u00e3o apenas os artistas que precisam ir aonde o povo est\u00e1. Concession\u00e1ria Ga\u00facha aposta&#8230;<\/p>\n","protected":false},"author":1,"featured_media":0,"comment_status":"open","ping_status":"open","sticky":false,"template":"","format":"standard","meta":{"fifu_image_url":"","fifu_image_alt":"","footnotes":""},"categories":[727],"tags":[1589],"class_list":["post-74142","post","type-post","status-publish","format-standard","hentry","category-noticias","tag-veiculos","wpcat-727-id"],"_links":{"self":[{"href":"https:\/\/verde-amarelo.net\/verdeamarelo\/wp-json\/wp\/v2\/posts\/74142","targetHints":{"allow":["GET"]}}],"collection":[{"href":"https:\/\/verde-amarelo.net\/verdeamarelo\/wp-json\/wp\/v2\/posts"}],"about":[{"href":"https:\/\/verde-amarelo.net\/verdeamarelo\/wp-json\/wp\/v2\/types\/post"}],"author":[{"embeddable":true,"href":"https:\/\/verde-amarelo.net\/verdeamarelo\/wp-json\/wp\/v2\/users\/1"}],"replies":[{"embeddable":true,"href":"https:\/\/verde-amarelo.net\/verdeamarelo\/wp-json\/wp\/v2\/comments?post=74142"}],"version-history":[{"count":0,"href":"https:\/\/verde-amarelo.net\/verdeamarelo\/wp-json\/wp\/v2\/posts\/74142\/revisions"}],"wp:attachment":[{"href":"https:\/\/verde-amarelo.net\/verdeamarelo\/wp-json\/wp\/v2\/media?parent=74142"}],"wp:term":[{"taxonomy":"category","embeddable":true,"href":"https:\/\/verde-amarelo.net\/verdeamarelo\/wp-json\/wp\/v2\/categories?post=74142"},{"taxonomy":"post_tag","embeddable":true,"href":"https:\/\/verde-amarelo.net\/verdeamarelo\/wp-json\/wp\/v2\/tags?post=74142"}],"curies":[{"name":"wp","href":"https:\/\/api.w.org\/{rel}","templated":true}]}}