{"id":74143,"date":"2019-03-07T17:00:15","date_gmt":"2019-03-07T20:00:15","guid":{"rendered":"https:\/\/verde-amarelo.net\/verdeamarelo\/2019\/03\/lincros-participa-pela-segunda-vez-consecutiva-da-intermodal\/"},"modified":"2019-03-07T17:00:15","modified_gmt":"2019-03-07T20:00:15","slug":"lincros-participa-pela-segunda-vez-consecutiva-da-intermodal","status":"publish","type":"post","link":"https:\/\/verde-amarelo.net\/verdeamarelo\/2019\/03\/lincros-participa-pela-segunda-vez-consecutiva-da-intermodal\/","title":{"rendered":"LINCROS participa pela segunda vez consecutiva da Intermodal"},"content":{"rendered":"<blockquote class=\"quote_content\" readability=\"30\">\n<p><span>Feira internacional de log\u00edstica \u00e9 considerada a maior da Am\u00e9rica Latina<\/span><\/p>\n<\/blockquote>\n<div id=\"attachment_26269\" class=\"wp-caption alignleft\" readability=\"32\"><a href=\"http:\/\/www.cargonews.com.br\/wp-content\/uploads\/2019\/03\/Andr%C3%A9-Jacinto-Jean-Carlos-Pereira-e-Gilson-Chequeto-Cr%C3%A9dito-Daniel-Zimmermann.jpg\">&#8221; wp-image-26269&#8243; src=&#8221;https:\/\/www.truckbrasil.com.br\/wp\/wp-content\/uploads\/2019\/03\/lincros-participa-pela-segunda-vez-consecutiva-da-intermodal.jpg&#8221; alt=&#8221;&#8221; width=&#8221;381&#8243; height=&#8221;254&#8243; srcset=&#8221;http:\/\/www.cargonews.com.br\/wp-content\/uploads\/2019\/03\/Andr&#xE9;-Jacinto-Jean-Carlos-Pereira-e-Gilson-Chequeto-Cr&#xE9;dito-Daniel-Zimmermann-300&#215;200.jpg 300w, http:\/\/www.cargonews.com.br\/wp-content\/uploads\/2019\/03\/Andr&#xE9;-Jacinto-Jean-Carlos-Pereira-e-Gilson-Chequeto-Cr&#xE9;dito-Daniel-Zimmermann-768&#215;512.jpg 768w, http:\/\/www.cargonews.com.br\/wp-content\/uploads\/2019\/03\/Andr&#xE9;-Jacinto-Jean-Carlos-Pereira-e-Gilson-Chequeto-Cr&#xE9;dito-Daniel-Zimmermann-1024&#215;682.jpg 1024w&#8221; sizes=&#8221;(max-width: 381px) 100vw, 381px&#8221;\/><\/a><\/p>\n<p class=\"wp-caption-text\">Andr\u00e9-Jacinto-Jean-Carlos-Pereira-e-Gilson-Chequeto\u2014Cr\u00e9dito-Daniel-Zimmermann<\/p>\n<\/div>\n<p>Nos dias 19, 20 e 21 de mar\u00e7o, a principal feira de log\u00edstica da Am\u00e9rica Latina aterrissa na cidade de S\u00e3o Paulo. A 25\u00aa edi\u00e7\u00e3o da Intermodal ir\u00e1 reunir em 29 mil m\u00b2 mais de 32 mil profissionais de 22 pa\u00edses e tamb\u00e9m mais de 400 marcas. Pelo segundo ano consecutivo, a LINCROS, antiga transpoBrasil, estar\u00e1 presente no evento com um estande que apresentar\u00e1 aos visitantes o novo posicionamento da empresa, sediada em Blumenau (SC).<\/p>&nbsp;&nbsp;\n<p>A companhia, que desenvolveu o mais completo software de gest\u00e3o log\u00edstica do Brasil, e tem clientes como FIAT, Embraco, Azul Linhas A\u00e9reas, Grendene, HOPE e Karsten, gerou durante a \u00faltima edi\u00e7\u00e3o da feira aproximadamente 100 oportunidades comerciais de alto n\u00edvel, ampliou ofertas e ganhou ainda mais visibilidade.<\/p>&nbsp;&nbsp;\n<p>\u201cOs gestores das principais empresas embarcadoras do Pa\u00eds estar\u00e3o presentes na Intermodal, por isso escolhemos o evento para refor\u00e7ar o lan\u00e7amento da nova marca e o posicionamento global perante o mercado. Na ocasi\u00e3o, tamb\u00e9m vamos mostrar o novo portf\u00f3lio de produtos, cases de sucesso e as \u00faltimas tend\u00eancias no ramo\u201d, afirma o CEO da LINCROS, Gilson Chequeto. \u201cEsta feira \u00e9 um ambiente prop\u00edcio para promover o networking com os principais players do mercado\u201d, completa o empres\u00e1rio.<\/p>&nbsp;&nbsp;\n<p><strong>MOMENTO OPORTUNO<\/strong><\/p>\n<p>\u00c0s v\u00e9speras de completar sete anos de hist\u00f3ria, a LINCROS se destaca no setor log\u00edstico por possuir a mais completa plataforma TMS do Pa\u00eds, com tecnologia de ponta que aprimora o planejamento e a opera\u00e7\u00e3o log\u00edstica de embarcadores de todos os portes. O software executa desde a capta\u00e7\u00e3o de propostas, passando por cota\u00e7\u00f5es, escolha dos melhores parceiros e rotas, auditoria, at\u00e9 o acompanhamento por relat\u00f3rio e mobile de cada entrega, com integra\u00e7\u00e3o a sistemas pr\u00f3prios de gest\u00e3o empresarial. \u00c9 o \u00fanico do Brasil a ter BID de negocia\u00e7\u00f5es, com ajustes de valores \u00e0s transportadoras; roteirizador automatizado com c\u00e1lculos das rotas mais estrat\u00e9gicas e vantajosas, levando em considera\u00e7\u00e3o a frota e as pr\u00f3prias vias de acesso, devidas condi\u00e7\u00f5es de uso e eventuais ped\u00e1gios; cota\u00e7\u00e3o spot; simula\u00e7\u00f5es de fretes fracionados e fechados, al\u00e9m de instru\u00e7\u00f5es de entrega. Para completar, todas as aplica\u00e7\u00f5es tecnol\u00f3gicas utilizadas pela companhia est\u00e3o 100% na nuvem.<\/p>&nbsp;&nbsp;\n<p>\u201cEsperamos um grande resultado em gera\u00e7\u00e3o de oportunidades ao participar da Intermodal, refor\u00e7ando ainda mais a nossa presen\u00e7a no mercado. A miss\u00e3o da LINCROS na feira \u00e9 marcar presen\u00e7a, refor\u00e7ar a marca e consolidar ofertas. Por se tratar da maior feira para o setor, \u00e9 imprescind\u00edvel a participa\u00e7\u00e3o de empresas refer\u00eancia em solu\u00e7\u00f5es para a \u00e1rea. Al\u00e9m da visibilidade da marca para o mundo, empresas de diversos segmentos e tamanhos estar\u00e3o presentes neste evento, tornando-se um ambiente prop\u00edcio para iniciar novos neg\u00f3cios\u201d, explica Jean Pereira, Chief of Technology (CTO) da companhia.<\/p>&nbsp;&nbsp;\n<p>O estande da LINCROS \u00e9 o de n\u00famero 10, na rua 14. \u201cNele estar\u00e1 representada a verdadeira transforma\u00e7\u00e3o log\u00edstica\u201d, finaliza Pereira.<\/p>&nbsp;&nbsp;\n<p>Assessoria de Imprensa<\/p>\n","protected":false},"excerpt":{"rendered":"<p>Feira internacional de log\u00edstica \u00e9 considerada a maior da Am\u00e9rica Latina &#8221; wp-image-26269&#8243; src=&#8221;https:\/\/www.truckbrasil.com.br\/wp\/wp-content\/uploads\/2019\/03\/lincros-participa-pela-segunda-vez-consecutiva-da-intermodal.jpg&#8221; alt=&#8221;&#8221;&#8230;<\/p>\n","protected":false},"author":1,"featured_media":0,"comment_status":"open","ping_status":"open","sticky":false,"template":"","format":"standard","meta":{"fifu_image_url":"","fifu_image_alt":"","footnotes":""},"categories":[8725],"tags":[9612],"class_list":["post-74143","post","type-post","status-publish","format-standard","hentry","category-geralmercado","tag-intermodalnoticias","wpcat-8725-id"],"_links":{"self":[{"href":"https:\/\/verde-amarelo.net\/verdeamarelo\/wp-json\/wp\/v2\/posts\/74143","targetHints":{"allow":["GET"]}}],"collection":[{"href":"https:\/\/verde-amarelo.net\/verdeamarelo\/wp-json\/wp\/v2\/posts"}],"about":[{"href":"https:\/\/verde-amarelo.net\/verdeamarelo\/wp-json\/wp\/v2\/types\/post"}],"author":[{"embeddable":true,"href":"https:\/\/verde-amarelo.net\/verdeamarelo\/wp-json\/wp\/v2\/users\/1"}],"replies":[{"embeddable":true,"href":"https:\/\/verde-amarelo.net\/verdeamarelo\/wp-json\/wp\/v2\/comments?post=74143"}],"version-history":[{"count":0,"href":"https:\/\/verde-amarelo.net\/verdeamarelo\/wp-json\/wp\/v2\/posts\/74143\/revisions"}],"wp:attachment":[{"href":"https:\/\/verde-amarelo.net\/verdeamarelo\/wp-json\/wp\/v2\/media?parent=74143"}],"wp:term":[{"taxonomy":"category","embeddable":true,"href":"https:\/\/verde-amarelo.net\/verdeamarelo\/wp-json\/wp\/v2\/categories?post=74143"},{"taxonomy":"post_tag","embeddable":true,"href":"https:\/\/verde-amarelo.net\/verdeamarelo\/wp-json\/wp\/v2\/tags?post=74143"}],"curies":[{"name":"wp","href":"https:\/\/api.w.org\/{rel}","templated":true}]}}