{"id":74144,"date":"2019-03-07T19:00:29","date_gmt":"2019-03-07T22:00:29","guid":{"rendered":"https:\/\/verde-amarelo.net\/verdeamarelo\/2019\/03\/esalqshow-2019-discutira-os-desafios-e-oportunidades-do-agronegocio-brasileiro-ate-2030\/"},"modified":"2019-03-07T19:00:29","modified_gmt":"2019-03-07T22:00:29","slug":"esalqshow-2019-discutira-os-desafios-e-oportunidades-do-agronegocio-brasileiro-ate-2030","status":"publish","type":"post","link":"https:\/\/verde-amarelo.net\/verdeamarelo\/2019\/03\/esalqshow-2019-discutira-os-desafios-e-oportunidades-do-agronegocio-brasileiro-ate-2030\/","title":{"rendered":"ESALQSHOW 2019 discutir\u00e1 os desafios e oportunidades do agroneg\u00f3cio brasileiro at\u00e9 2030"},"content":{"rendered":"<blockquote class=\"quote_content\" readability=\"34\">\n<p><span>Feira de Inova\u00e7\u00e3o Tecnol\u00f3gica para o Agroneg\u00f3cio Sustent\u00e1vel ocorrer\u00e1 nos dias 9, 10 e 11 de outubro, na Esalq\/USP, em Piracicaba (SP)<\/span><\/p>\n<\/blockquote>\n<p><a href=\"http:\/\/www.cargonews.com.br\/wp-content\/uploads\/2019\/03\/imagem_release_1625265.jpg\"><img \"wp-image-26287 alignleft&#8221; src=&#8221;https:\/\/www.truckbrasil.com.br\/wp\/wp-content\/uploads\/2019\/03\/esalqshow-2019-discutira-os-desafios-e-oportunidades-do-agronegocio-brasileiro-ate-2030.jpg&#8221; alt=&#8221;&#8221; width=&#8221;384&#8243; height=&#8221;256&#8243; srcset=&#8221;https:\/\/www.truckbrasil.com.br\/wp\/wp-content\/uploads\/2019\/03\/esalqshow-2019-discutira-os-desafios-e-oportunidades-do-agronegocio-brasileiro-ate-2030.jpg 300w, http:\/\/www.cargonews.com.br\/wp-content\/uploads\/2019\/03\/imagem_release_1625265-768&#215;512.jpg 768w, http:\/\/www.cargonews.com.br\/wp-content\/uploads\/2019\/03\/imagem_release_1625265-1024&#215;683.jpg 1024w&#8221; sizes=&#8221;(max-width: 384px) 100vw, 384px&#8221;\/><\/a>Com a proposta de debater os desafios e oportunidades do agroneg\u00f3cio brasileiro, estimular inova\u00e7\u00f5es, o empreendedorismo e fomentar novas parcerias, o ESALQSHOW 2019, F\u00f3rum de Inova\u00e7\u00e3o para o Agroneg\u00f3cio Sustent\u00e1vel, ser\u00e1 nos dias 9, 10 e 11 de outubro, na Escola Superior de Agricultura Luiz de Queiroz (USP ESALQ), em Piracicaba (SP). O tema central desta edi\u00e7\u00e3o ser\u00e1 \u201cDesafios e Oportunidades do Agro Brasileiro at\u00e9 2030\u201d.<\/p>&nbsp;&nbsp;\n<p>Os eventos que integram a programa\u00e7\u00e3o do F\u00f3rum v\u00eam para conectar profissionais e lideran\u00e7as nacionais e internacionais, estimulando a coopera\u00e7\u00e3o na busca por solu\u00e7\u00f5es frente aos grandes desafios e oportunidades da agricultura, pecu\u00e1ria e do agroneg\u00f3cio como um todo.<\/p>&nbsp;&nbsp;\n<p>\u201cAs duas \u00faltimas edi\u00e7\u00f5es do ESALQSHOW consolidaram o evento como um propulsor de inova\u00e7\u00f5es em tecnologia para a agricultura, trouxeram visibilidade \u00e0s iniciativas da academia e mostraram ao p\u00fablico diversas novidades em produtos, servi\u00e7os e projetos\u201d, aponta o presidente do conselho do ESALQSHOW, Luiz Carlos Corr\u00eaa Carvalho (Caio).<\/p>&nbsp;&nbsp;\n<p>\u201cEm 2019, o compromisso se amplia e propomos a discuss\u00e3o dos desafios e oportunidades do setor at\u00e9 2030, por meio de um evento din\u00e2mico, que reunir\u00e1 profissionais, representantes de empresas, universidades, centros de pesquisa, associa\u00e7\u00f5es e outras institui\u00e7\u00f5es do Brasil e do exterior com a finalidade de contextualizar de maneira ampla, estrat\u00e9gica e global a vis\u00e3o de cada entidade sobre o agroneg\u00f3cio brasileiro\u201d, completa.<\/p>&nbsp;&nbsp;\n<p><strong>AgTech Valley Summit<\/strong><\/p>\n<p>Nos dias 10 e 11 de outubro, as principais lideran\u00e7as dos diferentes segmentos do agroneg\u00f3cio se re\u00fanem para rodadas de debates din\u00e2micos e mesas redondas. O objetivo \u00e9 levantar desafios e novas ideias, discutir as \u00faltimas tend\u00eancias do mercado e fomentar poss\u00edveis solu\u00e7\u00f5es e tend\u00eancias para o futuro. No dia 10 o tema ser\u00e1 \u201cO agro brasileiro e os seus caminhos\u201d e no dia 11 \u201cA inova\u00e7\u00e3o tecnol\u00f3gica no agro brasileiro a favor da alimenta\u00e7\u00e3o saud\u00e1vel e da energia renov\u00e1vel\u201d.<\/p>&nbsp;&nbsp;\n<p><strong>Espa\u00e7o Inovar ESALQ &amp; Cia<\/strong><\/p>\n<p>Com a proposta de oferecer um espa\u00e7o din\u00e2mico onde os participantes possam debater problemas, solu\u00e7\u00f5es e tend\u00eancias, estimulando o networking e promovendo novas ideias, tecnologias, produtos e servi\u00e7os, o Espa\u00e7o Inovar ESALQ &amp; Cia ter\u00e1 estandes de patrocinadores do ESALQSHOW, de Centros de Pesquisa, institui\u00e7\u00f5es, empresas, startups e USP ESALQ.<\/p>&nbsp;&nbsp;\n<p><strong>Vitrine ESALQ<\/strong><\/p>\n<p>Na Vitrine ESALQ, ser\u00e3o apresentados projetos e servi\u00e7os de excel\u00eancia disponibilizados \u00e0 sociedade pela USP ESALQ. A Universidade abre as portas \u00e0 comunidade e oferece a oportunidade de conhecer, por meio de visitas programadas e monitoradas, os departamentos que integram a institui\u00e7\u00e3o, que abrigam cerca de 150 laborat\u00f3rios e desenvolvem atividades de ensino, pesquisa e extens\u00e3o que servem \u00e0 sociedade seja no ambiente rural e urbano.<\/p>&nbsp;&nbsp;\n<p><strong>Sobre o ESALQSHOW<\/strong><\/p>\n<p>O ESALQSHOW \u00e9 uma iniciativa da USP ESALQ em parceria com a empresa Araiby, com apoio da Funda\u00e7\u00e3o de Estudos Agr\u00e1rios Luiz de Queiroz (FEALQ). O evento, que visa fomentar a inova\u00e7\u00e3o e o empreendedorismo na agricultura, re\u00fane uma s\u00e9rie de a\u00e7\u00f5es para aproximar a academia do setor produtivo, estimulando parcerias para intensificar a colabora\u00e7\u00e3o entre a universidade e o mercado nacional e internacional a fim de gerar novas oportunidades e fomentar a inova\u00e7\u00e3o.<\/p>&nbsp;&nbsp;\n<p>Assessoria de Imprensa<\/p>\n","protected":false},"excerpt":{"rendered":"<p>Feira de Inova\u00e7\u00e3o Tecnol\u00f3gica para o Agroneg\u00f3cio Sustent\u00e1vel ocorrer\u00e1 nos dias 9, 10 e 11&#8230;<\/p>\n","protected":false},"author":1,"featured_media":0,"comment_status":"open","ping_status":"open","sticky":false,"template":"","format":"standard","meta":{"fifu_image_url":"","fifu_image_alt":"","footnotes":""},"categories":[8702],"tags":[9614],"class_list":["post-74144","post","type-post","status-publish","format-standard","hentry","category-logistica","tag-esalqshowlogistica","wpcat-8702-id"],"_links":{"self":[{"href":"https:\/\/verde-amarelo.net\/verdeamarelo\/wp-json\/wp\/v2\/posts\/74144","targetHints":{"allow":["GET"]}}],"collection":[{"href":"https:\/\/verde-amarelo.net\/verdeamarelo\/wp-json\/wp\/v2\/posts"}],"about":[{"href":"https:\/\/verde-amarelo.net\/verdeamarelo\/wp-json\/wp\/v2\/types\/post"}],"author":[{"embeddable":true,"href":"https:\/\/verde-amarelo.net\/verdeamarelo\/wp-json\/wp\/v2\/users\/1"}],"replies":[{"embeddable":true,"href":"https:\/\/verde-amarelo.net\/verdeamarelo\/wp-json\/wp\/v2\/comments?post=74144"}],"version-history":[{"count":0,"href":"https:\/\/verde-amarelo.net\/verdeamarelo\/wp-json\/wp\/v2\/posts\/74144\/revisions"}],"wp:attachment":[{"href":"https:\/\/verde-amarelo.net\/verdeamarelo\/wp-json\/wp\/v2\/media?parent=74144"}],"wp:term":[{"taxonomy":"category","embeddable":true,"href":"https:\/\/verde-amarelo.net\/verdeamarelo\/wp-json\/wp\/v2\/categories?post=74144"},{"taxonomy":"post_tag","embeddable":true,"href":"https:\/\/verde-amarelo.net\/verdeamarelo\/wp-json\/wp\/v2\/tags?post=74144"}],"curies":[{"name":"wp","href":"https:\/\/api.w.org\/{rel}","templated":true}]}}