{"id":74145,"date":"2019-03-08T02:00:48","date_gmt":"2019-03-08T05:00:48","guid":{"rendered":"https:\/\/verde-amarelo.net\/verdeamarelo\/2019\/03\/arteb-fornece-grip-molding-para-o-t-cross-da-vw\/"},"modified":"2019-03-08T02:00:48","modified_gmt":"2019-03-08T05:00:48","slug":"arteb-fornece-grip-molding-para-o-t-cross-da-vw","status":"publish","type":"post","link":"https:\/\/verde-amarelo.net\/verdeamarelo\/2019\/03\/arteb-fornece-grip-molding-para-o-t-cross-da-vw\/","title":{"rendered":"Arteb fornece grip molding para o T-Cross da VW"},"content":{"rendered":"<p>\nA Arteb, uma das mais importantes ind\u00fastrias em sistemas de ilumina\u00e7\u00e3o<br \/>\npara o setor automotivo no mundo e l\u00edder no mercado nacional com *knowhow*<br \/>\nem tecnologia de led, apresenta mais um lan\u00e7amento para o novo modelo SUV<br \/>\nda Volkswagen \u2013 T-Cross. A fabricante fornece o *grip molding*, pe\u00e7a de<br \/>\ndesign da parte traseira posicionada entre as lanternas. O elemento de<br \/>\ndesign, presente nas vers\u00f5es do ve\u00edculo, forma uma faixa estendida<br \/>\ntransversalmente e \u00e9 emoldurada por um painel preto, dando um toque<br \/>\nespecial no visual.<\/p>&nbsp;&nbsp;\n<p>Pe\u00e7as de ilumina\u00e7\u00e3o como far\u00f3is e lanternas, assim como o *grip molding*<br \/>\nque \u00e9 um item est\u00e9tico, tem cada vez mais influ\u00eancia no design dos ve\u00edculos<br \/>\ne ganham destaque.  Com as novas tecnologias em led, as quais a Arteb det\u00e9m<br \/>\na tecnologia, com \u00e1rea dedicada ao desenvolvimento e parceria com<br \/>\nfornecedores de v\u00e1rios pa\u00edses, os sistemas de ilumina\u00e7\u00e3o fazem com que os<br \/>\nitens sejam cada vez mais destacados, n\u00e3o s\u00f3 pela efici\u00eancia e desempenho<br \/>\ndo conjunto \u00f3tico, mas tamb\u00e9m na parte est\u00e9tica do ve\u00edculo.<\/p>&nbsp;&nbsp;\n<p>A Arteb tem participado de v\u00e1rios projetos e outros est\u00e3o previstos para<br \/>\neste ano. Segundo o CEO da companhia, Edson Brasil, as montadoras est\u00e3o<br \/>\ncada vez mais voltadas para desenvolvimento em opera\u00e7\u00f5es locais em busca de<br \/>\nsolu\u00e7\u00f5es eficientes, assim a Arteb que possui todas as condi\u00e7\u00f5es para<br \/>\natender a demanda, vem ganhando espa\u00e7o no fornecimento de sistema de<br \/>\nilumina\u00e7\u00e3o e j\u00e1 est\u00e1 pronta para o desenvolvimento de far\u00f3is e lanternas<br \/>\nfull led que entrar\u00e1 com mais for\u00e7a nos pr\u00f3ximos anos.<\/p>&nbsp;&nbsp;\n<p>\nO T-Cross \u00e9 o terceiro lan\u00e7amento da Arteb para Volkswagen em um ano.  Em<br \/>\n2018, a fabricante desenvolveu far\u00f3is e lanternas para o Novo Polo e os<br \/>\nfar\u00f3is para o Virtus, fabricados juntamente com a grade do radiador e o<br \/>\npara-choque eu real\u00e7am a largura do ve\u00edculo. Tamb\u00e9m participou dos<br \/>\nlan\u00e7amentos da Hyundai e da Toyota, desenvolvendo a nova lanterna Dark para<br \/>\nHB20 Unique 2019 e tamb\u00e9m farol e lanterna do novo Etios 2019, vers\u00f5es<br \/>\nhatch e sedan. Para a Ford, produz far\u00f3is e lanternas do novo Ka FreeStyle<br \/>\n2019 nas vers\u00f5es hatch e sedan.<\/p>&nbsp;&nbsp;\n<p>\n*Sobre a Arteb* \u2013 A Arteb \u00e9 uma das principais fabricantes mundiais de<br \/>\nsistemas de ilumina\u00e7\u00e3o para o setor automotivo, atendendo montadoras e<br \/>\ntamb\u00e9m presente no mercado de reposi\u00e7\u00e3o. Empresa nacional, com atua\u00e7\u00e3o de<br \/>\nmais oito d\u00e9cadas, desenvolve solu\u00e7\u00f5es e novas tecnologias que imprimem<br \/>\npadr\u00e3o de qualidade e efici\u00eancia na fabrica\u00e7\u00e3o de far\u00f3is, lanternas e break<br \/>\nlights, sendo inovadora em concep\u00e7\u00e3o de design, tecnologia e materiais de<br \/>\n\u00faltima gera\u00e7\u00e3o.<\/p>&nbsp;&nbsp;\n<p>Com parque fabril em S\u00e3o Bernardo do Campo-SP, onde est\u00e3o localizados a<br \/>\nmatriz, centro tecnol\u00f3gico, duas plantas e a Arteb Tech, que desenvolve<br \/>\nitens eletr\u00f4nicos, al\u00e9m da f\u00e1brica em Cama\u00e7ari\/BA SIAN, situada no polo<br \/>\npl\u00e1stico da cidade, pr\u00f3ximo ao Complexo Industrial da Ford Moto, a Arteb<br \/>\npossui 1.200 colaboradores.<\/p>&nbsp;&nbsp;\n","protected":false},"excerpt":{"rendered":"<p>A Arteb, uma das mais importantes ind\u00fastrias em sistemas de ilumina\u00e7\u00e3o para o setor automotivo&#8230;<\/p>\n","protected":false},"author":1,"featured_media":0,"comment_status":"open","ping_status":"open","sticky":false,"template":"","format":"standard","meta":{"fifu_image_url":"","fifu_image_alt":"","footnotes":""},"categories":[8427],"tags":[],"class_list":["post-74145","post","type-post","status-publish","format-standard","hentry","category-geral","wpcat-8427-id"],"_links":{"self":[{"href":"https:\/\/verde-amarelo.net\/verdeamarelo\/wp-json\/wp\/v2\/posts\/74145","targetHints":{"allow":["GET"]}}],"collection":[{"href":"https:\/\/verde-amarelo.net\/verdeamarelo\/wp-json\/wp\/v2\/posts"}],"about":[{"href":"https:\/\/verde-amarelo.net\/verdeamarelo\/wp-json\/wp\/v2\/types\/post"}],"author":[{"embeddable":true,"href":"https:\/\/verde-amarelo.net\/verdeamarelo\/wp-json\/wp\/v2\/users\/1"}],"replies":[{"embeddable":true,"href":"https:\/\/verde-amarelo.net\/verdeamarelo\/wp-json\/wp\/v2\/comments?post=74145"}],"version-history":[{"count":0,"href":"https:\/\/verde-amarelo.net\/verdeamarelo\/wp-json\/wp\/v2\/posts\/74145\/revisions"}],"wp:attachment":[{"href":"https:\/\/verde-amarelo.net\/verdeamarelo\/wp-json\/wp\/v2\/media?parent=74145"}],"wp:term":[{"taxonomy":"category","embeddable":true,"href":"https:\/\/verde-amarelo.net\/verdeamarelo\/wp-json\/wp\/v2\/categories?post=74145"},{"taxonomy":"post_tag","embeddable":true,"href":"https:\/\/verde-amarelo.net\/verdeamarelo\/wp-json\/wp\/v2\/tags?post=74145"}],"curies":[{"name":"wp","href":"https:\/\/api.w.org\/{rel}","templated":true}]}}