{"id":74147,"date":"2019-03-08T02:10:47","date_gmt":"2019-03-08T05:10:47","guid":{"rendered":"https:\/\/verde-amarelo.net\/verdeamarelo\/2019\/03\/foton-inaugura-nova-concessionria-na-capital-paulista\/"},"modified":"2019-03-08T02:10:47","modified_gmt":"2019-03-08T05:10:47","slug":"foton-inaugura-nova-concessionria-na-capital-paulista","status":"publish","type":"post","link":"https:\/\/verde-amarelo.net\/verdeamarelo\/2019\/03\/foton-inaugura-nova-concessionria-na-capital-paulista\/","title":{"rendered":"Foton inaugura nova concession&aacute;ria na capital paulista"},"content":{"rendered":"<p>*<\/p>\n<p>A Foton, uma das maiores fabricantes de caminh\u00f5es do mundo, inaugurou no<br \/>\nm\u00eas de fevereiro uma nova concession\u00e1ria em S\u00e3o Paulo para atender<br \/>\nconsumidores de toda a capital paulista e regi\u00e3o do ABC. A revenda \u00e9 mais<br \/>\numa unidade do Grupo LCM, de propriedade de Luiz Carlos Mendon\u00e7a de Barros,<br \/>\ne possui localiza\u00e7\u00e3o privilegiada, pr\u00f3xima \u00e0s avenidas Marginal Tiet\u00ea e<br \/>\nSalim Farah Maluf, zona leste de S\u00e3o Paulo.<\/p>&nbsp;&nbsp;\n<p>A unidade tem tr\u00eas mil metros quadrados, com amplo espa\u00e7o para oficina e<br \/>\nvenda de autope\u00e7as, sendo 10 boxes para atendimentos r\u00e1pidos e cinco<br \/>\ndedicados \u00e0 manuten\u00e7\u00f5es que requerem mais tempo e espa\u00e7o. Al\u00e9m do acesso<br \/>\nfacilitado aos caminhoneiros que trafegam pela capital paulista, a<br \/>\nconcession\u00e1ria oferecer\u00e1 agendamentos e servi\u00e7os ainda mais r\u00e1pidos aos<br \/>\nclientes que estejam em um raio de at\u00e9 100 quil\u00f4metros, localizados na<br \/>\nregi\u00e3o metropolitana de S\u00e3o Paulo.<\/p>&nbsp;&nbsp;\n<p>Toda a linha nacional de 3.5 e 10 toneladas da marca estar\u00e1 dispon\u00edvel no<br \/>\nshowroom, assim como o Foton Minitruck 3.5-11 DT, ve\u00edculo de entrada<br \/>\nimportado da China. A Foton possui em seu portf\u00f3lio a fam\u00edlia Minitruck que<br \/>\nre\u00fane os comerciais leves mais robustos de sua categoria, considerados<br \/>\nPremium por serem equipados com itens de s\u00e9rie completos de f\u00e1brica, al\u00e9m<br \/>\nde oferecerem cabine basculante e excelente capacidade de carga.<\/p>&nbsp;&nbsp;\n<p>A nova concession\u00e1ria faz parte do plano de expans\u00e3o de rede e portf\u00f3lio da<br \/>\nmarca Foton no Brasil, que acaba de refor\u00e7ar sua opera\u00e7\u00e3o com apoio da<br \/>\nmatriz chinesa. \u201cNossa previs\u00e3o \u00e9 de abrir 10 novas concession\u00e1rias em<br \/>\nv\u00e1rias capitais e cidades potenciais at\u00e9 o final de 2019 e encerrar o ano<br \/>\ncom 30 ou mais revendas em todo o Pa\u00eds\u201d, afirma o Diretor Comercial e<br \/>\nDesenvolvimento de Rede da Foton, Ricardo Barros.<\/p>&nbsp;&nbsp;\n<p>Ao come\u00e7ar o ano com expans\u00e3o na cidade cuja frota de ve\u00edculos \u00e9 a maior do<br \/>\nBrasil, o executivo ainda afirma que \u201ca meta \u00e9 expandir cada vez mais as<br \/>\natividades da marca e retomar o n\u00edvel de produ\u00e7\u00e3o. Temos capacidade para<br \/>\nisso e estamos confiantes em recuperar vendas ap\u00f3s a crise que abalou todo<br \/>\no setor\u201d, analisa.<\/p>&nbsp;&nbsp;\n<p>Atualmente a Foton conta com 19 representantes em 11 estados do Brasil,<br \/>\nincluindo Amazonas, Bahia, Cear\u00e1, Esp\u00edrito Santo, Goi\u00e1s, Maranh\u00e3o, Para\u00edba,<br \/>\nRio Grande do Norte, Rio Grande do Sul, Santa Catarina e S\u00e3o Paulo.<\/p>&nbsp;&nbsp;\n<p>*Servi\u00e7o*<\/p>\n<p>*LCM Caminh\u00f5es*<\/p>\n<p>*Endere\u00e7o:* Rua Paulo Andrigetti, n\u00ba 1476 \u2013 Alto do Pari \u2013 CEP: 03022-000<\/p>\n<p>*Hor\u00e1rio de funcionamento:* Segunda a sexta das 8:00 \u00e0s 18:00<\/p>\n<p>*Telefones*: (011) 2486-3635 \/ (011) 2496-3628<\/p>\n<p>*Sobre a FOTON*<\/p>\n<p>A Foton Caminh\u00f5es, presente no Brasil desde 2010, \u00e9 respons\u00e1vel pela<br \/>\nprodu\u00e7\u00e3o, importa\u00e7\u00e3o e distribui\u00e7\u00e3o dos caminh\u00f5es da marca Foton no Pa\u00eds.<br \/>\nAl\u00e9m disso, responde pelo fornecimento das autope\u00e7as e por todos os<br \/>\nservi\u00e7os de p\u00f3s-venda, incluindo as revis\u00f5es e manuten\u00e7\u00f5es.<\/p>&nbsp;&nbsp;\n<p>Na China, a Foton Motor Group, fundada em 1996, no distrito de Changping,<br \/>\nPequim, possui *joint-ventures* firmadas com companhias importantes, como a<br \/>\nCummins, ZF e a Daimler, sendo apontada como uma das maiores e mais<br \/>\nvaliosas companhias chinesas.<\/p>&nbsp;&nbsp;\n<p>Atualmente a Foton vende cerca de 600 mil ve\u00edculos por ano globalmente, 90%<br \/>\ndeste volume de ve\u00edculos comerciais, com exporta\u00e7\u00f5es para mais de 100<br \/>\npa\u00edses e um volume que passa das 60 mil unidades. No mundo a empresa conta<br \/>\ncom 40 mil colaboradores, duas mil concession\u00e1rias e, no ano passado, o<br \/>\nfaturamento foi de US$ 7,5 bilh\u00f5es. A filial brasileira \u00e9 a quinta unidade<br \/>\nindustrial da Foton fora da China. A marca j\u00e1 conta com f\u00e1bricas na<br \/>\nTail\u00e2ndia, Vietn\u00e3, Qu\u00eania e Arg\u00e9lia em constru\u00e7\u00e3o.<\/p>&nbsp;&nbsp;\n<p>Para mais informa\u00e7\u00f5es, acesse: <a href=\"http:\/\/www.fotonmotors.com.br\">www.fotonmotors.com.br<\/a><\/p>\n","protected":false},"excerpt":{"rendered":"<p>* A Foton, uma das maiores fabricantes de caminh\u00f5es do mundo, inaugurou no m\u00eas de&#8230;<\/p>\n","protected":false},"author":1,"featured_media":0,"comment_status":"open","ping_status":"open","sticky":false,"template":"","format":"standard","meta":{"fifu_image_url":"","fifu_image_alt":"","footnotes":""},"categories":[8427],"tags":[],"class_list":["post-74147","post","type-post","status-publish","format-standard","hentry","category-geral","wpcat-8427-id"],"_links":{"self":[{"href":"https:\/\/verde-amarelo.net\/verdeamarelo\/wp-json\/wp\/v2\/posts\/74147","targetHints":{"allow":["GET"]}}],"collection":[{"href":"https:\/\/verde-amarelo.net\/verdeamarelo\/wp-json\/wp\/v2\/posts"}],"about":[{"href":"https:\/\/verde-amarelo.net\/verdeamarelo\/wp-json\/wp\/v2\/types\/post"}],"author":[{"embeddable":true,"href":"https:\/\/verde-amarelo.net\/verdeamarelo\/wp-json\/wp\/v2\/users\/1"}],"replies":[{"embeddable":true,"href":"https:\/\/verde-amarelo.net\/verdeamarelo\/wp-json\/wp\/v2\/comments?post=74147"}],"version-history":[{"count":0,"href":"https:\/\/verde-amarelo.net\/verdeamarelo\/wp-json\/wp\/v2\/posts\/74147\/revisions"}],"wp:attachment":[{"href":"https:\/\/verde-amarelo.net\/verdeamarelo\/wp-json\/wp\/v2\/media?parent=74147"}],"wp:term":[{"taxonomy":"category","embeddable":true,"href":"https:\/\/verde-amarelo.net\/verdeamarelo\/wp-json\/wp\/v2\/categories?post=74147"},{"taxonomy":"post_tag","embeddable":true,"href":"https:\/\/verde-amarelo.net\/verdeamarelo\/wp-json\/wp\/v2\/tags?post=74147"}],"curies":[{"name":"wp","href":"https:\/\/api.w.org\/{rel}","templated":true}]}}