{"id":74152,"date":"2019-03-08T02:50:58","date_gmt":"2019-03-08T05:50:58","guid":{"rendered":"https:\/\/verde-amarelo.net\/verdeamarelo\/2019\/03\/hyundai-e-shell-anunciam-vencedores-da-promoo-reviso-que-faz-histria\/"},"modified":"2019-03-08T02:50:58","modified_gmt":"2019-03-08T05:50:58","slug":"hyundai-e-shell-anunciam-vencedores-da-promoo-reviso-que-faz-histria","status":"publish","type":"post","link":"https:\/\/verde-amarelo.net\/verdeamarelo\/2019\/03\/hyundai-e-shell-anunciam-vencedores-da-promoo-reviso-que-faz-histria\/","title":{"rendered":"Hyundai e Shell anunciam vencedores da promo&ccedil;&atilde;o &ldquo;Revis&atilde;o que faz hist&oacute;ria&rdquo;"},"content":{"rendered":"<p>A Hyundai, em parceria com a Shell, anuncia os vencedores da campanha<br \/>\n\u201cRevis\u00e3o que faz hist\u00f3ria\u201d, lan\u00e7ada em novembro do ano passado em<br \/>\ncomemora\u00e7\u00e3o \u00e0 marca de 1 milh\u00e3o de ve\u00edculos HB20 e Creta produzidos e<br \/>\ncomercializados no Pa\u00eds. A promo\u00e7\u00e3o sorteou tr\u00eas viagens com acompanhante<br \/>\npara a etapa do M\u00e9xico do Campeonato Mundial de Rali da Federa\u00e7\u00e3o<br \/>\nInternacional de Automobilismo (FIA).<\/p>&nbsp;&nbsp;\n<p>Ricardo Guerra, de S\u00e3o Paulo (SP), M\u00e1rio Prazeres, de Taubat\u00e9 (SP) e Caio<br \/>\nLuiz Ribeiro, de Nova Igua\u00e7u (RJ) s\u00e3o os ganhadores que embarcam nesta<br \/>\nquinta-feira (7) com destino \u00e0 cidade mexicana de L\u00e9on para acompanhar a<br \/>\nequipe da Hyundai durante toda a programa\u00e7\u00e3o do evento.<\/p>&nbsp;&nbsp;\n<p>\nGuerra comentou sobre sua expectativa para a viagem, que vai al\u00e9m da<br \/>\nexperi\u00eancia de acompanhar a corrida. \u201cEu e minha esposa est\u00e1vamos<br \/>\ncombinando um passeio neste ano, por\u00e9m, como temos um beb\u00ea de um ano,<br \/>\nsempre adi\u00e1vamos nossos planos. Mas o telefonema com a not\u00edcia de que fomos<br \/>\nsorteados foi um grande presente. Vamos aproveitar cada instante\u201d, diz o<br \/>\nvencedor, propriet\u00e1rio de um HB20X.<\/p>&nbsp;&nbsp;\n<p>\nA promo\u00e7\u00e3o \u201cRevis\u00e3o que faz hist\u00f3ria\u201d sorteou tamb\u00e9m 150 vale-compras no<br \/>\nvalor de R$ 1 mil, para participantes de 23 cidades do Brasil. Os clientes<br \/>\npremiados poder\u00e3o usar os vouchers para gastar como quiserem.<\/p>&nbsp;&nbsp;\n<p>Para participar da promo\u00e7\u00e3o, os propriet\u00e1rios de HB20 ou Creta que<br \/>\nefetuassem qualquer uma das revis\u00f5es peri\u00f3dicas ou servi\u00e7os utilizando o<br \/>\n\u00f3leo genu\u00edno Hyundai Shell Ultra AH 5W-30 nas concession\u00e1rias credenciadas<br \/>\nHMB recebiam um cupom para se inscrever na campanha. O site da campanha (<br \/>\n<a href=\"http:\/\/www.meuhyundai.com.br\/revisaoquefazhistoria\">www.meuhyundai.com.br\/revisaoquefazhistoria<\/a>) ficou aberto para<br \/>\ncadastro entre os dias 12 de novembro de 2018 e 8 de fevereiro de 2019. Ao<br \/>\ntodo foram mais de 18,5 mil cupons cadastrados em todo Pa\u00eds.<\/p>&nbsp;&nbsp;\n<p>*Hyundai no Campeonato Mundial de Rali*<\/p>\n<p>Por meio da divis\u00e3o Motorsport, a Hyundai estreou no Campeonato Mundial de<br \/>\nRali da Federa\u00e7\u00e3o Internacional de Automobilismo (FIA) em 2014. A equipe se<br \/>\ndestacou em seu primeiro ano, conquistando p\u00f3dios no M\u00e9xico e na Pol\u00f4nia,<br \/>\nal\u00e9m do primeiro e segundo lugares na etapa da Alemanha. O melhor resultado<br \/>\nat\u00e9 o momento foi na temporada de 2016, com duas vit\u00f3rias (Argentina e<br \/>\nSardenha) e um total de 12 resultados individuais no p\u00f3dio, terminando em<br \/>\nsegundo lugar no Campeonato de Fabricantes. Em 2017, a equipe sagrou-se<br \/>\nvice-campe\u00e3 pela segunda vez consecutiva. A quinta temporada da Hyundai<br \/>\nMotorsport no torneio aconteceu em 2018, com vit\u00f3rias na Su\u00e9cia, Portugal e<br \/>\nSardenha, resultando no terceiro vice-campeonato seguido.<\/p>&nbsp;&nbsp;\n\n","protected":false},"excerpt":{"rendered":"<p>A Hyundai, em parceria com a Shell, anuncia os vencedores da campanha \u201cRevis\u00e3o que faz&#8230;<\/p>\n","protected":false},"author":1,"featured_media":0,"comment_status":"open","ping_status":"open","sticky":false,"template":"","format":"standard","meta":{"fifu_image_url":"","fifu_image_alt":"","footnotes":""},"categories":[8427],"tags":[],"class_list":["post-74152","post","type-post","status-publish","format-standard","hentry","category-geral","wpcat-8427-id"],"_links":{"self":[{"href":"https:\/\/verde-amarelo.net\/verdeamarelo\/wp-json\/wp\/v2\/posts\/74152","targetHints":{"allow":["GET"]}}],"collection":[{"href":"https:\/\/verde-amarelo.net\/verdeamarelo\/wp-json\/wp\/v2\/posts"}],"about":[{"href":"https:\/\/verde-amarelo.net\/verdeamarelo\/wp-json\/wp\/v2\/types\/post"}],"author":[{"embeddable":true,"href":"https:\/\/verde-amarelo.net\/verdeamarelo\/wp-json\/wp\/v2\/users\/1"}],"replies":[{"embeddable":true,"href":"https:\/\/verde-amarelo.net\/verdeamarelo\/wp-json\/wp\/v2\/comments?post=74152"}],"version-history":[{"count":0,"href":"https:\/\/verde-amarelo.net\/verdeamarelo\/wp-json\/wp\/v2\/posts\/74152\/revisions"}],"wp:attachment":[{"href":"https:\/\/verde-amarelo.net\/verdeamarelo\/wp-json\/wp\/v2\/media?parent=74152"}],"wp:term":[{"taxonomy":"category","embeddable":true,"href":"https:\/\/verde-amarelo.net\/verdeamarelo\/wp-json\/wp\/v2\/categories?post=74152"},{"taxonomy":"post_tag","embeddable":true,"href":"https:\/\/verde-amarelo.net\/verdeamarelo\/wp-json\/wp\/v2\/tags?post=74152"}],"curies":[{"name":"wp","href":"https:\/\/api.w.org\/{rel}","templated":true}]}}