{"id":74153,"date":"2019-03-08T03:11:10","date_gmt":"2019-03-08T06:11:10","guid":{"rendered":"https:\/\/verde-amarelo.net\/verdeamarelo\/2019\/03\/automec-2019-aposta-em-experincias\/"},"modified":"2019-03-08T03:11:10","modified_gmt":"2019-03-08T06:11:10","slug":"automec-2019-aposta-em-experincias","status":"publish","type":"post","link":"https:\/\/verde-amarelo.net\/verdeamarelo\/2019\/03\/automec-2019-aposta-em-experincias\/","title":{"rendered":"AUTOMEC 2019 aposta em experi&ecirc;ncias"},"content":{"rendered":"<p>Em 2019, a AUTOMEC, maior feira do setor de reposi\u00e7\u00e3o e repara\u00e7\u00e3o para<br \/>\nve\u00edculos leves, pesados e comerciais da Am\u00e9rica Latina, tem como objetivo<br \/>\nsuperar todas as expectativas. Para isso, al\u00e9m de reunir, entre os dias 23<br \/>\ne 27 de abril, no S\u00e3o Paulo Expo, expositores de mais de 1500 marcas<br \/>\nnacionais e internacionais, a 14\u00aa edi\u00e7\u00e3o da feira investe pesado na<br \/>\nprograma\u00e7\u00e3o de atividades pr\u00e1ticas e de dissemina\u00e7\u00e3o de conte\u00fado, com uma<br \/>\n\u00e1rea de 1.000 m\u00b2 totalmente voltada \u00e0 interatividade: a AUTOMEC EXPERIENCE.<\/p>&nbsp;&nbsp;\n<p>Essa \u00e1rea do evento apresentar\u00e1 aos visitantes uma s\u00e9rie de a\u00e7\u00f5es,<br \/>\nsegmentadas em 7 pilares estrat\u00e9gicos, que proporcionar\u00e3o completa imers\u00e3o<br \/>\nno universo da reposi\u00e7\u00e3o e repara\u00e7\u00e3o automotiva. As atividades contar\u00e3o com<br \/>\no patroc\u00ednio de marcas como Henkel, Motul, Wimpel e Walter, Orange, KYB,<br \/>\nAkzoNobel, AWL, entre outras, al\u00e9m do apoio de institui\u00e7\u00f5es como Senai,<br \/>\nSimepetro (Sindicato Interestadual das Ind\u00fastrias Misturadoras e<br \/>\nEnvasilhadoras de Produtos Derivados de Petr\u00f3leo), Abrafiltros (Associa\u00e7\u00e3o<br \/>\ndas Empresas de Filtros) e IQA (Instituto da Qualidade Automotiva). Confira<br \/>\na lista:<\/p>\n<p>\n&#8211; *Oficina de Leves:* Tecnologia e produtos de ponta para manuten\u00e7\u00e3o e<br \/>\nrepara\u00e7\u00e3o de ve\u00edculos leves.<\/p>&nbsp;&nbsp;\n<p>\n&#8211; *Oficina do Futuro:* Apresentar\u00e1 inova\u00e7\u00f5es, tend\u00eancias e tecnologias<br \/>\ndo mercado, como a repara\u00e7\u00e3o de ve\u00edculos el\u00e9tricos e h\u00edbridos.<\/p>&nbsp;&nbsp;\n<p>\n&#8211; *Oficina de Personaliza\u00e7\u00e3o:* Comandada pelo famoso customizador de<br \/>\ncarros Batistinha, trar\u00e1 \u00e0 feira uma oficina refer\u00eancia em personaliza\u00e7\u00e3o,<br \/>\ncom os mais modernos equipamentos e t\u00e9cnicas exclusivas.<\/p>&nbsp;&nbsp;\n<p>\n&#8211; *Oficina de Colis\u00e3o:* Tudo em rela\u00e7\u00e3o \u00e0 funilaria, pintura e<br \/>\nacabamentos, revelando novas t\u00e9cnicas e equipamentos. Entre as atividades,<br \/>\nser\u00e1 realizada o Especial Batidas, com a repara\u00e7\u00e3o r\u00e1pida de ve\u00edculos com<br \/>\nlataria danificada.<\/p>&nbsp;&nbsp;\n<p>\n&#8211; *Oficina de Pesados:* Mostrar\u00e1 uma oficina refer\u00eancia, com os<br \/>\nequipamentos mais modernos do mercado e uma linha de produtos exclusivos.<\/p>&nbsp;&nbsp;\n<p>\n&#8211; *Oficina de Motos:* Ter\u00e1 foco em customiza\u00e7\u00e3o, montagem e desmontagem<br \/>\nde motocicletas, al\u00e9m de demonstra\u00e7\u00e3o de uma linha de produtos exclusivos.<\/p>&nbsp;&nbsp;\n<p>\n&#8211; *Arena de Conte\u00fado e Capacita\u00e7\u00e3o*: Nessa \u00e1rea, os visitantes ter\u00e3o<br \/>\norienta\u00e7\u00f5es sobre aplica\u00e7\u00e3o de novos m\u00e9todos, poder\u00e3o participar de<br \/>\npalestras e treinamentos, al\u00e9m de realizar capacita\u00e7\u00f5es com especialistas<br \/>\nde renomadas empresas e institui\u00e7\u00f5es do setor. Ser\u00e3o conferidos<br \/>\ncertificados aos participantes.<\/p>&nbsp;&nbsp;\n<p>Nesse contexto de intera\u00e7\u00e3o e aprendizado, a AUTOMEC EXPERIENCE contar\u00e1<br \/>\ntamb\u00e9m com atividades de entretenimento na \u00e1rea externa do evento, um<br \/>\nmomento de distra\u00e7\u00e3o e divers\u00e3o para os visitantes que em sua maioria v\u00eam<br \/>\nde fora da cidade.<\/p>&nbsp;&nbsp;\n<p>&#8220;A AUTOMEC EXPERIENCE \u00e9 um conceito totalmente novo. J\u00e1 tivemos atividades<br \/>\npr\u00e1ticas nas edi\u00e7\u00f5es anteriores, mas esta \u00e9 uma evolu\u00e7\u00e3o, um outro n\u00edvel.<br \/>\nS\u00e3o atividades pensadas e cuidadosamente preparadas para envolver o<br \/>\nvisitante em um mix de sensa\u00e7\u00f5es. Entretenimento, conhecimento, troca,<br \/>\nintera\u00e7\u00e3o e, claro, o aprendizado sobre como trazer o que ele v\u00ea e testa na<br \/>\nfeira para o dia a dia de trabalho&#8221;, comenta J\u00falio Romanelli, gerente de<br \/>\nproduto da Automec.<\/p>&nbsp;&nbsp;\n<p>O acesso \u00e0 \u00e1rea de experi\u00eancias ser\u00e1 gratuito aos profissionais do setor<br \/>\nque previamente se credenciarem para a 14\u00aa edi\u00e7\u00e3o da AUTOMEC. N\u00e3o ser\u00e3o<br \/>\nnecess\u00e1rias inscri\u00e7\u00f5es para participa\u00e7\u00e3o das atividades. A programa\u00e7\u00e3o<br \/>\ncompleta da feira pode ser conferida no site: <a href=\"http:\/\/www.automecfeira.com.br\">www.automecfeira.com.br<\/a><br \/>\n<<a href=\"https:\/\/enviosimprensa.com\/link.php?code=bDpodHRwJTNBJTJGJTJGd3d3LmF1dG9tZWNmZWlyYS5jb20uYnIlMkY6MTI0OTExNjk5NTpnaXNlbGl6YW5hdHRhQHRydWNrYnJhc2lsLmNvbS5icjo5MzAwOWE=\">enviosimprensa.com\/link.php?code=bDpodHRwJTNBJTJGJTJGd3d3LmF1dG9tZWNmZWlyYS5jb20uYnIlMkY6MTI0OTExNjk5NTpnaXNlbGl6YW5hdHRhQHRydWNrYnJhc2lsLmNvbS5icjo5MzAwOWE=<\/a>><\/p>\n<p>*Sobre a AUTOMEC*<\/p>\n<p>A AUTOMEC (Feira Internacional de Autope\u00e7as, Equipamentos e Servi\u00e7os) est\u00e1<br \/>\nna sua 14\u00aa edi\u00e7\u00e3o. \u00c9 uma feira de neg\u00f3cios realizada a cada dois anos desde<br \/>\n1993, palco de grandes lan\u00e7amentos e negocia\u00e7\u00f5es do setor. O evento \u00e9 a<br \/>\nprincipal plataforma de divulga\u00e7\u00e3o da Am\u00e9rica Latina para a ind\u00fastria da<br \/>\nreposi\u00e7\u00e3o automotiva, proporcionando aos distribuidores, lojistas,<br \/>\natacadistas, varejistas e oficinas o contato direto com representantes da<br \/>\nind\u00fastria. Em 2019, a AUTOMEC espera reunir mais de 1.500 marcas nacionais<br \/>\ne internacionais, mais de 75 mil visitantes e 62 pa\u00edses participantes. A<br \/>\nentrada \u00e9 gratuita e exclusiva para profissionais do setor pr\u00e9-credenciados<br \/>\npelo site: <a href=\"http:\/\/www.automecfeira.com.br\">www.automecfeira.com.br<\/a><br \/>\n<<a href=\"https:\/\/enviosimprensa.com\/link.php?code=bDpodHRwJTNBJTJGJTJGd3d3LmF1dG9tZWNmZWlyYS5jb20uYnIlMkY6MTI0OTExNjk5NTpnaXNlbGl6YW5hdHRhQHRydWNrYnJhc2lsLmNvbS5icjo5MzAwOWE=\">enviosimprensa.com\/link.php?code=bDpodHRwJTNBJTJGJTJGd3d3LmF1dG9tZWNmZWlyYS5jb20uYnIlMkY6MTI0OTExNjk5NTpnaXNlbGl6YW5hdHRhQHRydWNrYnJhc2lsLmNvbS5icjo5MzAwOWE=<\/a>><\/p>\n<p>*Sobre a Reed Exhibitions:*<\/p>\n<p>A Reed Exhibitions \u00e9 uma das maiores empresas na organiza\u00e7\u00e3o de feiras e<br \/>\neventos com atua\u00e7\u00e3o em 30 pa\u00edses e 500 eventos distribu\u00eddos pelas Am\u00e9ricas,<br \/>\nEuropa, Oriente M\u00e9dio e \u00c1sia. No Brasil, organiza mais de 35 feiras em todo<br \/>\no territ\u00f3rio nacional entre eventos de neg\u00f3cios e voltados ao consumidor<br \/>\nfinal. Anualmente, recebe mais de 11 mil marcas expositoras e mais de 2<br \/>\nmilh\u00f5es de visitantes em seus eventos.<\/p>&nbsp;&nbsp;\n<p>*Servi\u00e7o:*<\/p>\n<p>*Evento:* Automec 2019 \u2013 14\u00aa Feira Internacional de Autope\u00e7as, Equipamentos<br \/>\ne Servi\u00e7os<\/p>\n<p>*Data:* 23 a 27 de abril de 2019<\/p>\n<p>*Hor\u00e1rio:* das 11h \u00e0s 20h (ter\u00e7a \u00e0 sexta-feira) \/ das 9h \u00e0s 17h (s\u00e1bado)<\/p>\n<p>*Local:* S\u00e3o Paulo Expo Exhibition &#038; Convention Center<\/p>\n<p>*Endere\u00e7o:* Rodovia dos Imigrantes, km 1,5 \u2013 Vila \u00c1gua Funda<\/p>\n<p>*Informa\u00e7\u00f5es:* <a href=\"http:\/\/www.automecfeira.com.br\">www.automecfeira.com.br<\/a><br \/>\n<<a href=\"https:\/\/enviosimprensa.com\/link.php?code=bDpodHRwJTNBJTJGJTJGd3d3LmF1dG9tZWNmZWlyYS5jb20uYnIlMkY6MTI0OTExNjk5NTpnaXNlbGl6YW5hdHRhQHRydWNrYnJhc2lsLmNvbS5icjo5MzAwOWE=\">enviosimprensa.com\/link.php?code=bDpodHRwJTNBJTJGJTJGd3d3LmF1dG9tZWNmZWlyYS5jb20uYnIlMkY6MTI0OTExNjk5NTpnaXNlbGl6YW5hdHRhQHRydWNrYnJhc2lsLmNvbS5icjo5MzAwOWE=<\/a>><\/p>\n<p><\/p>\n","protected":false},"excerpt":{"rendered":"<p>Em 2019, a AUTOMEC, maior feira do setor de reposi\u00e7\u00e3o e repara\u00e7\u00e3o para ve\u00edculos leves,&#8230;<\/p>\n","protected":false},"author":1,"featured_media":0,"comment_status":"open","ping_status":"open","sticky":false,"template":"","format":"standard","meta":{"fifu_image_url":"","fifu_image_alt":"","footnotes":""},"categories":[8427],"tags":[],"class_list":["post-74153","post","type-post","status-publish","format-standard","hentry","category-geral","wpcat-8427-id"],"_links":{"self":[{"href":"https:\/\/verde-amarelo.net\/verdeamarelo\/wp-json\/wp\/v2\/posts\/74153","targetHints":{"allow":["GET"]}}],"collection":[{"href":"https:\/\/verde-amarelo.net\/verdeamarelo\/wp-json\/wp\/v2\/posts"}],"about":[{"href":"https:\/\/verde-amarelo.net\/verdeamarelo\/wp-json\/wp\/v2\/types\/post"}],"author":[{"embeddable":true,"href":"https:\/\/verde-amarelo.net\/verdeamarelo\/wp-json\/wp\/v2\/users\/1"}],"replies":[{"embeddable":true,"href":"https:\/\/verde-amarelo.net\/verdeamarelo\/wp-json\/wp\/v2\/comments?post=74153"}],"version-history":[{"count":0,"href":"https:\/\/verde-amarelo.net\/verdeamarelo\/wp-json\/wp\/v2\/posts\/74153\/revisions"}],"wp:attachment":[{"href":"https:\/\/verde-amarelo.net\/verdeamarelo\/wp-json\/wp\/v2\/media?parent=74153"}],"wp:term":[{"taxonomy":"category","embeddable":true,"href":"https:\/\/verde-amarelo.net\/verdeamarelo\/wp-json\/wp\/v2\/categories?post=74153"},{"taxonomy":"post_tag","embeddable":true,"href":"https:\/\/verde-amarelo.net\/verdeamarelo\/wp-json\/wp\/v2\/tags?post=74153"}],"curies":[{"name":"wp","href":"https:\/\/api.w.org\/{rel}","templated":true}]}}