{"id":74154,"date":"2019-03-08T03:11:12","date_gmt":"2019-03-08T06:11:12","guid":{"rendered":"https:\/\/verde-amarelo.net\/verdeamarelo\/2019\/03\/a-menos-de-um-ms-para-a-25-intermodal-empresas-apostam-em-novas-tecnologias-para-o-setor-logstico\/"},"modified":"2019-03-08T03:11:12","modified_gmt":"2019-03-08T06:11:12","slug":"a-menos-de-um-ms-para-a-25-intermodal-empresas-apostam-em-novas-tecnologias-para-o-setor-logstico","status":"publish","type":"post","link":"https:\/\/verde-amarelo.net\/verdeamarelo\/2019\/03\/a-menos-de-um-ms-para-a-25-intermodal-empresas-apostam-em-novas-tecnologias-para-o-setor-logstico\/","title":{"rendered":"A menos de um m&ecirc;s para a 25&ordf; Intermodal, empresas apostam em novas tecnologias para o setor log&iacute;stico"},"content":{"rendered":"<p>*<\/p>\n<p>Considerado um dos pilares do setor de infraestrutura brasileiro, o mercado<br \/>\nlog\u00edstico, de transporte de cargas e de com\u00e9rcio exterior acumula<br \/>\nexpectativas positivas quanto \u00e0 retomada de investimentos no segmento em<br \/>\n2019. Isso porque, somente no ano passado movimentou mais de US$ 184,670<br \/>\nbilh\u00f5es em exporta\u00e7\u00f5es e US$ 139,084 bilh\u00f5es em importa\u00e7\u00f5es, com uma m\u00e9dia<br \/>\nde US$ 720 milh\u00f5es por dia, segundo dados do Minist\u00e9rio da Ind\u00fastria,<br \/>\nCom\u00e9rcio Exterior e Servi\u00e7os (MDIC).<\/p>&nbsp;&nbsp;\n<p>Para atender a cadeia de suprimentos como um todo e as demandas que devem<br \/>\nsurgir com os eventuais novos aportes, al\u00e9m de prov\u00ea-la com as \u00faltimas<br \/>\ntend\u00eancias dispon\u00edveis no mercado, as principais empresas nacionais e<br \/>\ninternacionais do setor investem em novas tecnologias que visam levar o<br \/>\nsegmento a um novo patamar de automatiza\u00e7\u00e3o e intelig\u00eancia log\u00edstica. Elas<br \/>\nv\u00e3o apresentar essas novidades, com exclusividade, no maior evento dedicado<br \/>\nao setor na Am\u00e9rica Latina, a Intermodal South America, que ocorre de 19 a<br \/>\n21 de mar\u00e7o, em S\u00e3o Paulo (SP).<\/p>&nbsp;&nbsp;\n<p>Uma delas \u00e9 a LogComex, *startup* curitibana focada na cria\u00e7\u00e3o de solu\u00e7\u00f5es<br \/>\ntecnol\u00f3gicas que buscam simplificar as opera\u00e7\u00f5es e tornar os processos<br \/>\ndi\u00e1rios mais eficientes. A empresa reserva para o evento o lan\u00e7amento da<br \/>\nplataforma *SearchX*, desenvolvida para processar milh\u00f5es de informa\u00e7\u00f5es<br \/>\ndiariamente, das mais variadas fontes, de forma autom\u00e1tica.<\/p>&nbsp;&nbsp;\n<p>De acordo com o CEO da *startup*, Helmuth Hofstatter, a solu\u00e7\u00e3o vai<br \/>\npermitir que as empresas do setor tenham a oportunidade de analisar as<br \/>\nmercadorias importadas e exportadas com mais precis\u00e3o, avaliando pre\u00e7os,<br \/>\norigens, destinos e at\u00e9 a classifica\u00e7\u00e3o fiscal, al\u00e9m de identificar<br \/>\npotenciais fornecedores. &#8220;Queremos ofertar uma ampla experi\u00eancia, que trar\u00e1<br \/>\nmais transpar\u00eancia \u00e0s opera\u00e7\u00f5es, para que os respectivos gestores possam<br \/>\nter mais seguran\u00e7a em suas tomadas de decis\u00e3o&#8221;, afirma.<\/p>&nbsp;&nbsp;\n<p>Quem tamb\u00e9m guarda para a Intermodal a mais recente inova\u00e7\u00e3o neste sentido<br \/>\n\u00e9 a Average Tecnologia, reconhecida por sua experi\u00eancia de mais de 30 anos<br \/>\ncom implanta\u00e7\u00f5es e suporte de sistemas. O respons\u00e1vel pelo departamento de<br \/>\nmarketing da companhia, Gabriel Bresciani, explica que um dos destaques da<br \/>\nempresa na feira ser\u00e1 a nova unidade de neg\u00f3cios digitais aplicada \u00e0<br \/>\nlog\u00edstica, a Average Digital.<\/p>&nbsp;&nbsp;\n<p>&#8220;O objetivo dessa nova frente de trabalho \u00e9 a cria\u00e7\u00e3o de um ecossistema de<br \/>\nparceria e evolu\u00e7\u00e3o digital com o cliente, por meio do desenvolvimento<br \/>\ntecnol\u00f3gico dos neg\u00f3cios, atrav\u00e9s de inova\u00e7\u00f5es em *Mobile, Cloud Computing,<br \/>\nMachine Learning*, Internet das Coisas, *Web Services*, entre outras,<br \/>\ncapazes de gerar maior agilidade e otimiza\u00e7\u00e3o aos respectivos processos de<br \/>\ncada um&#8221;, ressalta.<\/p>&nbsp;&nbsp;\n<p>Estas s\u00e3o apenas algumas das atra\u00e7\u00f5es que podem ser encontradas na 25\u00aa<br \/>\nIntermodal, que reunir\u00e1 mais de 400 marcas expositoras no S\u00e3o Paulo Expo em<br \/>\nmenos de um m\u00eas.<\/p>&nbsp;&nbsp;\n<p>O credenciamento para profissionais do setor j\u00e1 est\u00e1 aberto, mas s\u00f3 pode<br \/>\nser realizado com o c\u00f3digo de convite. Se voc\u00ea ainda n\u00e3o recebeu o seu,<br \/>\nacesse o site a seguir e registre seu interesse:<br \/>\n<a href=\"http:\/\/www.intermodal.com.br\/pt\/credenciamento\">www.intermodal.com.br\/pt\/credenciamento<\/a><br \/>\n<<a href=\"https:\/\/conteudocomunicacao.com\/link.php?code=bDpodHRwJTNBJTJGJTJGd3d3LmludGVybW9kYWwuY29tLmJyJTJGcHQlMkZjcmVkZW5jaWFtZW50bzoxMTk0NzA4MDY1Omdpc2VsaXphbmF0dGFAdHJ1Y2ticmFzaWwuY29tLmJyOjBkOGM0Yw==\">conteudocomunicacao.com\/link.php?code=bDpodHRwJTNBJTJGJTJGd3d3LmludGVybW9kYWwuY29tLmJyJTJGcHQlMkZjcmVkZW5jaWFtZW50bzoxMTk0NzA4MDY1Omdpc2VsaXphbmF0dGFAdHJ1Y2ticmFzaWwuY29tLmJyOjBkOGM0Yw==<\/a>><\/p>\n<p>*25\u00aa Intermodal South America*<\/p>\n<p>*Data:* 19 a 21 de mar\u00e7o<\/p>\n<p>*Hor\u00e1rio:* Das 13 \u00e0s 21 horas<\/p>\n<p>*Local:* S\u00e3o Paulo Expo &#8211; Rod. dos Imigrantes &#8211; Vila \u00c1gua Funda, S\u00e3o Paulo<br \/>\n\u2013 SP<\/p>\n","protected":false},"excerpt":{"rendered":"<p>* Considerado um dos pilares do setor de infraestrutura brasileiro, o mercado log\u00edstico, de transporte&#8230;<\/p>\n","protected":false},"author":1,"featured_media":0,"comment_status":"open","ping_status":"open","sticky":false,"template":"","format":"standard","meta":{"fifu_image_url":"","fifu_image_alt":"","footnotes":""},"categories":[8427],"tags":[],"class_list":["post-74154","post","type-post","status-publish","format-standard","hentry","category-geral","wpcat-8427-id"],"_links":{"self":[{"href":"https:\/\/verde-amarelo.net\/verdeamarelo\/wp-json\/wp\/v2\/posts\/74154","targetHints":{"allow":["GET"]}}],"collection":[{"href":"https:\/\/verde-amarelo.net\/verdeamarelo\/wp-json\/wp\/v2\/posts"}],"about":[{"href":"https:\/\/verde-amarelo.net\/verdeamarelo\/wp-json\/wp\/v2\/types\/post"}],"author":[{"embeddable":true,"href":"https:\/\/verde-amarelo.net\/verdeamarelo\/wp-json\/wp\/v2\/users\/1"}],"replies":[{"embeddable":true,"href":"https:\/\/verde-amarelo.net\/verdeamarelo\/wp-json\/wp\/v2\/comments?post=74154"}],"version-history":[{"count":0,"href":"https:\/\/verde-amarelo.net\/verdeamarelo\/wp-json\/wp\/v2\/posts\/74154\/revisions"}],"wp:attachment":[{"href":"https:\/\/verde-amarelo.net\/verdeamarelo\/wp-json\/wp\/v2\/media?parent=74154"}],"wp:term":[{"taxonomy":"category","embeddable":true,"href":"https:\/\/verde-amarelo.net\/verdeamarelo\/wp-json\/wp\/v2\/categories?post=74154"},{"taxonomy":"post_tag","embeddable":true,"href":"https:\/\/verde-amarelo.net\/verdeamarelo\/wp-json\/wp\/v2\/tags?post=74154"}],"curies":[{"name":"wp","href":"https:\/\/api.w.org\/{rel}","templated":true}]}}