{"id":74166,"date":"2019-03-08T12:10:36","date_gmt":"2019-03-08T15:10:36","guid":{"rendered":"https:\/\/verde-amarelo.net\/verdeamarelo\/2019\/03\/busca-constante-pelo-conhecimento\/"},"modified":"2019-03-08T12:10:36","modified_gmt":"2019-03-08T15:10:36","slug":"busca-constante-pelo-conhecimento","status":"publish","type":"post","link":"https:\/\/verde-amarelo.net\/verdeamarelo\/2019\/03\/busca-constante-pelo-conhecimento\/","title":{"rendered":"Busca constante pelo conhecimento"},"content":{"rendered":"<blockquote class=\"quote_content\" readability=\"30\">\n<p><span>Silvia Cordeiro \u2013 Vezo Instituto de Moda<\/span><\/p>\n<\/blockquote>\n<p><a href=\"http:\/\/www.cargonews.com.br\/wp-content\/uploads\/2019\/03\/Silvia.jpg\"><img \"wp-image-26315 alignright&#8221; src=&#8221;https:\/\/www.truckbrasil.com.br\/wp\/wp-content\/uploads\/2019\/03\/busca-constante-pelo-conhecimento.jpg&#8221; alt=&#8221;&#8221; width=&#8221;354&#8243; height=&#8221;236&#8243; srcset=&#8221;https:\/\/www.truckbrasil.com.br\/wp\/wp-content\/uploads\/2019\/03\/busca-constante-pelo-conhecimento.jpg 300w, http:\/\/www.cargonews.com.br\/wp-content\/uploads\/2019\/03\/Silvia-768&#215;512.jpg 768w, http:\/\/www.cargonews.com.br\/wp-content\/uploads\/2019\/03\/Silvia-1024&#215;682.jpg 1024w&#8221; sizes=&#8221;(max-width: 354px) 100vw, 354px&#8221;\/><\/a>Desde crian\u00e7a sempre fui apaixonada por linhas, agulhas e tecidos ficava fascinada ao imaginar transformando um tecido em um belo vestido. Minha fam\u00edlia era muito humilde e naquela \u00e9poca n\u00e3o tinham a possibilidade de pagar um curso de corte e costura, modelagem ou designer. Ent\u00e3o eu pegava roupas velhas recortava fazia bolsinhas para minhas irm\u00e3s colocarem a b\u00edblia, transformava as roupas que ganh\u00e1vamos para que pud\u00e9ssemos vestir (l\u00f3gico que do meu jeito, rsrs).<\/p>&nbsp;&nbsp;\n<p>Aos 19 anos comecei a trabalhar no departamento administrativo de uma empresa de lingerie, ali adquiri na pratica, experi\u00eancia de administra\u00e7\u00e3o e nas minhas horas de folga continuava inventando moda, desenhava alguns modelos, pagava para uma costureira faz\u00ea-las e minha irm\u00e3 vendia tudo no escrit\u00f3rio em que ela trabalhava.<\/p>&nbsp;&nbsp;\n<p><strong>Como a vida \u00e9 cheia de surpresas adivinhem onde fui parar?<\/strong><\/p>\n<p>A empresa que eu trabalhava fechou seu escrit\u00f3rio em Campinas fui demitida e ao conseguir um novo trabalho adivinhem? Fui trabalhar na administra\u00e7\u00e3o de uma escola de moda. Envolvida com a rotina administrativa da empresa, fascinada pela arte de criar, modelar e costurar, por\u00e9m insatisfeita, vislumbrava caminhos mais din\u00e2micos no atendimento e metodologia. Embora tivesse a oportunidade de come\u00e7ar a realizar meu sonho de modelar e costurar, n\u00e3o consegui aprender. Um ano ap\u00f3s ter me desligado desta empresa conheci meu marido Mauriney Cordeiro, um empreendedor nato e vision\u00e1rio, contei meu sonho, minha frustra\u00e7\u00e3o ao tentar aprender e n\u00e3o encontrar ensino de qualidade, com metodologia pr\u00e1tica.<\/p>&nbsp;&nbsp;\n<p>O Mauriney me incentivou a ir em busca de conhecimento, comecei a buscar todo tipo de informa\u00e7\u00e3o a respeito, estudei v\u00e1rias metodologias, fiz compara\u00e7\u00f5es, mergulhei de cabe\u00e7a, me tornei uma estudiosa no assunto. Em 2001, abrimos em Campinas, a nossa primeira escola de moda, com a miss\u00e3o de transformar a vida das pessoas com um ensino de qualidade, 100% pr\u00e1tico, din\u00e2mico, eficaz, com informa\u00e7\u00f5es atualizadas, num ambiente acolhedor. Ao longo desses 18 anos j\u00e1 formamos mais de 10.000 alunos, desenvolvemos modelagens com metodologia pr\u00f3pria. Hoje com unidades nas cidades de Campinas, Indaiatuba e Sorocaba e em breve lan\u00e7amento do curso EAD.<br \/>Embora a economia criativa come\u00e7ou a ser citada e valorizada no Brasil recentemente, por experi\u00eancia sabemos que o design de moda, a modelagem, o corte e a costura sempre desempenharam um papel importante na economia do pa\u00eds e do mundo, \u00e9 a bola da vez!<\/p>\n<p>Silvia Cordeiro, especializada em modelagem e design de moda e idealizadora do blog dicas de costuras.<\/p>&nbsp;&nbsp;\n<p><a href=\"https:\/\/www.truckbrasil.com.br\/wp\/wp-content\/uploads\/2019\/03\/busca-constante-pelo-conhecimento-1.jpg\"><img \"alignnone wp-image-26317&#8243; src=&#8221;https:\/\/www.truckbrasil.com.br\/wp\/wp-content\/uploads\/2019\/03\/busca-constante-pelo-conhecimento-1.jpg&#8221; alt=&#8221;&#8221; width=&#8221;98&#8243; height=&#8221;92&#8243;\/><\/a><\/p>\n","protected":false},"excerpt":{"rendered":"<p>Silvia Cordeiro \u2013 Vezo Instituto de Moda<\/p>\n","protected":false},"author":1,"featured_media":0,"comment_status":"open","ping_status":"open","sticky":false,"template":"","format":"standard","meta":{"fifu_image_url":"","fifu_image_alt":"","footnotes":""},"categories":[8725],"tags":[9619],"class_list":["post-74166","post","type-post","status-publish","format-standard","hentry","category-geralmercado","tag-dia-internacional-da-mulhernoticias","wpcat-8725-id"],"_links":{"self":[{"href":"https:\/\/verde-amarelo.net\/verdeamarelo\/wp-json\/wp\/v2\/posts\/74166","targetHints":{"allow":["GET"]}}],"collection":[{"href":"https:\/\/verde-amarelo.net\/verdeamarelo\/wp-json\/wp\/v2\/posts"}],"about":[{"href":"https:\/\/verde-amarelo.net\/verdeamarelo\/wp-json\/wp\/v2\/types\/post"}],"author":[{"embeddable":true,"href":"https:\/\/verde-amarelo.net\/verdeamarelo\/wp-json\/wp\/v2\/users\/1"}],"replies":[{"embeddable":true,"href":"https:\/\/verde-amarelo.net\/verdeamarelo\/wp-json\/wp\/v2\/comments?post=74166"}],"version-history":[{"count":0,"href":"https:\/\/verde-amarelo.net\/verdeamarelo\/wp-json\/wp\/v2\/posts\/74166\/revisions"}],"wp:attachment":[{"href":"https:\/\/verde-amarelo.net\/verdeamarelo\/wp-json\/wp\/v2\/media?parent=74166"}],"wp:term":[{"taxonomy":"category","embeddable":true,"href":"https:\/\/verde-amarelo.net\/verdeamarelo\/wp-json\/wp\/v2\/categories?post=74166"},{"taxonomy":"post_tag","embeddable":true,"href":"https:\/\/verde-amarelo.net\/verdeamarelo\/wp-json\/wp\/v2\/tags?post=74166"}],"curies":[{"name":"wp","href":"https:\/\/api.w.org\/{rel}","templated":true}]}}