{"id":74170,"date":"2019-03-08T13:00:12","date_gmt":"2019-03-08T16:00:12","guid":{"rendered":"https:\/\/verde-amarelo.net\/verdeamarelo\/2019\/03\/conheca-3-mulheres-que-atuam-no-segmento-de-autotechs-no-brasil\/"},"modified":"2019-03-08T13:00:12","modified_gmt":"2019-03-08T16:00:12","slug":"conheca-3-mulheres-que-atuam-no-segmento-de-autotechs-no-brasil","status":"publish","type":"post","link":"https:\/\/verde-amarelo.net\/verdeamarelo\/2019\/03\/conheca-3-mulheres-que-atuam-no-segmento-de-autotechs-no-brasil\/","title":{"rendered":"Conhe\u00e7a 3 mulheres que atuam no segmento de AutoTechs no Brasil"},"content":{"rendered":"<p>A ind\u00fastria automotiva passa por muitas mudan\u00e7as dr\u00e1sticas no \u00faltimos anos e isso deve se repetir para os pr\u00f3ximos. Crises econ\u00f4micas e pol\u00edticas, alta nos pre\u00e7os e sal\u00e1rios estagnados e problemas de mobilidade urbana t\u00eam for\u00e7ado transforma\u00e7\u00f5es no mercado.<\/p>&nbsp;&nbsp;\n<p>Segundo um estudo da Liga Ventures chamado de Liga Insights AutoTech, existem 193 startups brasileiras que est\u00e3o revolucionamento o mercado automotivo desde a linha de produ\u00e7\u00e3o, venda e manuten\u00e7\u00e3o ou transportes de cargas e passageiros. Desse total, 80% est\u00e3o concentradas nas regi\u00f5es Sudeste e Sul, sendo 61% e 17%, respectivamente.<\/p>&nbsp;&nbsp;\n<p>Em um ambiente majoritariamente masculino, existem iniciativas femininas que apostam em startups no setor e t\u00eam levado insights valiosos para o crescimento de todos. Conhe\u00e7a abaixo, 3 mulheres que apostam nas AutoTechs Brasileiras e devem ditar tend\u00eancias nos pr\u00f3ximos anos:<\/p>\n<p><strong><a href=\"http:\/\/www.cargonews.com.br\/wp-content\/uploads\/2019\/03\/B%C3%A1rbara.jpg\"><img \"wp-image-26307 alignleft&#8221; src=&#8221;https:\/\/www.truckbrasil.com.br\/wp\/wp-content\/uploads\/2019\/03\/conheca-3-mulheres-que-atuam-no-segmento-de-autotechs-no-brasil.jpg&#8221; alt=&#8221;&#8221; width=&#8221;120&#8243; height=&#8221;185&#8243; srcset=&#8221;http:\/\/www.cargonews.com.br\/wp-content\/uploads\/2019\/03\/B&#xE1;rbara-195&#215;300.jpg 195w, http:\/\/www.cargonews.com.br\/wp-content\/uploads\/2019\/03\/B&#xE1;rbara.jpg 207w&#8221; sizes=&#8221;(max-width: 120px) 100vw, 120px&#8221;\/><\/a>\u00b7 B\u00e1rbara Siqueira<\/strong>: CEO da Olho no Carro, B\u00e1rbara, hoje com 28 anos, \u00e9 formada em Gest\u00e3o de Moda pela Anhembi Morumbi e atuou nesse mercado por 10 anos. Seu \u00faltimo trabalho foi com a expans\u00e3o da rede de Lojas Forever 21 no Brasil. Ap\u00f3s esse per\u00edodo, B\u00e1rbara resolveu arriscar e fundou a Olho no Carro. O insight veio por conta da influ\u00eancia familiar, que j\u00e1 atua no mercado de informa\u00e7\u00f5es h\u00e1 20 anos e fez com que ela observasse um gap no setor, oferecendo o servi\u00e7o de consultas veiculares ao mercado. A startup oferece seguran\u00e7a para transa\u00e7\u00f5es de compra de ve\u00edculos. O primeiro aplicativo web de consultas veiculares do pa\u00eds, analisa em poucos segundos, mais de dez vari\u00e1veis;<\/p>\n<p><strong>\u00b7 Aline Landim<\/strong>: Fundadora do jaUbra, Aline atua como empreendedora no Servi\u00e7o de transporte particular para a Brasil\u00e2ndia, na periferia de S\u00e3o Paulo. A jaUbra (antiga UBRA) nasceu da necessidade de atender com um servi\u00e7o de transporte por aplicativo, os bairros perif\u00e9ricos da regi\u00e3o da Brasil\u00e2ndia;<\/p>\n<p><strong>\u00b7 Gabriela Correa<\/strong>: Criadora do aplicativo Lady Driver, Gabriela teve a ideia de criar o app ap\u00f3s sofrer ass\u00e9dio dentro de um carro chamado em outro player do mercado. A proposta do Lady Driver \u00e9 ser um aplicativo de chamada de ve\u00edculos cadastrados, com exclusividade para motoristas e passageiras mulheres, apenas;<\/p>\n<p>Quem disse que carro n\u00e3o \u00e9 coisa de mulher?!<\/p>\n<p>Assessoria de Imprensa<\/p>\n","protected":false},"excerpt":{"rendered":"<p>A ind\u00fastria automotiva passa por muitas mudan\u00e7as dr\u00e1sticas no \u00faltimos anos e isso deve se&#8230;<\/p>\n","protected":false},"author":1,"featured_media":0,"comment_status":"open","ping_status":"open","sticky":false,"template":"","format":"standard","meta":{"fifu_image_url":"","fifu_image_alt":"","footnotes":""},"categories":[8702],"tags":[9621],"class_list":["post-74170","post","type-post","status-publish","format-standard","hentry","category-logistica","tag-dia-internacional-da-mulherlogistica","wpcat-8702-id"],"_links":{"self":[{"href":"https:\/\/verde-amarelo.net\/verdeamarelo\/wp-json\/wp\/v2\/posts\/74170","targetHints":{"allow":["GET"]}}],"collection":[{"href":"https:\/\/verde-amarelo.net\/verdeamarelo\/wp-json\/wp\/v2\/posts"}],"about":[{"href":"https:\/\/verde-amarelo.net\/verdeamarelo\/wp-json\/wp\/v2\/types\/post"}],"author":[{"embeddable":true,"href":"https:\/\/verde-amarelo.net\/verdeamarelo\/wp-json\/wp\/v2\/users\/1"}],"replies":[{"embeddable":true,"href":"https:\/\/verde-amarelo.net\/verdeamarelo\/wp-json\/wp\/v2\/comments?post=74170"}],"version-history":[{"count":0,"href":"https:\/\/verde-amarelo.net\/verdeamarelo\/wp-json\/wp\/v2\/posts\/74170\/revisions"}],"wp:attachment":[{"href":"https:\/\/verde-amarelo.net\/verdeamarelo\/wp-json\/wp\/v2\/media?parent=74170"}],"wp:term":[{"taxonomy":"category","embeddable":true,"href":"https:\/\/verde-amarelo.net\/verdeamarelo\/wp-json\/wp\/v2\/categories?post=74170"},{"taxonomy":"post_tag","embeddable":true,"href":"https:\/\/verde-amarelo.net\/verdeamarelo\/wp-json\/wp\/v2\/tags?post=74170"}],"curies":[{"name":"wp","href":"https:\/\/api.w.org\/{rel}","templated":true}]}}