{"id":74171,"date":"2019-03-08T11:20:06","date_gmt":"2019-03-08T14:20:06","guid":{"rendered":"https:\/\/verde-amarelo.net\/verdeamarelo\/2019\/03\/4-conselhos-para-ter-coragem-de-ser-imperfeita\/"},"modified":"2019-03-08T11:20:06","modified_gmt":"2019-03-08T14:20:06","slug":"4-conselhos-para-ter-coragem-de-ser-imperfeita","status":"publish","type":"post","link":"https:\/\/verde-amarelo.net\/verdeamarelo\/2019\/03\/4-conselhos-para-ter-coragem-de-ser-imperfeita\/","title":{"rendered":"4 conselhos para ter coragem de ser imperfeita"},"content":{"rendered":"<blockquote class=\"quote_content\" readability=\"35\">\n<p><span>Por Vivian Wolff, Coach de Vida e Carreira pelo Integrated Coaching Institute (ICI); formada em Mindfulness pela Georgetown University Institute for Transformational Leadership, Washington DC; com MBA em Marketing Estrat\u00e9gico pela University de Catalunya, Barcelona<\/span><\/p>\n<\/blockquote>\n<div id=\"attachment_26303\" class=\"wp-caption alignright\"><a href=\"http:\/\/www.cargonews.com.br\/wp-content\/uploads\/2019\/03\/unnamed-13.jpg\">&#8221; wp-image-26303&#8243; src=&#8221;https:\/\/www.truckbrasil.com.br\/wp\/wp-content\/uploads\/2019\/03\/4-conselhos-para-ter-coragem-de-ser-imperfeita.jpg&#8221; alt=&#8221;&#8221; width=&#8221;339&#8243; height=&#8221;333&#8243; srcset=&#8221;https:\/\/www.truckbrasil.com.br\/wp\/wp-content\/uploads\/2019\/03\/4-conselhos-para-ter-coragem-de-ser-imperfeita.jpg 300w, http:\/\/www.cargonews.com.br\/wp-content\/uploads\/2019\/03\/unnamed-13-768&#215;756.jpg 768w, http:\/\/www.cargonews.com.br\/wp-content\/uploads\/2019\/03\/unnamed-13-1024&#215;1008.jpg 1024w, http:\/\/www.cargonews.com.br\/wp-content\/uploads\/2019\/03\/unnamed-13-75&#215;75.jpg 75w&#8221; sizes=&#8221;(max-width: 339px) 100vw, 339px&#8221;\/><\/a><\/p>\n<p class=\"wp-caption-text\">Vivian Wolff<\/p>\n<\/div>\n<p>Brene Brown \u00e9 uma pesquisadora americana que fala sobre tudo o que queremos esconder: imperfei\u00e7\u00e3o, vergonha, vulnerabilidade, sensa\u00e7\u00e3o de n\u00e3o pertencimento. Justamente por ter essa abordagem t\u00e3o honesta sobre o que, afinal de contas, \u00e9 ser humano, ela \u00e9 refer\u00eancia constante em meus grupos e atendimentos, e estou sempre seguindo as descobertas de seus estudos e as teorias que defende em seus livros.<\/p>&nbsp;&nbsp;\n<p>Em homenagem ao Dia Internacional da Mulher, quis trazer 4 temas que a autora defende no livro \u201cA coragem de ser imperfeito\u201d (Ed. Sextante):<\/p>\n<p><strong>1- N\u00e3o tema o julgamento alheio<\/strong><\/p>\n<p>A autenticidade requer coragem, pois exige de n\u00f3s aceitar nossa personalidade, nossas falhas e vulnerabilidade. \u00c9 ter a for\u00e7a para abra\u00e7ar quem realmente somos, desapegar das compara\u00e7\u00f5es e dos paradigmas de quem achamos que devemos ser. Nada vale mais a pena do que trazer ao mundo o que realmente temos para dar. Ser coerente com nossa verdade nos proporciona liberdade, verdade e plenitude.<\/p>&nbsp;&nbsp;\n<p><strong>2- Reserve um tempo para o descanso e para si mesma<\/strong><\/p>\n<p>No modelo de vida atual, a quantidade de coisas que a mulher exige dela mesma vai al\u00e9m do que se pode aguentar. E quando ela n\u00e3o d\u00e1 conta de tudo, se sente frustrada. Acorda no dia seguinte j\u00e1 se programando para fazer ainda mais e melhor. E a simples ideia de uma pausa se torna cada vez mais impens\u00e1vel.<\/p>&nbsp;&nbsp;\n<p>Como seria se a mulher se permitisse fazer menos e incluir momentos de descanso em sua jornada? Per\u00edodos de desconex\u00e3o s\u00e3o essenciais para o bem-estar. Esquecer um pouco o check-list, olhar para si mesma e fazer algo que n\u00e3o esteja vinculado a responsabilidades, mas ao prazer, ao conforto que tanto lhe falta. Sua mente ficar\u00e1 mais descansada e at\u00e9 mais produtiva.<\/p>&nbsp;&nbsp;\n<p><strong>3- Desenvolva resili\u00eancia<\/strong><\/p>\n<p>Resili\u00eancia passa por fortalecer nossas qualidades pessoais e agir diante das adversidades com foco em nosso poder de atua\u00e7\u00e3o. \u00c9 preciso cultivar um modelo mental com espa\u00e7o para uma vis\u00e3o positiva da vida, entrar em contato com as emo\u00e7\u00f5es e avaliar se suas escolhas alimentam os problemas ou agem de forma coerente \u00e0 solu\u00e7\u00e3o que se busca.<\/p>&nbsp;&nbsp;\n<p><strong>4- Tenha autocompaix\u00e3o<\/strong><\/p>\n<p>O perfeccionismo e a autocr\u00edtica geram um c\u00edrculo vicioso. Passamos a viver na ansiedade de uma vida e atos perfeitos, tentando nos proteger das situa\u00e7\u00f5es capazes de expor nossos defeitos ao mundo. Quando entendemos que a perfei\u00e7\u00e3o n\u00e3o existe e nos acolhemos exatamente como somos, com o pacote completo, conseguimos nos perdoar, atuar com autocompaix\u00e3o e pedir ajuda quando precisamos.<\/p>&nbsp;&nbsp;\n<p>Neste contexto, al\u00e9m de a mulher construir uma rela\u00e7\u00e3o mais saud\u00e1vel com ela mesma, passa a enxergar o outro dessa mesma forma, atuando com maior empatia e gerando maior conex\u00e3o ao seu redor.<\/p>&nbsp;&nbsp;\n<p>Se voc\u00ea sente que talvez esteja presa no piloto autom\u00e1tico da rotina e com sintomas da s\u00edndrome da Mulher Maravilha \u2013 aquela que tem que ser poderosa, linda, magra e exemplar como esposa, m\u00e3e, filha, amiga e etc \u2013 est\u00e1 na hora de avaliar como est\u00e1 lidando com cada um dos pontos acima. Quem sabe, com pequenos ajustes, voc\u00ea consiga ser uma mulher mais ponderada, equilibrada, serena e, consequentemente, mais feliz?<\/p>\n<p>Assessoria de Imprensa<\/p>\n","protected":false},"excerpt":{"rendered":"<p>Por Vivian Wolff, Coach de Vida e Carreira pelo Integrated Coaching Institute (ICI); formada em&#8230;<\/p>\n","protected":false},"author":1,"featured_media":0,"comment_status":"open","ping_status":"open","sticky":false,"template":"","format":"standard","meta":{"fifu_image_url":"","fifu_image_alt":"","footnotes":""},"categories":[8702],"tags":[9621],"class_list":["post-74171","post","type-post","status-publish","format-standard","hentry","category-logistica","tag-dia-internacional-da-mulherlogistica","wpcat-8702-id"],"_links":{"self":[{"href":"https:\/\/verde-amarelo.net\/verdeamarelo\/wp-json\/wp\/v2\/posts\/74171","targetHints":{"allow":["GET"]}}],"collection":[{"href":"https:\/\/verde-amarelo.net\/verdeamarelo\/wp-json\/wp\/v2\/posts"}],"about":[{"href":"https:\/\/verde-amarelo.net\/verdeamarelo\/wp-json\/wp\/v2\/types\/post"}],"author":[{"embeddable":true,"href":"https:\/\/verde-amarelo.net\/verdeamarelo\/wp-json\/wp\/v2\/users\/1"}],"replies":[{"embeddable":true,"href":"https:\/\/verde-amarelo.net\/verdeamarelo\/wp-json\/wp\/v2\/comments?post=74171"}],"version-history":[{"count":0,"href":"https:\/\/verde-amarelo.net\/verdeamarelo\/wp-json\/wp\/v2\/posts\/74171\/revisions"}],"wp:attachment":[{"href":"https:\/\/verde-amarelo.net\/verdeamarelo\/wp-json\/wp\/v2\/media?parent=74171"}],"wp:term":[{"taxonomy":"category","embeddable":true,"href":"https:\/\/verde-amarelo.net\/verdeamarelo\/wp-json\/wp\/v2\/categories?post=74171"},{"taxonomy":"post_tag","embeddable":true,"href":"https:\/\/verde-amarelo.net\/verdeamarelo\/wp-json\/wp\/v2\/tags?post=74171"}],"curies":[{"name":"wp","href":"https:\/\/api.w.org\/{rel}","templated":true}]}}