{"id":74172,"date":"2019-03-08T11:15:20","date_gmt":"2019-03-08T14:15:20","guid":{"rendered":"https:\/\/verde-amarelo.net\/verdeamarelo\/2019\/03\/empresarias-curitibanas-criam-rede-de-sustentabilidade\/"},"modified":"2019-03-08T11:15:20","modified_gmt":"2019-03-08T14:15:20","slug":"empresarias-curitibanas-criam-rede-de-sustentabilidade","status":"publish","type":"post","link":"https:\/\/verde-amarelo.net\/verdeamarelo\/2019\/03\/empresarias-curitibanas-criam-rede-de-sustentabilidade\/","title":{"rendered":"Empres\u00e1rias curitibanas criam rede de sustentabilidade"},"content":{"rendered":"<blockquote class=\"quote_content\" readability=\"33\">\n<p><span>O objetivo da a\u00e7\u00e3o \u00e9 unir mulheres que querem cuidar do planeta, dialogar, ouvir essas ideias e torna-las conhecidas<\/span><\/p>\n<\/blockquote>\n<p><a href=\"http:\/\/www.cargonews.com.br\/wp-content\/uploads\/2019\/03\/Patricya_Jessica_Beegreen_reduzida.jpg\"><img \"wp-image-26299 alignright&#8221; src=&#8221;https:\/\/www.truckbrasil.com.br\/wp\/wp-content\/uploads\/2019\/03\/empresarias-curitibanas-criam-rede-de-sustentabilidade.jpg&#8221; alt=&#8221;&#8221; width=&#8221;442&#8243; height=&#8221;265&#8243; srcset=&#8221;https:\/\/www.truckbrasil.com.br\/wp\/wp-content\/uploads\/2019\/03\/empresarias-curitibanas-criam-rede-de-sustentabilidade.jpg 300w, http:\/\/www.cargonews.com.br\/wp-content\/uploads\/2019\/03\/Patricya_Jessica_Beegreen_reduzida-768&#215;460.jpg 768w, http:\/\/www.cargonews.com.br\/wp-content\/uploads\/2019\/03\/Patricya_Jessica_Beegreen_reduzida.jpg 971w&#8221; sizes=&#8221;(max-width: 442px) 100vw, 442px&#8221;\/><\/a>Nesta sexta-feira, 8 de mar\u00e7o, \u00e9 celebrado o Dia Internacional da Mulher. E, nada mais inspirador do que hist\u00f3rias de mulheres reais, que lutam por um mundo melhor. A Beegreen, empresa pioneira na fabrica\u00e7\u00e3o e comercializa\u00e7\u00e3o de canudos reutiliz\u00e1veis feitos de INOX, nasceu de um sonho e da for\u00e7a de duas mulheres empreendedoras, as empres\u00e1rias Patricya Soares Bezerra (34) e J\u00e9ssica Pertille (31). \u201cEu estava cursando o curso de Engenharia de Produ\u00e7\u00e3o na PUC\/PR e engravidei, meu filho Heitor me fez lembrar de um sonho adormecido \u2013 o de um mundo melhor \u2013, logo criei um projeto de sustentabilidade em Curitiba e fui atr\u00e1s de for\u00e7as, nesse processo encontrei a J\u00e9ssica, que tinha o mesmo ideal. E ao final de 2016 nascia essa empresa t\u00e3o linda e que \u00e9 um orgulho para n\u00f3s\u201d, conta Patricya.<\/p>&nbsp;&nbsp;\n<p>A novidade agora, \u00e9 uma rede de sustentabilidade criada pelas empres\u00e1rias. A campanha intitulada #Conhe\u00e7aElas, tem como objetivo dar voz \u00e0s mulheres que criam projetos que promovem uma mudan\u00e7a cultural em suas comunidades. Quem quiser participar, pode entrar nas redes sociais da BeeGreen para compartilhar sua hist\u00f3ria e fazer parte desse projeto. \u201cNosso objetivo \u00e9 criar uma rede com mulheres inspiradoras. Se voc\u00ea tem uma boa hist\u00f3ria, conte pra gente! Ap\u00f3s essa coleta de informa\u00e7\u00f5es vamos usar as nossas redes socias para divulga\u00e7\u00e3o das mesmas, dando visibilidade a esses projetos. Queremos trocar figurinhas, queremos unir for\u00e7as em busca de um mundo melhor\u201d, complementa.<\/p>&nbsp;&nbsp;\n<p>Para quem ainda n\u00e3o conhece, a empresa hoje \u00e9 uma das maiores do pa\u00eds e n\u00e3o oferece apenas os canudos em INOX \u2013 produzidos aqui, com um alto controle de qualidade e preocupa\u00e7\u00e3o com sustentabilidade em todo o processo -, mas tamb\u00e9m copos, ecobags, e kits ecol\u00f3gicos com materiais especiais e amigos da natureza. \u201cMais do que oferecer produtos sustent\u00e1veis, nosso objetivo \u00e9 ajudar a mudar h\u00e1bitos, ensinando a popula\u00e7\u00e3o sobre o impacto de suas a\u00e7\u00f5es ao planeta, mostrando o que e como fazer e facilitando o nosso dia a dia\u201d, finaliza a empres\u00e1ria.<\/p>&nbsp;&nbsp;\n<p>Assessoria de Imprensa<\/p>\n","protected":false},"excerpt":{"rendered":"<p>O objetivo da a\u00e7\u00e3o \u00e9 unir mulheres que querem cuidar do planeta, dialogar, ouvir essas&#8230;<\/p>\n","protected":false},"author":1,"featured_media":0,"comment_status":"open","ping_status":"open","sticky":false,"template":"","format":"standard","meta":{"fifu_image_url":"","fifu_image_alt":"","footnotes":""},"categories":[8702],"tags":[9621],"class_list":["post-74172","post","type-post","status-publish","format-standard","hentry","category-logistica","tag-dia-internacional-da-mulherlogistica","wpcat-8702-id"],"_links":{"self":[{"href":"https:\/\/verde-amarelo.net\/verdeamarelo\/wp-json\/wp\/v2\/posts\/74172","targetHints":{"allow":["GET"]}}],"collection":[{"href":"https:\/\/verde-amarelo.net\/verdeamarelo\/wp-json\/wp\/v2\/posts"}],"about":[{"href":"https:\/\/verde-amarelo.net\/verdeamarelo\/wp-json\/wp\/v2\/types\/post"}],"author":[{"embeddable":true,"href":"https:\/\/verde-amarelo.net\/verdeamarelo\/wp-json\/wp\/v2\/users\/1"}],"replies":[{"embeddable":true,"href":"https:\/\/verde-amarelo.net\/verdeamarelo\/wp-json\/wp\/v2\/comments?post=74172"}],"version-history":[{"count":0,"href":"https:\/\/verde-amarelo.net\/verdeamarelo\/wp-json\/wp\/v2\/posts\/74172\/revisions"}],"wp:attachment":[{"href":"https:\/\/verde-amarelo.net\/verdeamarelo\/wp-json\/wp\/v2\/media?parent=74172"}],"wp:term":[{"taxonomy":"category","embeddable":true,"href":"https:\/\/verde-amarelo.net\/verdeamarelo\/wp-json\/wp\/v2\/categories?post=74172"},{"taxonomy":"post_tag","embeddable":true,"href":"https:\/\/verde-amarelo.net\/verdeamarelo\/wp-json\/wp\/v2\/tags?post=74172"}],"curies":[{"name":"wp","href":"https:\/\/api.w.org\/{rel}","templated":true}]}}