{"id":74173,"date":"2019-03-08T11:10:13","date_gmt":"2019-03-08T14:10:13","guid":{"rendered":"https:\/\/verde-amarelo.net\/verdeamarelo\/2019\/03\/a-lideranca-feminina-na-ccr-autoban\/"},"modified":"2019-03-08T11:10:13","modified_gmt":"2019-03-08T14:10:13","slug":"a-lideranca-feminina-na-ccr-autoban","status":"publish","type":"post","link":"https:\/\/verde-amarelo.net\/verdeamarelo\/2019\/03\/a-lideranca-feminina-na-ccr-autoban\/","title":{"rendered":"A lideran\u00e7a feminina na CCR AutoBAn"},"content":{"rendered":"<blockquote class=\"quote_content\" readability=\"30\">\n<p><span>Dia Internacional da Mulher<\/span><\/p>\n<\/blockquote>\n<div id=\"attachment_26295\" class=\"wp-caption alignleft\" readability=\"32\"><a href=\"http:\/\/www.cargonews.com.br\/wp-content\/uploads\/2019\/03\/image002-7.jpg\">&#8221; wp-image-26295&#8243; src=&#8221;https:\/\/www.truckbrasil.com.br\/wp\/wp-content\/uploads\/2019\/03\/a-lideranca-feminina-na-ccr-autoban.jpg&#8221; alt=&#8221;&#8221; width=&#8221;357&#8243; height=&#8221;255&#8243; srcset=&#8221;https:\/\/www.truckbrasil.com.br\/wp\/wp-content\/uploads\/2019\/03\/a-lideranca-feminina-na-ccr-autoban.jpg 300w, http:\/\/www.cargonews.com.br\/wp-content\/uploads\/2019\/03\/image002-7.jpg 567w&#8221; sizes=&#8221;(max-width: 357px) 100vw, 357px&#8221;\/><\/a><\/p>\n<p class=\"wp-caption-text\">Cristiane Gomes \u00e9 diretora da CCR AutoBAn \u2013 Foto: Cl\u00f3vis Ferreira\/Digna Imagem<\/p>\n<\/div>\n<p>Na CCR AutoBAn, concession\u00e1ria que administra o Sistema Anhanguera-Bandeirantes, as mulheres ocupam cargos em praticamente todos os setores da empresa, nas \u00e1reas de tr\u00e1fego, arrecada\u00e7\u00e3o, ouvidoria, engenharia, comunica\u00e7\u00e3o social, conserva\u00e7\u00e3o, gest\u00e3o de pessoas e at\u00e9 mesmo na diretoria da empresa.<\/p>&nbsp;&nbsp;\n<p>Desde setembro de 2018, a CCR AutoBAn \u00e9 liderada por Cristiane Gomes, primeira mulher a comandar uma concession\u00e1ria de rodovias do Grupo CCR. Para ela, assumir a gest\u00e3o da concession\u00e1ria que administra o Sistema Anhanguera-Bandeirantes \u2013 um dos principais corredores rodovi\u00e1rios do pa\u00eds \u2013 \u00e9 resultado de um novo momento no mercado de trabalho, que enxerga compet\u00eancias gerenciais em homens e mulheres. \u201cEmpresas n\u00e3o t\u00eam g\u00eanero, tem pessoas. Nosso papel, enquanto l\u00edderes, \u00e9 desenvolver processos e principalmente nossos colaboradores, respeitando as diferen\u00e7as e buscando o equil\u00edbrio entre satisfa\u00e7\u00e3o pessoal e profissional. Desta forma, garantimos resultados que impactem positivamente na vida dos nossos usu\u00e1rios e p\u00fablico que se relaciona com a concession\u00e1ria\u201d, destaca.<\/p>&nbsp;&nbsp;\n<p>Na CCR AutoBAn, a maior parte do quadro de funcion\u00e1rios \u00e9 composta por mulheres, que representam 53% do efetivo da empresa. A presen\u00e7a feminina pode ser observada por aqueles que utilizam as rodovias. Na pr\u00e1tica, o usu\u00e1rio de rodovias pode ser atendido por uma mulher em uma cabine de ped\u00e1gio, no servi\u00e7o 0800, em uma inspe\u00e7\u00e3o de tr\u00e1fego, no Resgate e at\u00e9 mesmo em um guincho leve. \u201cEm todas etapas do atendimento, n\u00f3s contamos com mulheres em nossa equipe\u201d, diz Fabiano Adami, gestor de Atendimento da CCR AutoBAn. Para ele, a intera\u00e7\u00e3o entre homens e mulheres em um ambiente tido at\u00e9 pouco tempo como \u2018masculino\u2019 \u00e9 extremamente positiva. \u201cConseguimos desenvolver equipes com m\u00faltiplas compet\u00eancias, que resultam em atendimentos cada vez mais humanizados\u201d destaca Adami.<\/p>&nbsp;&nbsp;\n<p>Nesta sexta-feira (8) \u2013 Dia Internacional da Mulher \u2013 profissionais de beleza percorrem os postos de trabalho da Concession\u00e1ria e oferecem sess\u00f5es com dicas de maquiagem, com o objetivo de valorizar e promover a autoestima das colaboradoras.<\/p>&nbsp;&nbsp;\n<p><strong>Saiba mais sobre Cristiane Gomes<\/strong><\/p>\n<p>A nova diretora da CCR AutoBAn \u00e9 graduada em Matem\u00e1tica, mestre em Engenharia de Produ\u00e7\u00e3o e possui MBA Internacional em Gest\u00e3o Empresarial, P\u00f3s-gradua\u00e7\u00e3o em Gest\u00e3o de Projetos e em Gest\u00e3o de Riscos.<\/p>&nbsp;&nbsp;\n<p>Cristiane Gomes foi Diretora Presidente da CCR EngelogTec, n\u00facleo de tecnologia do Grupo CCR, com atua\u00e7\u00e3o nos processos de Tecnologia, Automa\u00e7\u00e3o, Manuten\u00e7\u00e3o Eletroeletr\u00f4nica e Seguran\u00e7a da Informa\u00e7\u00e3o para os neg\u00f3cios de rodovias, mobilidade urbana (metr\u00f4s, barcas, VLT), aeroportos no Brasil, Am\u00e9rica Latina e Estados Unidos, e empresas de servi\u00e7os. Liderou mais de 600 colaboradores diretos, al\u00e9m de terceiros contratados em mais de 15 neg\u00f3cios no Brasil e no exterior. Tamb\u00e9m ocupa o cargo de membro do Conselho de Administra\u00e7\u00e3o de empresas integrantes do Grupo CCR no Brasil e nos Estados Unidos. No Grupo, iniciou a carreira na CCR AutoBAn. Cristiane atuou em grandes projetos de transforma\u00e7\u00e3o dos neg\u00f3cios, bem como na cria\u00e7\u00e3o e implanta\u00e7\u00e3o da CCR Actua e ViaQuatro.<\/p>&nbsp;&nbsp;\n<p>Assessoria de Imprensa<\/p>\n","protected":false},"excerpt":{"rendered":"<p>Dia Internacional da Mulher &#8221; wp-image-26295&#8243; src=&#8221;https:\/\/www.truckbrasil.com.br\/wp\/wp-content\/uploads\/2019\/03\/a-lideranca-feminina-na-ccr-autoban.jpg&#8221; alt=&#8221;&#8221; width=&#8221;357&#8243; height=&#8221;255&#8243; srcset=&#8221;https:\/\/www.truckbrasil.com.br\/wp\/wp-content\/uploads\/2019\/03\/a-lideranca-feminina-na-ccr-autoban.jpg 300w, http:\/\/www.cargonews.com.br\/wp-content\/uploads\/2019\/03\/image002-7.jpg 567w&#8221; sizes=&#8221;(max-width:&#8230;<\/p>\n","protected":false},"author":1,"featured_media":0,"comment_status":"open","ping_status":"open","sticky":false,"template":"","format":"standard","meta":{"fifu_image_url":"","fifu_image_alt":"","footnotes":""},"categories":[8702],"tags":[9621],"class_list":["post-74173","post","type-post","status-publish","format-standard","hentry","category-logistica","tag-dia-internacional-da-mulherlogistica","wpcat-8702-id"],"_links":{"self":[{"href":"https:\/\/verde-amarelo.net\/verdeamarelo\/wp-json\/wp\/v2\/posts\/74173","targetHints":{"allow":["GET"]}}],"collection":[{"href":"https:\/\/verde-amarelo.net\/verdeamarelo\/wp-json\/wp\/v2\/posts"}],"about":[{"href":"https:\/\/verde-amarelo.net\/verdeamarelo\/wp-json\/wp\/v2\/types\/post"}],"author":[{"embeddable":true,"href":"https:\/\/verde-amarelo.net\/verdeamarelo\/wp-json\/wp\/v2\/users\/1"}],"replies":[{"embeddable":true,"href":"https:\/\/verde-amarelo.net\/verdeamarelo\/wp-json\/wp\/v2\/comments?post=74173"}],"version-history":[{"count":0,"href":"https:\/\/verde-amarelo.net\/verdeamarelo\/wp-json\/wp\/v2\/posts\/74173\/revisions"}],"wp:attachment":[{"href":"https:\/\/verde-amarelo.net\/verdeamarelo\/wp-json\/wp\/v2\/media?parent=74173"}],"wp:term":[{"taxonomy":"category","embeddable":true,"href":"https:\/\/verde-amarelo.net\/verdeamarelo\/wp-json\/wp\/v2\/categories?post=74173"},{"taxonomy":"post_tag","embeddable":true,"href":"https:\/\/verde-amarelo.net\/verdeamarelo\/wp-json\/wp\/v2\/tags?post=74173"}],"curies":[{"name":"wp","href":"https:\/\/api.w.org\/{rel}","templated":true}]}}