{"id":74174,"date":"2019-03-08T11:00:42","date_gmt":"2019-03-08T14:00:42","guid":{"rendered":"https:\/\/verde-amarelo.net\/verdeamarelo\/2019\/03\/mulher-mae-maritima-e-universitaria\/"},"modified":"2019-03-08T11:00:42","modified_gmt":"2019-03-08T14:00:42","slug":"mulher-mae-maritima-e-universitaria","status":"publish","type":"post","link":"https:\/\/verde-amarelo.net\/verdeamarelo\/2019\/03\/mulher-mae-maritima-e-universitaria\/","title":{"rendered":"Mulher, m\u00e3e, mar\u00edtima e universit\u00e1ria!"},"content":{"rendered":"<blockquote class=\"quote_content\" readability=\"33\">\n<p><span>Haglaya Juliana, marinheira de M\u00e1quinas na Alian\u00e7a, passa 56 dias no mar e divide os outros 56 em terra com os filhos e os estudos<\/span><\/p>\n<\/blockquote>\n<p><a href=\"http:\/\/www.cargonews.com.br\/wp-content\/uploads\/2019\/03\/Haglaya.jpg\"><img \"wp-image-26276 alignleft&#8221; src=&#8221;https:\/\/www.truckbrasil.com.br\/wp\/wp-content\/uploads\/2019\/03\/mulher-mae-maritima-e-universitaria.jpg&#8221; alt=&#8221;&#8221; width=&#8221;350&#8243; height=&#8221;251&#8243; srcset=&#8221;https:\/\/www.truckbrasil.com.br\/wp\/wp-content\/uploads\/2019\/03\/mulher-mae-maritima-e-universitaria.jpg 300w, http:\/\/www.cargonews.com.br\/wp-content\/uploads\/2019\/03\/Haglaya-768&#215;549.jpg 768w, http:\/\/www.cargonews.com.br\/wp-content\/uploads\/2019\/03\/Haglaya-1024&#215;732.jpg 1024w, http:\/\/www.cargonews.com.br\/wp-content\/uploads\/2019\/03\/Haglaya.jpg 1032w&#8221; sizes=&#8221;(max-width: 350px) 100vw, 350px&#8221;\/><\/a>S\u00e3o Paulo, mar\u00e7o de 2019 \u2013 Para muitos ser m\u00e3e, trabalhar fora e estudar \u00e9 uma miss\u00e3o quase imposs\u00edvel, mas para Haglaya Juliana de Figueiredo Lucena, de 34 anos, \u00e9 a realiza\u00e7\u00e3o de um sonho. Com uma fam\u00edlia f\u00e3 da navega\u00e7\u00e3o, ela j\u00e1 tinha seu futuro tra\u00e7ado: o mar. Em 2012, ela se formou Aquavi\u00e1ria de M\u00e1quinas no Col\u00e9gio Naval, em Angra dos Reis (RJ), mas seu prop\u00f3sito de carreira era maior.<\/p>&nbsp;&nbsp;\n<p>H\u00e1 quatro anos na Alian\u00e7a Navega\u00e7\u00e3o e Log\u00edstica, ela \u00e9 um dos destaques da Pra\u00e7a de M\u00e1quinas do navio Sebasti\u00e3o Caboto, sob o comando do Cmte. Emanuel Brasil. Sua primeira fun\u00e7\u00e3o na Alian\u00e7a foi como \u201cMo\u00e7o de M\u00e1quinas\u201d no navio \u2018Alian\u00e7a Energia\u2019, na qual permaneceu por dois anos. Logo ap\u00f3s, foi promovida a Marinheira de M\u00e1quinas, j\u00e1 no Sebasti\u00e3o Caboto. \u201cTrabalhar na Alian\u00e7a \u00e9 diferente. \u00c9 uma empresa que d\u00e1 valor aos seus funcion\u00e1rios, d\u00e1 oportunidades para crescer na carreira, sempre inovando\u201d, comenta Juliana.<\/p>&nbsp;&nbsp;\n<p>Com uma escala de trabalho diferenciada, que inclui 56 dias embarcada e outros 56 em terra, Juliana divide o seu tempo de folga com os tr\u00eas filhos \u2013 Enolla, de 15 anos; Jo\u00e3o Vitor de 13 e Hyalla de 11, al\u00e9m de se dedicar \u00e0 Faculdade de Engenharia Mec\u00e2nica, seu grande sonho. Atualmente, ela cursa o 6\u00ba per\u00edodo na Faculdade Pit\u00e1goras, em Jo\u00e3o Pessoa (PB). \u201cComo o curso \u00e9 presencial e trabalho com a escala de 56\u00d756, tenho que pegar pesado nos estudos no per\u00edodo de folga. Aproveito, tamb\u00e9m, para dar o m\u00e1ximo de aten\u00e7\u00e3o e amor aos meus filhos\u201d, comenta.<\/p>&nbsp;&nbsp;\n<p>Como Marinheira de M\u00e1quinas, Juliana \u00e9 respons\u00e1vel pela manuten\u00e7\u00e3o, conserva\u00e7\u00e3o e preserva\u00e7\u00e3o do navio. No SECAB, ela integra uma equipe de 8 pessoas liderada pelo Chefe de M\u00e1quinas Juc\u00e9lio Rocha. \u201cNo come\u00e7o \u00e9 dif\u00edcil conquistar a confian\u00e7a da equipe, n\u00e3o por ser mulher, mas por ainda n\u00e3o conhecerem seu trabalho. Tudo \u00e9 uma quest\u00e3o de experi\u00eancia. Dentro da Pra\u00e7a de M\u00e1quinas, ningu\u00e9m faz nada sozinho, \u00e9 sempre um trabalho em equipe\u201d, comenta.<\/p>&nbsp;&nbsp;\n<p>E Juliana n\u00e3o est\u00e1 sozinha. Conta com mais quatro mulheres em sua tripula\u00e7\u00e3o de 21 pessoas. Sobre sua equipe, ela s\u00f3 tem elogios. \u201cIndependente da \u00e1rea de trabalho, somos uma tripula\u00e7\u00e3o muito unida e dedicada. Todos se ajudam e d\u00e3o prioridade ao que realmente \u00e9 priorit\u00e1rio naquele momento. A equipe do SECAB \u00e9 realmente uma das melhores que j\u00e1 trabalhei\u201d, comenta.<\/p>&nbsp;&nbsp;\n<p><strong>As guerreiras do Mar<\/strong><br \/>J\u00e1 ficou comprovado que as mulheres j\u00e1 conquistaram seu espa\u00e7o na navega\u00e7\u00e3o. Elas provam todos os dias que s\u00e3o capazes de comandar e chefiar navios t\u00e3o bem quanto os homens.<\/p>&nbsp;&nbsp;\n<p><strong><a href=\"http:\/\/www.cargonews.com.br\/wp-content\/uploads\/2019\/03\/Daisy.jpg\"><img \"wp-image-26277 alignleft&#8221; src=&#8221;https:\/\/www.truckbrasil.com.br\/wp\/wp-content\/uploads\/2019\/03\/mulher-mae-maritima-e-universitaria-1.jpg&#8221; alt=&#8221;&#8221; width=&#8221;347&#8243; height=&#8221;259&#8243; srcset=&#8221;https:\/\/www.truckbrasil.com.br\/wp\/wp-content\/uploads\/2019\/03\/mulher-mae-maritima-e-universitaria-1.jpg 300w, http:\/\/www.cargonews.com.br\/wp-content\/uploads\/2019\/03\/Daisy.jpg 585w&#8221; sizes=&#8221;(max-width: 347px) 100vw, 347px&#8221;\/><\/a>Daisy Lima<\/strong> \u2013 1\u00aa Comandante da Alian\u00e7a<br \/>Daisy Lima da Silva, de 38 anos, \u00e9 um exemplo de lideran\u00e7a. Formada pela Marinha Mercante, ela est\u00e1 h\u00e1 13 anos na Alian\u00e7a Navega\u00e7\u00e3o e Log\u00edstica, onde galgou degraus \u2013 2\u00ba piloto, 1\u00ba piloto e imediato \u2013 para chegar, h\u00e1 quatro anos, ao posto de comandante do navio de cabotagem Sebasti\u00e3o Caboto.<\/p>&nbsp;&nbsp;\n<p>Casada h\u00e1 tr\u00eas anos com o Cte. Souza, do navio Jo\u00e3o de Solis, a profissional se divide entre os 56 dias em mar, a visita \u00e0 m\u00e3e no Par\u00e1 e \u00e0 sua casa em Fortaleza (CE), no per\u00edodo de folga. A \u00fanica comandante feminina da Alian\u00e7a trabalha com uma tripula\u00e7\u00e3o de 19 homens na rota Manaus (AM) \u2013 Itapo\u00e1 (SC). \u201cNo in\u00edcio da minha carreira profissional, havia uma certa desconfian\u00e7a se voc\u00ea conseguiria realmente desempenhar aquele papel. Com tempo, voc\u00ea mostra que pode, ganha a confian\u00e7a da equipe e conquista a admira\u00e7\u00e3o\u201d.<\/p>&nbsp;&nbsp;\n<p><strong><a href=\"http:\/\/www.cargonews.com.br\/wp-content\/uploads\/2019\/03\/Luciane.jpg\"><img \"wp-image-26278 alignright&#8221; src=&#8221;https:\/\/www.truckbrasil.com.br\/wp\/wp-content\/uploads\/2019\/03\/mulher-mae-maritima-e-universitaria-2.jpg&#8221; alt=&#8221;&#8221; width=&#8221;280&#8243; height=&#8221;324&#8243; srcset=&#8221;https:\/\/www.truckbrasil.com.br\/wp\/wp-content\/uploads\/2019\/03\/mulher-mae-maritima-e-universitaria-2.jpg 259w, http:\/\/www.cargonews.com.br\/wp-content\/uploads\/2019\/03\/Luciane.jpg 467w&#8221; sizes=&#8221;(max-width: 280px) 100vw, 280px&#8221;\/><\/a>Luciane Marcelino Nogueira<\/strong> \u2013 1\u00aa Contramestre da Alian\u00e7a<br \/>Luciane, de 43 anos, tem uma profiss\u00e3o ainda exercida majoritariamente por homens. H\u00e1 dez anos no mercado da navega\u00e7\u00e3o e h\u00e1 cinco na Alian\u00e7a Navega\u00e7\u00e3o e Log\u00edstica, ela \u00e9 a primeira Contramestre da equipe e tem uma trajet\u00f3ria marcada por muito trabalho e dedica\u00e7\u00e3o.<\/p>&nbsp;&nbsp;\n<p>Conhecida pelos colegas como \u201cformiga at\u00f4mica\u201d, Luciane trabalha numa escala de 56 por 56, ou seja, fica quase dois meses a bordo. Al\u00e9m de comandar uma equipe, a contramestre precisa administrar outro grande desafio: a saudade da filha Luma de quatro anos. Quando est\u00e1 em terra, o tempo livre \u00e9 totalmente dedicado \u00e0 menina. \u201cProcuro investir ao m\u00e1ximo na qualidade do tempo com a minha filha. Vamos ao clube e \u00e0 praia, por exemplo, mesmo que n\u00e3o seja final de semana\u201d, destaca.<\/p>&nbsp;&nbsp;\n<p><strong><a href=\"http:\/\/www.cargonews.com.br\/wp-content\/uploads\/2019\/03\/Dieinielle.jpg\"><img \"wp-image-26279 alignleft&#8221; src=&#8221;https:\/\/www.truckbrasil.com.br\/wp\/wp-content\/uploads\/2019\/03\/mulher-mae-maritima-e-universitaria-3.jpg&#8221; alt=&#8221;&#8221; width=&#8221;226&#8243; height=&#8221;359&#8243; srcset=&#8221;https:\/\/www.truckbrasil.com.br\/wp\/wp-content\/uploads\/2019\/03\/mulher-mae-maritima-e-universitaria-3.jpg 189w, http:\/\/www.cargonews.com.br\/wp-content\/uploads\/2019\/03\/Dieinielle.jpg 523w&#8221; sizes=&#8221;(max-width: 226px) 100vw, 226px&#8221;\/><\/a>Dieinielle Moraes<\/strong> \u2013 1\u00aa Chefe de M\u00e1quinas da Alian\u00e7a<br \/>Dieinielle Moraes de Souza assumiu, em 2018, como 1\u00aa Chefe de M\u00e1quinas. Come\u00e7ou sua carreira na Alian\u00e7a, em 2011, como 2\u00ba Oficial de M\u00e1quinas, a bordo do navio Alian\u00e7a Santos. Promovida a 1\u00ba Oficial, atuou nas embarca\u00e7\u00f5es Sebasti\u00e3o Caboto e Am\u00e9rico Vesp\u00facio. J\u00e1 como Chefe de M\u00e1quinas, comanda a equipe do Navio Bartolomeu Dias.<\/p>&nbsp;&nbsp;\n<p>Para chegar at\u00e9 aqui, Dieinielle sempre teve muito apoio da fam\u00edlia. Com uma escala de trabalho de 56\u00d756, ou seja, 56 dias em terra e 56 no mar, a Chefe de M\u00e1quinas utiliza seu tempo de folga para estar com a fam\u00edlia e ajudar o marido, com quem atua na administra\u00e7\u00e3o de uma franquia da \u00e1rea de beleza. \u201cMeu marido toma conta de tudo quando n\u00e3o estou por aqui. A fam\u00edlia \u00e9 muito importante para quem passa muito tempo no mar. Perdi meu pai ainda quando estava na praticagem e, por isso, aproveito cada segundo da minha folga com as pessoas que amo\u201d.<\/p>&nbsp;&nbsp;\n<p>Assessoria de Imprensa<\/p>\n","protected":false},"excerpt":{"rendered":"<p>Haglaya Juliana, marinheira de M\u00e1quinas na Alian\u00e7a, passa 56 dias no mar e divide os&#8230;<\/p>\n","protected":false},"author":1,"featured_media":0,"comment_status":"open","ping_status":"open","sticky":false,"template":"","format":"standard","meta":{"fifu_image_url":"","fifu_image_alt":"","footnotes":""},"categories":[8702],"tags":[9622],"class_list":["post-74174","post","type-post","status-publish","format-standard","hentry","category-logistica","tag-logisticanavegacao-e-logistica","wpcat-8702-id"],"_links":{"self":[{"href":"https:\/\/verde-amarelo.net\/verdeamarelo\/wp-json\/wp\/v2\/posts\/74174","targetHints":{"allow":["GET"]}}],"collection":[{"href":"https:\/\/verde-amarelo.net\/verdeamarelo\/wp-json\/wp\/v2\/posts"}],"about":[{"href":"https:\/\/verde-amarelo.net\/verdeamarelo\/wp-json\/wp\/v2\/types\/post"}],"author":[{"embeddable":true,"href":"https:\/\/verde-amarelo.net\/verdeamarelo\/wp-json\/wp\/v2\/users\/1"}],"replies":[{"embeddable":true,"href":"https:\/\/verde-amarelo.net\/verdeamarelo\/wp-json\/wp\/v2\/comments?post=74174"}],"version-history":[{"count":0,"href":"https:\/\/verde-amarelo.net\/verdeamarelo\/wp-json\/wp\/v2\/posts\/74174\/revisions"}],"wp:attachment":[{"href":"https:\/\/verde-amarelo.net\/verdeamarelo\/wp-json\/wp\/v2\/media?parent=74174"}],"wp:term":[{"taxonomy":"category","embeddable":true,"href":"https:\/\/verde-amarelo.net\/verdeamarelo\/wp-json\/wp\/v2\/categories?post=74174"},{"taxonomy":"post_tag","embeddable":true,"href":"https:\/\/verde-amarelo.net\/verdeamarelo\/wp-json\/wp\/v2\/tags?post=74174"}],"curies":[{"name":"wp","href":"https:\/\/api.w.org\/{rel}","templated":true}]}}