{"id":74176,"date":"2019-03-08T22:58:05","date_gmt":"2019-03-09T01:58:05","guid":{"rendered":"https:\/\/verde-amarelo.net\/verdeamarelo\/2019\/03\/mclaren-senna-gtr-de-competicao-e-revelado\/"},"modified":"2019-03-08T22:58:05","modified_gmt":"2019-03-09T01:58:05","slug":"mclaren-senna-gtr-de-competicao-e-revelado","status":"publish","type":"post","link":"https:\/\/verde-amarelo.net\/verdeamarelo\/2019\/03\/mclaren-senna-gtr-de-competicao-e-revelado\/","title":{"rendered":"McLaren Senna GTR de competi\u00e7\u00e3o \u00e9 revelado"},"content":{"rendered":"<p><a href=\"http:\/\/www.carpointnews.com.br\/2019\/03\/08\/mclaren-competicao-revelado\/mclaren-senna-gtr_02\/\" rel=\"attachment wp-att-70783\"><img \"alignnone size-full wp-image-70783&#8243; src=&#8221;http:\/\/www.carpointnews.com.br\/wp-content\/uploads\/2019\/03\/McLaren-Senna-GTR_02.jpg&#8221; alt=&#8221;&#8221; width=&#8221;500&#8243; height=&#8221;333&#8243; srcset=&#8221;http:\/\/www.carpointnews.com.br\/wp-content\/uploads\/2019\/03\/McLaren-Senna-GTR_02.jpg 500w, http:\/\/www.carpointnews.com.br\/wp-content\/uploads\/2019\/03\/McLaren-Senna-GTR_02-300&#215;200.jpg 300w, http:\/\/www.carpointnews.com.br\/wp-content\/uploads\/2019\/03\/McLaren-Senna-GTR_02-180&#215;120.jpg 180w, http:\/\/www.carpointnews.com.br\/wp-content\/uploads\/2019\/03\/McLaren-Senna-GTR_02-150&#215;100.jpg 150w&#8221; sizes=&#8221;(max-width: 500px) 100vw, 500px&#8221;\/><\/a><\/p>\n<p>Menos de um ano ap\u00f3s ser apresentado como prot\u00f3tipo no Sal\u00e3o Internacional do Autom\u00f3vel de Genebra, em mar\u00e7o de 2018, o McLaren Senna GTR, o carro de corrida mais radical da McLaren Automotive, \u00e9 apresentado em sua forma final e completa.<\/p>&nbsp;&nbsp;\n<p>Esta \u00e9 a vers\u00e3o de corrida do superesportivo que leva o nome do tricampe\u00e3o de F\u00f3rmula 1 Ayrton Senna e que foi apresentada pela Marca SENNA em outubro, no Sal\u00e3o do Autom\u00f3vel de S\u00e3o Paulo, sendo a maior atra\u00e7\u00e3o do evento brasileiro.<\/p>&nbsp;&nbsp;\n<p>Evolu\u00e7\u00e3o do McLaren Senna GTR Concept 2018, apresentado em Genebra, o atual modelo \u00e9 mais r\u00e1pido, leve e potente que a vers\u00e3o de rua, levando o dinamismo do McLaren Senna a novos patamares de desempenho nas pistas fora da F\u00f3rmula 1. O motor V8 de 4.0 litros e dois turbocompressores gera 825 cavalos de pot\u00eancia m\u00e1xima. Com peso de 1.188 kg, tem rela\u00e7\u00e3o peso\/pot\u00eancia de inacredit\u00e1veis 694 cv por tonelada.<\/p>&nbsp;&nbsp;\n<p><a href=\"http:\/\/www.carpointnews.com.br\/2019\/03\/08\/mclaren-competicao-revelado\/mclaren-senna-gtr_01\/\" rel=\"attachment wp-att-70782\"><img \"alignnone size-full wp-image-70782&#8243; src=&#8221;http:\/\/www.carpointnews.com.br\/wp-content\/uploads\/2019\/03\/McLaren-Senna-GTR_01.jpg&#8221; alt=&#8221;&#8221; width=&#8221;500&#8243; height=&#8221;333&#8243; srcset=&#8221;http:\/\/www.carpointnews.com.br\/wp-content\/uploads\/2019\/03\/McLaren-Senna-GTR_01.jpg 500w, http:\/\/www.carpointnews.com.br\/wp-content\/uploads\/2019\/03\/McLaren-Senna-GTR_01-300&#215;200.jpg 300w, http:\/\/www.carpointnews.com.br\/wp-content\/uploads\/2019\/03\/McLaren-Senna-GTR_01-180&#215;120.jpg 180w, http:\/\/www.carpointnews.com.br\/wp-content\/uploads\/2019\/03\/McLaren-Senna-GTR_01-150&#215;100.jpg 150w&#8221; sizes=&#8221;(max-width: 500px) 100vw, 500px&#8221;\/><\/a><\/p>\n<p>As 75 unidades do mais novo e exclusivo modelo da Ultimate Series da McLaren j\u00e1 foram vendidas em poucas semanas e come\u00e7am a ser entregues a partir de setembro para felizardos propriet\u00e1rios que poder\u00e3o correr ou apenas se divertir nas pistas. Ser\u00e3o fabricadas sob encomenda em Woking, no Reino Unido, com pre\u00e7o de \u00a3 1,1 milh\u00e3o de libras esterlinas mais impostos (equivalente a R$ 5,5 milh\u00f5es mais impostos). O modelo cumpre a promessa de oferecer a pot\u00eancia de um hipercarro aliada ao manuseio acess\u00edvel, com aerodin\u00e2mica e chassi de um puro-sangue.<\/p>&nbsp;&nbsp;\n<p>O resultado \u00e9 uma m\u00e1quina capaz de rodar em circuitos com mais rapidez do que qualquer McLaren fora da F\u00f3rmula 1, proporcionando aos seus propriet\u00e1rios, de todos os n\u00edveis de habilidades, uma experi\u00eancia de dire\u00e7\u00e3o inigual\u00e1vel.<\/p>&nbsp;&nbsp;\n<p><a href=\"http:\/\/www.carpointnews.com.br\/2019\/03\/08\/mclaren-competicao-revelado\/mclaren-senna-gtr_04\/\" rel=\"attachment wp-att-70784\"><img \"alignnone size-full wp-image-70784&#8243; src=&#8221;http:\/\/www.carpointnews.com.br\/wp-content\/uploads\/2019\/03\/McLaren-Senna-GTR_04.jpg&#8221; alt=&#8221;&#8221; width=&#8221;500&#8243; height=&#8221;333&#8243; srcset=&#8221;http:\/\/www.carpointnews.com.br\/wp-content\/uploads\/2019\/03\/McLaren-Senna-GTR_04.jpg 500w, http:\/\/www.carpointnews.com.br\/wp-content\/uploads\/2019\/03\/McLaren-Senna-GTR_04-300&#215;200.jpg 300w, http:\/\/www.carpointnews.com.br\/wp-content\/uploads\/2019\/03\/McLaren-Senna-GTR_04-180&#215;120.jpg 180w, http:\/\/www.carpointnews.com.br\/wp-content\/uploads\/2019\/03\/McLaren-Senna-GTR_04-150&#215;100.jpg 150w&#8221; sizes=&#8221;(max-width: 500px) 100vw, 500px&#8221;\/><\/a><\/p>\n<p>O novo GTR leva o McLaren Senna \u2013 modelo de rua mais radical, ousado e completo produzido, at\u00e9 hoje, pela fabricante inglesa \u2013 v\u00e1rios passos adiante no campo do desempenho final. Sem as restri\u00e7\u00f5es de regulamenta\u00e7\u00e3o para rodar em estradas ou pistas des corrida, o novo carro da S\u00e9rie Ultimate possui incr\u00edveis 1.000 kg de downforce aerodin\u00e2mico, al\u00e9m de utilizar suspens\u00e3o derivada do programa de corrida GT3 da McLaren. O McLaren Senna GTR sucede os lend\u00e1rios McLaren F1 GTR, de 1995 (vencedor de Le Mans), e o McLaren P1 \u2122 GTR, de 2015, e foi ninspirado no tricampe\u00e3o mundial de F\u00f3rmula 1 Ayrton Senna.<\/p>&nbsp;&nbsp;\n<p>Cada Mclaren Senna GTR oferece ao seu propriet\u00e1rio oportunidades virtualmente ilimitadas de personaliza\u00e7\u00e3o pelo centro de opera\u00e7\u00f5es especiais da McLaren, que v\u00e3o desde cores de tinta at\u00e9 pinturas exclusivas e multicoloridas.<\/p>&nbsp;&nbsp;\n<p>Fonte: Charles Marzanasco Filho \/ PMarzanasco Assessoria<\/p>\n","protected":false},"excerpt":{"rendered":"<p>As 75 unidades do mais novo e exclusivo modelo da Ultimate Series da McLaren j\u00e1&#8230;<\/p>\n","protected":false},"author":1,"featured_media":0,"comment_status":"open","ping_status":"open","sticky":false,"template":"","format":"standard","meta":{"fifu_image_url":"","fifu_image_alt":"","footnotes":""},"categories":[8699],"tags":[9097],"class_list":["post-74176","post","type-post","status-publish","format-standard","hentry","category-geralcarros","tag-carrosmclaren-senna-gtrnoticias","wpcat-8699-id"],"_links":{"self":[{"href":"https:\/\/verde-amarelo.net\/verdeamarelo\/wp-json\/wp\/v2\/posts\/74176","targetHints":{"allow":["GET"]}}],"collection":[{"href":"https:\/\/verde-amarelo.net\/verdeamarelo\/wp-json\/wp\/v2\/posts"}],"about":[{"href":"https:\/\/verde-amarelo.net\/verdeamarelo\/wp-json\/wp\/v2\/types\/post"}],"author":[{"embeddable":true,"href":"https:\/\/verde-amarelo.net\/verdeamarelo\/wp-json\/wp\/v2\/users\/1"}],"replies":[{"embeddable":true,"href":"https:\/\/verde-amarelo.net\/verdeamarelo\/wp-json\/wp\/v2\/comments?post=74176"}],"version-history":[{"count":0,"href":"https:\/\/verde-amarelo.net\/verdeamarelo\/wp-json\/wp\/v2\/posts\/74176\/revisions"}],"wp:attachment":[{"href":"https:\/\/verde-amarelo.net\/verdeamarelo\/wp-json\/wp\/v2\/media?parent=74176"}],"wp:term":[{"taxonomy":"category","embeddable":true,"href":"https:\/\/verde-amarelo.net\/verdeamarelo\/wp-json\/wp\/v2\/categories?post=74176"},{"taxonomy":"post_tag","embeddable":true,"href":"https:\/\/verde-amarelo.net\/verdeamarelo\/wp-json\/wp\/v2\/tags?post=74176"}],"curies":[{"name":"wp","href":"https:\/\/api.w.org\/{rel}","templated":true}]}}