{"id":74178,"date":"2019-03-08T22:50:00","date_gmt":"2019-03-09T01:50:00","guid":{"rendered":"https:\/\/verde-amarelo.net\/verdeamarelo\/2019\/03\/mclaren-esta-prestes-a-redefinir-as-regras-do-gra-turismo\/"},"modified":"2019-03-08T22:50:00","modified_gmt":"2019-03-09T01:50:00","slug":"mclaren-esta-prestes-a-redefinir-as-regras-do-gra-turismo","status":"publish","type":"post","link":"https:\/\/verde-amarelo.net\/verdeamarelo\/2019\/03\/mclaren-esta-prestes-a-redefinir-as-regras-do-gra-turismo\/","title":{"rendered":"McLaren est\u00e1 prestes a redefinir as regras do Gr\u00e3 Turismo"},"content":{"rendered":"<p><a href=\"http:\/\/www.carpointnews.com.br\/2019\/03\/08\/mclaren-redefinir-turismo\/mclaren-esta-prestes-a-redefinir-as-regras-do-gra-turismo\/\" rel=\"attachment wp-att-70773\"><img \"alignnone size-full wp-image-70773&#8243; src=&#8221;http:\/\/www.carpointnews.com.br\/wp-content\/uploads\/2019\/03\/McLaren-est%C3%A1-prestes-a-redefinir-as-regras-do-Gr%C3%A3-Turismo.jpg&#8221; alt=&#8221;&#8221; width=&#8221;500&#8243; height=&#8221;280&#8243; srcset=&#8221;http:\/\/www.carpointnews.com.br\/wp-content\/uploads\/2019\/03\/McLaren-est&#xE1;-prestes-a-redefinir-as-regras-do-Gr&#xE3;-Turismo.jpg 500w, http:\/\/www.carpointnews.com.br\/wp-content\/uploads\/2019\/03\/McLaren-est&#xE1;-prestes-a-redefinir-as-regras-do-Gr&#xE3;-Turismo-300&#215;168.jpg 300w, http:\/\/www.carpointnews.com.br\/wp-content\/uploads\/2019\/03\/McLaren-est&#xE1;-prestes-a-redefinir-as-regras-do-Gr&#xE3;-Turismo-180&#215;101.jpg 180w, http:\/\/www.carpointnews.com.br\/wp-content\/uploads\/2019\/03\/McLaren-est&#xE1;-prestes-a-redefinir-as-regras-do-Gr&#xE3;-Turismo-150&#215;84.jpg 150w&#8221; sizes=&#8221;(max-width: 500px) 100vw, 500px&#8221;\/><\/a><\/p>\n<p>A McLaren promete redefinir as regras do Gr\u00e3-Turismo quando divulgar sua pr\u00f3pria interpreta\u00e7\u00e3o do Gr\u00e3-Turismo em apenas alguns meses. O an\u00fancio foi feito pelo CEO da McLaren Automotive, Mike Flewitt, na apresenta\u00e7\u00e3o de imprensa da companhia durante o 89\u00ba Sal\u00e3o Internacional do Autom\u00f3vel de Genebra.<\/p>&nbsp;&nbsp;\n<p>\u201cO quarto McLaren a ser apresentado no \u00e2mbito do plano de neg\u00f3cios Track25 ser\u00e1 a nossa interpreta\u00e7\u00e3o do Gr\u00e3-Turismo. Ser\u00e1 um carro que combina n\u00edveis de desempenho de competi\u00e7\u00e3o com capacidade de percorrer longas dist\u00e2ncias, envolto em uma bela carroceria leve. \u00c9 um carro que foi projetado para a dist\u00e2ncia e que tamb\u00e9m fornecer\u00e1 o conforto e o espa\u00e7o esperados de um GT, mas com um n\u00edvel de agilidade nunca antes experimentado neste segmento. Al\u00e9m disso, ser\u00e1 o mais leve dos GTs e tamb\u00e9m ter\u00e1 a melhor rela\u00e7\u00e3o peso-pot\u00eancia, prometo que ser\u00e1 um dos mais r\u00e1pidos. Al\u00e9m disso, ser\u00e1 o \u00fanico GT a compartilhar seu DNA com o McLaren Speedtail de 403 km\/h.\u201d\u00ad ? Mike Flewitt, CEO, McLaren Automotive<\/p>\n<p>Nem o nome do carro nem seu design final foram revelados. Mas foi divulgada uma imagem do carro com camuflagem. Mike Flewitt confirmou que ser\u00e1 um autom\u00f3vel bonito e ousadamente elegante, mantendo a filosofia da McLaren de que todos os detalhes de design t\u00eam um motivo para estar presentes. O interior parecer\u00e1 espa\u00e7oso, organizado e moderno, com uso de materiais aut\u00eanticos e de alta qualidade. Ele tamb\u00e9m prometeu que o novo McLaren ser\u00e1 o carro com central motor mais us\u00e1vel at\u00e9 hoje.<\/p>&nbsp;&nbsp;\n<p>Mike Flewitt prosseguiu dizendo que o novo GT n\u00e3o far\u00e1 parte de nenhuma das s\u00e9ries de modelos existentes da empresa e que ser\u00e1 um modelo \u00fanico e personalizado. Seu nome e mais informa\u00e7\u00f5es ser\u00e3o divulgados nos pr\u00f3ximos meses.<\/p>&nbsp;&nbsp;\n<p>Fonte: LetraNova Comunica\u00e7\u00e3o<\/p>\n","protected":false},"excerpt":{"rendered":"","protected":false},"author":1,"featured_media":0,"comment_status":"open","ping_status":"open","sticky":false,"template":"","format":"standard","meta":{"fifu_image_url":"","fifu_image_alt":"","footnotes":""},"categories":[8699],"tags":[9625],"class_list":["post-74178","post","type-post","status-publish","format-standard","hentry","category-geralcarros","tag-carrosgra-turismomclarennoticias","wpcat-8699-id"],"_links":{"self":[{"href":"https:\/\/verde-amarelo.net\/verdeamarelo\/wp-json\/wp\/v2\/posts\/74178","targetHints":{"allow":["GET"]}}],"collection":[{"href":"https:\/\/verde-amarelo.net\/verdeamarelo\/wp-json\/wp\/v2\/posts"}],"about":[{"href":"https:\/\/verde-amarelo.net\/verdeamarelo\/wp-json\/wp\/v2\/types\/post"}],"author":[{"embeddable":true,"href":"https:\/\/verde-amarelo.net\/verdeamarelo\/wp-json\/wp\/v2\/users\/1"}],"replies":[{"embeddable":true,"href":"https:\/\/verde-amarelo.net\/verdeamarelo\/wp-json\/wp\/v2\/comments?post=74178"}],"version-history":[{"count":0,"href":"https:\/\/verde-amarelo.net\/verdeamarelo\/wp-json\/wp\/v2\/posts\/74178\/revisions"}],"wp:attachment":[{"href":"https:\/\/verde-amarelo.net\/verdeamarelo\/wp-json\/wp\/v2\/media?parent=74178"}],"wp:term":[{"taxonomy":"category","embeddable":true,"href":"https:\/\/verde-amarelo.net\/verdeamarelo\/wp-json\/wp\/v2\/categories?post=74178"},{"taxonomy":"post_tag","embeddable":true,"href":"https:\/\/verde-amarelo.net\/verdeamarelo\/wp-json\/wp\/v2\/tags?post=74178"}],"curies":[{"name":"wp","href":"https:\/\/api.w.org\/{rel}","templated":true}]}}