{"id":74179,"date":"2019-03-08T22:45:58","date_gmt":"2019-03-09T01:45:58","guid":{"rendered":"https:\/\/verde-amarelo.net\/verdeamarelo\/2019\/03\/bmw-group-e-daimler-ag-unem-forcas-para-desenvolver-tecnologias-de-conducao-autonoma\/"},"modified":"2019-03-08T22:45:58","modified_gmt":"2019-03-09T01:45:58","slug":"bmw-group-e-daimler-ag-unem-forcas-para-desenvolver-tecnologias-de-conducao-autonoma","status":"publish","type":"post","link":"https:\/\/verde-amarelo.net\/verdeamarelo\/2019\/03\/bmw-group-e-daimler-ag-unem-forcas-para-desenvolver-tecnologias-de-conducao-autonoma\/","title":{"rendered":"BMW Group e Daimler AG unem for\u00e7as para desenvolver tecnologias de condu\u00e7\u00e3o aut\u00f4noma"},"content":{"rendered":"<p><a href=\"http:\/\/www.carpointnews.com.br\/2019\/03\/08\/desenvolver-tecnologias-conducao\/bmw-group-e-daimler-ag-unem-forcas-para-desenvolver-tecnologias-de-conducao-autonoma\/\" rel=\"attachment wp-att-70769\"><img \"alignnone size-full wp-image-70769&#8243; src=&#8221;http:\/\/www.carpointnews.com.br\/wp-content\/uploads\/2019\/03\/BMW-Group-e-Daimler-AG-unem-for%C3%A7as-para-desenvolver-tecnologias-de-condu%C3%A7%C3%A3o-aut%C3%B4noma.jpg&#8221; alt=&#8221;&#8221; width=&#8221;500&#8243; height=&#8221;280&#8243; srcset=&#8221;http:\/\/www.carpointnews.com.br\/wp-content\/uploads\/2019\/03\/BMW-Group-e-Daimler-AG-unem-for&#xE7;as-para-desenvolver-tecnologias-de-condu&#xE7;&#xE3;o-aut&#xF4;noma.jpg 500w, http:\/\/www.carpointnews.com.br\/wp-content\/uploads\/2019\/03\/BMW-Group-e-Daimler-AG-unem-for&#xE7;as-para-desenvolver-tecnologias-de-condu&#xE7;&#xE3;o-aut&#xF4;noma-300&#215;168.jpg 300w, http:\/\/www.carpointnews.com.br\/wp-content\/uploads\/2019\/03\/BMW-Group-e-Daimler-AG-unem-for&#xE7;as-para-desenvolver-tecnologias-de-condu&#xE7;&#xE3;o-aut&#xF4;noma-180&#215;101.jpg 180w, http:\/\/www.carpointnews.com.br\/wp-content\/uploads\/2019\/03\/BMW-Group-e-Daimler-AG-unem-for&#xE7;as-para-desenvolver-tecnologias-de-condu&#xE7;&#xE3;o-aut&#xF4;noma-150&#215;84.jpg 150w&#8221; sizes=&#8221;(max-width: 500px) 100vw, 500px&#8221;\/><\/a><\/p>\n<p>O BMW Group e a Daimler AG est\u00e3o unindo for\u00e7as para o desenvolvimento de novas tecnologias de condu\u00e7\u00e3o aut\u00f4noma e sistemas de assist\u00eancia ao motorista. As duas empresas assinaram um Memorando de Entendimento para formalizar a parceria, que \u00e9 fundamental para a mobilidade do futuro e representa uma coopera\u00e7\u00e3o estrat\u00e9gica de longo prazo cujo objetivo \u00e9 disponibilizar no mercado essas tecnologias at\u00e9 meados dos anos 2020.<\/p>&nbsp;&nbsp;\n<p>Por meio do acordo, as empresas poder\u00e3o compartilhar as suas expertises e experi\u00eancias de modo a acelerar o desenvolvimento das futuras tecnologias, com ciclos de inova\u00e7\u00e3o mais curtos. Al\u00e9m da sinergia e pioneirismo, para ambas as empresas a seguran\u00e7a dos ocupantes e dos pedestres \u00e9 um tema fundamental para a confiabilidade destes novos sistemas.<\/p>&nbsp;&nbsp;\n<p>O trabalho conjunto seguir\u00e1 diversas etapas de automa\u00e7\u00e3o, como os n\u00edveis 3 e 4 (rodovias) ou at\u00e9 mesmo em \u00e1reas urbanas. O desenvolvimento das atuais tecnologias de automa\u00e7\u00e3o n\u00e3o ser\u00e1 afetado pela parceria. Al\u00e9m disso, o BMW Group e a Daimler AG seguir\u00e3o realizando parcerias com outras empresas de tecnologias e fabricantes de autom\u00f3veis que podem contribuir para o sucesso da plataforma.<\/p>&nbsp;&nbsp;\n<p>O BMW Group vem trabalhando com dire\u00e7\u00e3o aut\u00f4noma desde 2006 e, atualmente, tem mais de 70 ve\u00edculos sendo testados com essa tecnologia ao redor do mundo. Em 2021, algumas delas estar\u00e3o presentes no BMW iNEXT, que mostrar\u00e1 o futuro da mobilidade sob a \u00f3tica do BMW Group.<\/p>&nbsp;&nbsp;\n<p>Fonte: Comunica\u00e7\u00e3o Corporativa BMW Group Brasil<\/p>\n","protected":false},"excerpt":{"rendered":"","protected":false},"author":1,"featured_media":0,"comment_status":"open","ping_status":"open","sticky":false,"template":"","format":"standard","meta":{"fifu_image_url":"","fifu_image_alt":"","footnotes":""},"categories":[8699],"tags":[9626],"class_list":["post-74179","post","type-post","status-publish","format-standard","hentry","category-geralcarros","tag-bmw-group-e-daimler-agcarrosconducao-autonomanoticias","wpcat-8699-id"],"_links":{"self":[{"href":"https:\/\/verde-amarelo.net\/verdeamarelo\/wp-json\/wp\/v2\/posts\/74179","targetHints":{"allow":["GET"]}}],"collection":[{"href":"https:\/\/verde-amarelo.net\/verdeamarelo\/wp-json\/wp\/v2\/posts"}],"about":[{"href":"https:\/\/verde-amarelo.net\/verdeamarelo\/wp-json\/wp\/v2\/types\/post"}],"author":[{"embeddable":true,"href":"https:\/\/verde-amarelo.net\/verdeamarelo\/wp-json\/wp\/v2\/users\/1"}],"replies":[{"embeddable":true,"href":"https:\/\/verde-amarelo.net\/verdeamarelo\/wp-json\/wp\/v2\/comments?post=74179"}],"version-history":[{"count":0,"href":"https:\/\/verde-amarelo.net\/verdeamarelo\/wp-json\/wp\/v2\/posts\/74179\/revisions"}],"wp:attachment":[{"href":"https:\/\/verde-amarelo.net\/verdeamarelo\/wp-json\/wp\/v2\/media?parent=74179"}],"wp:term":[{"taxonomy":"category","embeddable":true,"href":"https:\/\/verde-amarelo.net\/verdeamarelo\/wp-json\/wp\/v2\/categories?post=74179"},{"taxonomy":"post_tag","embeddable":true,"href":"https:\/\/verde-amarelo.net\/verdeamarelo\/wp-json\/wp\/v2\/tags?post=74179"}],"curies":[{"name":"wp","href":"https:\/\/api.w.org\/{rel}","templated":true}]}}