{"id":74180,"date":"2019-03-08T17:21:37","date_gmt":"2019-03-08T20:21:37","guid":{"rendered":"https:\/\/verde-amarelo.net\/verdeamarelo\/2019\/03\/copa-truck-abre-temporada-2019-em-goiania\/"},"modified":"2019-03-08T17:21:37","modified_gmt":"2019-03-08T20:21:37","slug":"copa-truck-abre-temporada-2019-em-goiania","status":"publish","type":"post","link":"https:\/\/verde-amarelo.net\/verdeamarelo\/2019\/03\/copa-truck-abre-temporada-2019-em-goiania\/","title":{"rendered":"Copa Truck abre temporada 2019 em Goi\u00e2nia"},"content":{"rendered":"<div><img decoding=\"async\" src=\"data:image\/gif;base64,R0lGODlhAQABAIAAAAAAAP\/\/\/ywAAAAAAQABAAACAUwAOw==\" fifu-lazy=\"1\" fifu-data-sizes=\"auto\" fifu-data-srcset=\"https:\/\/i3.wp.com\/copatruck.com.br\/wp-content\/uploads\/2019\/03\/30601323788_0cac721cb2_h.jpg?ssl=1&w=75&resize=75&ssl=1 75w, https:\/\/i3.wp.com\/copatruck.com.br\/wp-content\/uploads\/2019\/03\/30601323788_0cac721cb2_h.jpg?ssl=1&w=100&resize=100&ssl=1 100w, https:\/\/i3.wp.com\/copatruck.com.br\/wp-content\/uploads\/2019\/03\/30601323788_0cac721cb2_h.jpg?ssl=1&w=150&resize=150&ssl=1 150w, https:\/\/i3.wp.com\/copatruck.com.br\/wp-content\/uploads\/2019\/03\/30601323788_0cac721cb2_h.jpg?ssl=1&w=240&resize=240&ssl=1 240w, https:\/\/i3.wp.com\/copatruck.com.br\/wp-content\/uploads\/2019\/03\/30601323788_0cac721cb2_h.jpg?ssl=1&w=320&resize=320&ssl=1 320w, https:\/\/i3.wp.com\/copatruck.com.br\/wp-content\/uploads\/2019\/03\/30601323788_0cac721cb2_h.jpg?ssl=1&w=500&resize=500&ssl=1 500w, https:\/\/i3.wp.com\/copatruck.com.br\/wp-content\/uploads\/2019\/03\/30601323788_0cac721cb2_h.jpg?ssl=1&w=640&resize=640&ssl=1 640w, https:\/\/i3.wp.com\/copatruck.com.br\/wp-content\/uploads\/2019\/03\/30601323788_0cac721cb2_h.jpg?ssl=1&w=800&resize=800&ssl=1 800w, https:\/\/i3.wp.com\/copatruck.com.br\/wp-content\/uploads\/2019\/03\/30601323788_0cac721cb2_h.jpg?ssl=1&w=1024&resize=1024&ssl=1 1024w, https:\/\/i3.wp.com\/copatruck.com.br\/wp-content\/uploads\/2019\/03\/30601323788_0cac721cb2_h.jpg?ssl=1&w=1280&resize=1280&ssl=1 1280w, https:\/\/i3.wp.com\/copatruck.com.br\/wp-content\/uploads\/2019\/03\/30601323788_0cac721cb2_h.jpg?ssl=1&w=1600&resize=1600&ssl=1 1600w\" fifu-data-src=\"https:\/\/i3.wp.com\/copatruck.com.br\/wp-content\/uploads\/2019\/03\/30601323788_0cac721cb2_h.jpg?ssl=1\" class=\"ff-og-image-inserted\"\/><\/div>\n<p><strong>Aut\u00f3dromo goiano, que recebeu 36 mil pessoas no ano passado, abre o campeonato dos brutos nos dias 23 e 24 deste m\u00eas \u2013 venda antecipada online a pre\u00e7os promocionais a partir de R$28.<\/strong><\/p>\n<p>\u2014<\/p>\n<p>A Copa Truck e o Mercedes-Benz Challenge abriram nesta sexta-feira a venda de ingressos para a etapa de abertura da temporada 2019, marcada para os dias 23 e 24 de mar\u00e7o no Aut\u00f3dromo Internacional de Goi\u00e2nia (GO) \u2013 cidade escolhida para abrir o campeonato ap\u00f3s atrair o recorde de p\u00fablico de 36 mil pessoas em agosto passado. O destaque \u00e9 a venda antecipada com pre\u00e7os promocionais.<\/p>&nbsp;&nbsp;\n<p>Nesta venda, que vai at\u00e9 o dia 22 de mar\u00e7o, o valor da Arena Na\u00e7\u00e3o Truck cai de R$ 40 para R$ 28 com direito \u00e0 visita\u00e7\u00e3o os boxes na tarde do s\u00e1bado ap\u00f3s os treinos de classifica\u00e7\u00e3o do dia. Ser\u00e1 permitida a entrada no local com guarda-sol, cadeira de praia ou outro tipo de assento. Neste setor, menores entre 5 e 12 anos n\u00e3o pagam ingresso para esta \u00e1rea.<\/p>&nbsp;&nbsp;\n<p>A Credencial F\u00e3-Truck, que tamb\u00e9m d\u00e1 direito \u00e0 visita\u00e7\u00e3o aos boxes no domingo, cai de R$ 90 para R$ 72, enquanto a Credencial Camarote Paddock, com direito a alimentos e bebidas, desce de R$ 220 para R$ 180. Menores de 5 a 17 anos necessitam de credencial, para estes setores, e dever\u00e3o estar acompanhados pelos pais ou respons\u00e1veis, portando documento com foto.<\/p>&nbsp;&nbsp;\n<p><strong>Nas compras ap\u00f3s 22\/3 e nas bilheterias do aut\u00f3dromo ser\u00e3o cobrados os valores cheios. At\u00e9 l\u00e1, as entradas est\u00e3o dispon\u00edveis para venda exclusivamente no site da categoria <a href=\"http:\/\/copatruck.com.br\/ingressos-goiania-2019\/\">www.copatruck.com.br<\/a>, sem taxa de conveni\u00eancia.<\/strong><\/p>\n<p>Assim como no ano passado, Copa Truck segue com o formato de show, proporcionando ao p\u00fablico um domingo de divers\u00e3o para a fam\u00edlia \u2013 o que \u00e9 visto como um dos grandes diferenciais do evento. \u201cPretendemos repetir a dose de 2018, e, al\u00e9m de entregar tr\u00eas belas corridas, queremos proporcionar um belo espet\u00e1culo para o p\u00fablico goiano, que nos prestigiou de forma incr\u00edvel no ano passado\u201d conclui Vanda Camacho, diretora geral da Mais Brasil, organizadora da Copa Truck.<\/p>&nbsp;&nbsp;\n","protected":false},"excerpt":{"rendered":"<p>Aut\u00f3dromo goiano, que recebeu 36 mil pessoas no ano passado, abre o campeonato dos brutos&#8230;<\/p>\n","protected":false},"author":1,"featured_media":0,"comment_status":"open","ping_status":"open","sticky":false,"template":"","format":"standard","meta":{"fifu_image_url":"","fifu_image_alt":"","footnotes":""},"categories":[8700],"tags":[],"class_list":["post-74180","post","type-post","status-publish","format-standard","hentry","category-velocidade","wpcat-8700-id"],"_links":{"self":[{"href":"https:\/\/verde-amarelo.net\/verdeamarelo\/wp-json\/wp\/v2\/posts\/74180","targetHints":{"allow":["GET"]}}],"collection":[{"href":"https:\/\/verde-amarelo.net\/verdeamarelo\/wp-json\/wp\/v2\/posts"}],"about":[{"href":"https:\/\/verde-amarelo.net\/verdeamarelo\/wp-json\/wp\/v2\/types\/post"}],"author":[{"embeddable":true,"href":"https:\/\/verde-amarelo.net\/verdeamarelo\/wp-json\/wp\/v2\/users\/1"}],"replies":[{"embeddable":true,"href":"https:\/\/verde-amarelo.net\/verdeamarelo\/wp-json\/wp\/v2\/comments?post=74180"}],"version-history":[{"count":0,"href":"https:\/\/verde-amarelo.net\/verdeamarelo\/wp-json\/wp\/v2\/posts\/74180\/revisions"}],"wp:attachment":[{"href":"https:\/\/verde-amarelo.net\/verdeamarelo\/wp-json\/wp\/v2\/media?parent=74180"}],"wp:term":[{"taxonomy":"category","embeddable":true,"href":"https:\/\/verde-amarelo.net\/verdeamarelo\/wp-json\/wp\/v2\/categories?post=74180"},{"taxonomy":"post_tag","embeddable":true,"href":"https:\/\/verde-amarelo.net\/verdeamarelo\/wp-json\/wp\/v2\/tags?post=74180"}],"curies":[{"name":"wp","href":"https:\/\/api.w.org\/{rel}","templated":true}]}}