{"id":74183,"date":"2019-03-08T19:22:04","date_gmt":"2019-03-08T22:22:04","guid":{"rendered":"https:\/\/verde-amarelo.net\/verdeamarelo\/2019\/03\/vendas-de-veiculos-crescem-2005-no-primeiro-bimestre\/"},"modified":"2019-03-08T19:22:04","modified_gmt":"2019-03-08T22:22:04","slug":"vendas-de-veiculos-crescem-2005-no-primeiro-bimestre","status":"publish","type":"post","link":"https:\/\/verde-amarelo.net\/verdeamarelo\/2019\/03\/vendas-de-veiculos-crescem-2005-no-primeiro-bimestre\/","title":{"rendered":"Vendas de ve\u00edculos crescem 20,05% no primeiro bimestre"},"content":{"rendered":"<div readability=\"46\">\n<p>De acordo com o levantamento realizado pela FENABRAVE \u2013 Federa\u00e7\u00e3o Nacional da Distribui\u00e7\u00e3o de Ve\u00edculos Automotores, os emplacamentos de ve\u00edculos, somando todos os segmentos somados (autom\u00f3veis, comerciais leves, caminh\u00f5es, \u00f4nibus, motocicletas, implementos rodovi\u00e1rios e outros ve\u00edculos) acumularam crescimento de 20,05% no primeiro bimestre do ano, ante igual per\u00edodo do ano passado, somando 599.188 unidades emplacadas, contra 499.117 no acumulado do primeiro bimestre de 2018.<\/p>&nbsp;&nbsp;\n<\/div>\n<div readability=\"89\">\n<p>Em fevereiro, foram emplacados 295.880 ve\u00edculos, o que representa alta de 28,62% na compara\u00e7\u00e3o o mesmo m\u00eas do ano passado, quando foram licenciadas 230.042 unidades. Quando comparado com os 303.308 ve\u00edculos emplacados em janeiro, o resultado \u00e9 2,45% menor.<\/p>&nbsp;&nbsp;\n<p>A m\u00e9dia di\u00e1ria de vendas em fevereiro, que teve 20 dias \u00fateis, foi 7,31% superior a registrada em janeiro, que acumulou 22 dias \u00fateis de vendas.<\/p>&nbsp;&nbsp;\n<p>Para o Presidente da FENABRAVE, Alarico Assump\u00e7\u00e3o J\u00fanior, o desempenho do bimestre confirmou a expectativa da entidade. &#8220;Ao iniciarmos 2019, projetamos a retomada do crescimento das vendas para todos os segmentos de ve\u00edculos, baseada na recupera\u00e7\u00e3o da economia, como um todo. Estamos atravessando mais uma etapa da recupera\u00e7\u00e3o do Setor, visualizando a continuidade da queda na inadimpl\u00eancia, um crescimento, ainda que modesto, na gera\u00e7\u00e3o de empregos, o controle da infla\u00e7\u00e3o e das taxas de juros, a confian\u00e7a do consumidor e do empres\u00e1rio em alta e, ainda, o aumento na oferta de cr\u00e9dito. Todos esses aspectos somados resultar\u00e3o no desempenho das vendas de ve\u00edculos, conforme a FENABRAVE projeta para o ano&#8221; ressalta o Presidente.<\/p>&nbsp;&nbsp;\n<p>Segundo os dados apresentados pela entidade, os segmentos de autom\u00f3veis e comerciais leves, somados, totalizaram 380.502 unidades emplacadas neste primeiro bimestre, resultando em alta de 16,31% sobre o mesmo per\u00edodo do ano passado, quando foram emplacadas 327.149 unidades.<\/p>&nbsp;&nbsp;\n<p>Em fevereiro, os dois segmentos somaram 189.850 unidades licenciadas, o que representa 25,2% de alta sobre igual m\u00eas de 2018. Na compara\u00e7\u00e3o com janeiro, quando foram emplacados 190.652 autom\u00f3veis e comerciais leves, fevereiro registrou leve retra\u00e7\u00e3o de 0,42%<br \/>Acompanhe, na tabela a seguir, os dados de emplacamentos de ve\u00edculos NOVOS para cada segmento automotivo.<\/p>&nbsp;&nbsp;\n<p><img decoding=\"async\" src=\"data:image\/gif;base64,R0lGODlhAQABAIAAAAAAAP\/\/\/ywAAAAAAQABAAACAUwAOw==\" fifu-lazy=\"1\" fifu-data-sizes=\"auto\" fifu-data-srcset=\"https:\/\/i2.wp.com\/www.truckbrasil.com.br\/wp\/wp-content\/uploads\/2019\/03\/vendas-de-veiculos-crescem-2005-no-primeiro-bimestre.jpg?ssl=1&w=75&resize=75&ssl=1 75w, https:\/\/i2.wp.com\/www.truckbrasil.com.br\/wp\/wp-content\/uploads\/2019\/03\/vendas-de-veiculos-crescem-2005-no-primeiro-bimestre.jpg?ssl=1&w=100&resize=100&ssl=1 100w, https:\/\/i2.wp.com\/www.truckbrasil.com.br\/wp\/wp-content\/uploads\/2019\/03\/vendas-de-veiculos-crescem-2005-no-primeiro-bimestre.jpg?ssl=1&w=150&resize=150&ssl=1 150w, https:\/\/i2.wp.com\/www.truckbrasil.com.br\/wp\/wp-content\/uploads\/2019\/03\/vendas-de-veiculos-crescem-2005-no-primeiro-bimestre.jpg?ssl=1&w=240&resize=240&ssl=1 240w, https:\/\/i2.wp.com\/www.truckbrasil.com.br\/wp\/wp-content\/uploads\/2019\/03\/vendas-de-veiculos-crescem-2005-no-primeiro-bimestre.jpg?ssl=1&w=320&resize=320&ssl=1 320w, https:\/\/i2.wp.com\/www.truckbrasil.com.br\/wp\/wp-content\/uploads\/2019\/03\/vendas-de-veiculos-crescem-2005-no-primeiro-bimestre.jpg?ssl=1&w=500&resize=500&ssl=1 500w, https:\/\/i2.wp.com\/www.truckbrasil.com.br\/wp\/wp-content\/uploads\/2019\/03\/vendas-de-veiculos-crescem-2005-no-primeiro-bimestre.jpg?ssl=1&w=640&resize=640&ssl=1 640w, https:\/\/i2.wp.com\/www.truckbrasil.com.br\/wp\/wp-content\/uploads\/2019\/03\/vendas-de-veiculos-crescem-2005-no-primeiro-bimestre.jpg?ssl=1&w=800&resize=800&ssl=1 800w, https:\/\/i2.wp.com\/www.truckbrasil.com.br\/wp\/wp-content\/uploads\/2019\/03\/vendas-de-veiculos-crescem-2005-no-primeiro-bimestre.jpg?ssl=1&w=1024&resize=1024&ssl=1 1024w, https:\/\/i2.wp.com\/www.truckbrasil.com.br\/wp\/wp-content\/uploads\/2019\/03\/vendas-de-veiculos-crescem-2005-no-primeiro-bimestre.jpg?ssl=1&w=1280&resize=1280&ssl=1 1280w, https:\/\/i2.wp.com\/www.truckbrasil.com.br\/wp\/wp-content\/uploads\/2019\/03\/vendas-de-veiculos-crescem-2005-no-primeiro-bimestre.jpg?ssl=1&w=1600&resize=1600&ssl=1 1600w\" fifu-data-src=\"https:\/\/i2.wp.com\/www.truckbrasil.com.br\/wp\/wp-content\/uploads\/2019\/03\/vendas-de-veiculos-crescem-2005-no-primeiro-bimestre.jpg?ssl=1\"\/><\/p>\n<\/p><\/div>\n","protected":false},"excerpt":{"rendered":"<p>De acordo com o levantamento realizado pela FENABRAVE \u2013 Federa\u00e7\u00e3o Nacional da Distribui\u00e7\u00e3o de Ve\u00edculos&#8230;<\/p>\n","protected":false},"author":1,"featured_media":0,"comment_status":"open","ping_status":"open","sticky":false,"template":"","format":"standard","meta":{"fifu_image_url":"","fifu_image_alt":"","footnotes":""},"categories":[727],"tags":[1589],"class_list":["post-74183","post","type-post","status-publish","format-standard","hentry","category-noticias","tag-veiculos","wpcat-727-id"],"_links":{"self":[{"href":"https:\/\/verde-amarelo.net\/verdeamarelo\/wp-json\/wp\/v2\/posts\/74183","targetHints":{"allow":["GET"]}}],"collection":[{"href":"https:\/\/verde-amarelo.net\/verdeamarelo\/wp-json\/wp\/v2\/posts"}],"about":[{"href":"https:\/\/verde-amarelo.net\/verdeamarelo\/wp-json\/wp\/v2\/types\/post"}],"author":[{"embeddable":true,"href":"https:\/\/verde-amarelo.net\/verdeamarelo\/wp-json\/wp\/v2\/users\/1"}],"replies":[{"embeddable":true,"href":"https:\/\/verde-amarelo.net\/verdeamarelo\/wp-json\/wp\/v2\/comments?post=74183"}],"version-history":[{"count":0,"href":"https:\/\/verde-amarelo.net\/verdeamarelo\/wp-json\/wp\/v2\/posts\/74183\/revisions"}],"wp:attachment":[{"href":"https:\/\/verde-amarelo.net\/verdeamarelo\/wp-json\/wp\/v2\/media?parent=74183"}],"wp:term":[{"taxonomy":"category","embeddable":true,"href":"https:\/\/verde-amarelo.net\/verdeamarelo\/wp-json\/wp\/v2\/categories?post=74183"},{"taxonomy":"post_tag","embeddable":true,"href":"https:\/\/verde-amarelo.net\/verdeamarelo\/wp-json\/wp\/v2\/tags?post=74183"}],"curies":[{"name":"wp","href":"https:\/\/api.w.org\/{rel}","templated":true}]}}