{"id":74187,"date":"2019-03-08T15:09:00","date_gmt":"2019-03-08T18:09:00","guid":{"rendered":"https:\/\/verde-amarelo.net\/verdeamarelo\/2019\/03\/nissan-nissan-e-dams-esta-listo-para-las-primeras-carreras-de-esta-temporada-de-formula-e-a-celebrarse-en-asia\/"},"modified":"2019-03-08T15:09:00","modified_gmt":"2019-03-08T18:09:00","slug":"nissan-nissan-e-dams-esta-listo-para-las-primeras-carreras-de-esta-temporada-de-formula-e-a-celebrarse-en-asia","status":"publish","type":"post","link":"https:\/\/verde-amarelo.net\/verdeamarelo\/2019\/03\/nissan-nissan-e-dams-esta-listo-para-las-primeras-carreras-de-esta-temporada-de-formula-e-a-celebrarse-en-asia\/","title":{"rendered":"Nissan: Nissan e.dams est\u00e1 listo para las primeras carreras de esta temporada de F\u00f3rmula E a celebrarse en Asia"},"content":{"rendered":"<div><img decoding=\"async\" src=\"data:image\/gif;base64,R0lGODlhAQABAIAAAAAAAP\/\/\/ywAAAAAAQABAAACAUwAOw==\" fifu-lazy=\"1\" fifu-data-sizes=\"auto\" fifu-data-srcset=\"https:\/\/i0.wp.com\/www.truckbrasil.com.br\/wp\/wp-content\/uploads\/2019\/03\/nissan-nissan-e-dams-esta-listo-para-las-primeras-carreras-de-esta-temporada-de-formula-e-a-celebrarse-en-asia.jpg?ssl=1&w=75&resize=75&ssl=1 75w, https:\/\/i0.wp.com\/www.truckbrasil.com.br\/wp\/wp-content\/uploads\/2019\/03\/nissan-nissan-e-dams-esta-listo-para-las-primeras-carreras-de-esta-temporada-de-formula-e-a-celebrarse-en-asia.jpg?ssl=1&w=100&resize=100&ssl=1 100w, https:\/\/i0.wp.com\/www.truckbrasil.com.br\/wp\/wp-content\/uploads\/2019\/03\/nissan-nissan-e-dams-esta-listo-para-las-primeras-carreras-de-esta-temporada-de-formula-e-a-celebrarse-en-asia.jpg?ssl=1&w=150&resize=150&ssl=1 150w, https:\/\/i0.wp.com\/www.truckbrasil.com.br\/wp\/wp-content\/uploads\/2019\/03\/nissan-nissan-e-dams-esta-listo-para-las-primeras-carreras-de-esta-temporada-de-formula-e-a-celebrarse-en-asia.jpg?ssl=1&w=240&resize=240&ssl=1 240w, https:\/\/i0.wp.com\/www.truckbrasil.com.br\/wp\/wp-content\/uploads\/2019\/03\/nissan-nissan-e-dams-esta-listo-para-las-primeras-carreras-de-esta-temporada-de-formula-e-a-celebrarse-en-asia.jpg?ssl=1&w=320&resize=320&ssl=1 320w, https:\/\/i0.wp.com\/www.truckbrasil.com.br\/wp\/wp-content\/uploads\/2019\/03\/nissan-nissan-e-dams-esta-listo-para-las-primeras-carreras-de-esta-temporada-de-formula-e-a-celebrarse-en-asia.jpg?ssl=1&w=500&resize=500&ssl=1 500w, https:\/\/i0.wp.com\/www.truckbrasil.com.br\/wp\/wp-content\/uploads\/2019\/03\/nissan-nissan-e-dams-esta-listo-para-las-primeras-carreras-de-esta-temporada-de-formula-e-a-celebrarse-en-asia.jpg?ssl=1&w=640&resize=640&ssl=1 640w, https:\/\/i0.wp.com\/www.truckbrasil.com.br\/wp\/wp-content\/uploads\/2019\/03\/nissan-nissan-e-dams-esta-listo-para-las-primeras-carreras-de-esta-temporada-de-formula-e-a-celebrarse-en-asia.jpg?ssl=1&w=800&resize=800&ssl=1 800w, https:\/\/i0.wp.com\/www.truckbrasil.com.br\/wp\/wp-content\/uploads\/2019\/03\/nissan-nissan-e-dams-esta-listo-para-las-primeras-carreras-de-esta-temporada-de-formula-e-a-celebrarse-en-asia.jpg?ssl=1&w=1024&resize=1024&ssl=1 1024w, https:\/\/i0.wp.com\/www.truckbrasil.com.br\/wp\/wp-content\/uploads\/2019\/03\/nissan-nissan-e-dams-esta-listo-para-las-primeras-carreras-de-esta-temporada-de-formula-e-a-celebrarse-en-asia.jpg?ssl=1&w=1280&resize=1280&ssl=1 1280w, https:\/\/i0.wp.com\/www.truckbrasil.com.br\/wp\/wp-content\/uploads\/2019\/03\/nissan-nissan-e-dams-esta-listo-para-las-primeras-carreras-de-esta-temporada-de-formula-e-a-celebrarse-en-asia.jpg?ssl=1&w=1600&resize=1600&ssl=1 1600w\" fifu-data-src=\"https:\/\/i0.wp.com\/www.truckbrasil.com.br\/wp\/wp-content\/uploads\/2019\/03\/nissan-nissan-e-dams-esta-listo-para-las-primeras-carreras-de-esta-temporada-de-formula-e-a-celebrarse-en-asia.jpg?ssl=1\" class=\"ff-og-image-inserted\"\/><\/div>\n<p><strong>HONG KONG \u2013<\/strong> El equipo Nissan e.dams se disputar\u00e1 la primera de dos carreras del Campeonato de F\u00f3rmula E ABB FIA, las cuales tendr\u00e1n lugar en el continente asi\u00e1tico esta temporada, cuando la serie celebre su 50\u00aa carrera esta semana en Hong Kong.<\/p>&nbsp;&nbsp;\n<p>El E-Prix de Hong Kong ser\u00e1 seguido dos semanas despu\u00e9s, por el regreso de la serie de carreras totalmente el\u00e9ctricas a China, con una carrera en Sanya en el extremo sur de la isla de Hainan. La F\u00f3rmula E realiz\u00f3 su primera carrera en 2014 en China, en el E-Prix de Beijing.<\/p>&nbsp;&nbsp;\n<p>El piloto de Nissan e.dams, Sebastien Buemi, gan\u00f3 el primer E-Prix de Hong Kong en 2016. \u00c9l y su compa\u00f1ero Oliver Rowland intentar\u00e1n repetir el fuerte ritmo que mostraron en el E-Prix de la Ciudad de M\u00e9xico el mes pasado.<\/p>&nbsp;&nbsp;\n<p>Nissan ingres\u00f3 a la F\u00f3rmula E al comienzo de la temporada actual, la quinta del campeonato, con nuevos autos &#8220;Gen2&#8221; con m\u00e1s potencia y alcance que sus predecesores. Como el primer fabricante japon\u00e9s en competir en la serie, Nissan demuestra en este serial su visi\u00f3n Nissan Intelligent Mobility, con la cual busca cambiar la forma en que los veh\u00edculos son conducidos, impulsados e integrados en la sociedad.<\/p>&nbsp;&nbsp;\n<p>Los conductores de Nissan e.dams tienen una semana ocupada antes del E-Prix de Hong Kong. Buemi y Rowland llevar\u00e1n a cabo varios d\u00edas de pruebas de simulador en preparaci\u00f3n para la carrera adem\u00e1s de su presentaci\u00f3n en el Auto Show de Ginebra, la cual incluye los autos Gen2 del equipo, as\u00ed como el nuevo Nissan LEAF NISMO RC el\u00e9ctrico y varias versiones de Nissan LEAF &#8211; el veh\u00edculo el\u00e9ctrico m\u00e1s vendido del mundo &#8211; incluido el nuevo LEAF e+.<\/p>&nbsp;&nbsp;\n<p>&#8220;La carrera n\u00famero 50 de la F\u00f3rmula E es un gran hito, y esperamos celebrarlo con otro s\u00f3lido desempe\u00f1o&#8221;;, coment\u00f3 Michael Carcamo, director global de Nissan Motorsports. &#8220;Nissan e.dams ha demostrado un gran ritmo en las \u00faltimas carreras, y nuestro objetivo es capitalizar esa fortaleza en Hong Kong.&#8221;<\/p>\n<p>&#8220;Con innovaciones como #FANBOOST, as\u00ed como el calendario compacto del d\u00eda de la carrera, cada una de ellas es altamente impredecible. Hemos tomado todo lo que hemos aprendido de nuestras primeras cuatro carreras, y todos en el equipo ahora buscamos ganar puntos valiosos&#8221;, agreg\u00f3 Carcamo.<\/p>&nbsp;&nbsp;\n<p>&#8220;El E-Prix de Hong Kong es un gran desaf\u00edo, porque es una de las pistas m\u00e1s cortas en las que corremos, con solo 1.86 kil\u00f3metros&#8221;, coment\u00f3 Jean-Paul Driot, director del equipo de Nissan e.dams. &#8220;Conf\u00edo en que volveremos a ser muy fuertes en Hong Kong. Nuestro ritmo en M\u00e9xico fue impresionante, y lo bueno es que el auto de Nissan e.dams ha sido r\u00e1pido en todo momento&#8221;.<\/p>&nbsp;&nbsp;\n<p>Sebastien Buemi, piloto de Nissan e.dams, coment\u00f3: &#8220;La primera vez que compet\u00ed en F\u00f3rmula E en Beijing no ten\u00eda idea que el campeonato crecer\u00eda tanto o de que estar\u00edamos aqu\u00ed compitiendo nuevamente con los espectaculares Gen2. Tengo muchos buenos recuerdos y espero repetir aquella victoria inaugural&#8221;.<\/p>&nbsp;&nbsp;\n<p>Por su parte, Oliver Rowland finaliz\u00f3: &#8220;Hong Kong ser\u00e1 una pista nueva para m\u00ed, sin embargo me preparar\u00e9 en el simulador y continuar\u00e9 aprendiendo de la experiencia de Sebastien para fortalecer al equipo&#8221;.<\/p>&nbsp;&nbsp;\n<p>La acci\u00f3n en Hong Kong comienza el domingo 10 de marzo a las 7:30 a.m. (17:30 hrs del s\u00e1bado 9, tiempo de M\u00e9xico).<\/p>&nbsp;&nbsp;\n<p># # #<\/p>\n","protected":false},"excerpt":{"rendered":"<p>HONG KONG \u2013 El equipo Nissan e.dams se disputar\u00e1 la primera de dos carreras del&#8230;<\/p>\n","protected":false},"author":1,"featured_media":0,"comment_status":"open","ping_status":"open","sticky":false,"template":"","format":"standard","meta":{"fifu_image_url":"","fifu_image_alt":"","footnotes":""},"categories":[8699],"tags":[5364],"class_list":["post-74187","post","type-post","status-publish","format-standard","hentry","category-geralcarros","tag-nissan","wpcat-8699-id"],"_links":{"self":[{"href":"https:\/\/verde-amarelo.net\/verdeamarelo\/wp-json\/wp\/v2\/posts\/74187","targetHints":{"allow":["GET"]}}],"collection":[{"href":"https:\/\/verde-amarelo.net\/verdeamarelo\/wp-json\/wp\/v2\/posts"}],"about":[{"href":"https:\/\/verde-amarelo.net\/verdeamarelo\/wp-json\/wp\/v2\/types\/post"}],"author":[{"embeddable":true,"href":"https:\/\/verde-amarelo.net\/verdeamarelo\/wp-json\/wp\/v2\/users\/1"}],"replies":[{"embeddable":true,"href":"https:\/\/verde-amarelo.net\/verdeamarelo\/wp-json\/wp\/v2\/comments?post=74187"}],"version-history":[{"count":0,"href":"https:\/\/verde-amarelo.net\/verdeamarelo\/wp-json\/wp\/v2\/posts\/74187\/revisions"}],"wp:attachment":[{"href":"https:\/\/verde-amarelo.net\/verdeamarelo\/wp-json\/wp\/v2\/media?parent=74187"}],"wp:term":[{"taxonomy":"category","embeddable":true,"href":"https:\/\/verde-amarelo.net\/verdeamarelo\/wp-json\/wp\/v2\/categories?post=74187"},{"taxonomy":"post_tag","embeddable":true,"href":"https:\/\/verde-amarelo.net\/verdeamarelo\/wp-json\/wp\/v2\/tags?post=74187"}],"curies":[{"name":"wp","href":"https:\/\/api.w.org\/{rel}","templated":true}]}}