{"id":74190,"date":"2019-03-11T11:00:41","date_gmt":"2019-03-11T14:00:41","guid":{"rendered":"https:\/\/verde-amarelo.net\/verdeamarelo\/2019\/03\/inscricoes-abertas-para-o-ii-forum-brasil-grc-que-vai-abordar-combate-a-corrupcao-e-uso-e-protecao-de-dados-pessoais-pelas-empresas\/"},"modified":"2019-03-11T11:00:41","modified_gmt":"2019-03-11T14:00:41","slug":"inscricoes-abertas-para-o-ii-forum-brasil-grc-que-vai-abordar-combate-a-corrupcao-e-uso-e-protecao-de-dados-pessoais-pelas-empresas","status":"publish","type":"post","link":"https:\/\/verde-amarelo.net\/verdeamarelo\/2019\/03\/inscricoes-abertas-para-o-ii-forum-brasil-grc-que-vai-abordar-combate-a-corrupcao-e-uso-e-protecao-de-dados-pessoais-pelas-empresas\/","title":{"rendered":"Inscri\u00e7\u00f5es abertas para o II F\u00f3rum Brasil GRC que vai abordar combate \u00e0 corrup\u00e7\u00e3o e uso e prote\u00e7\u00e3o de dados pessoais pelas empresas"},"content":{"rendered":"<p><a href=\"http:\/\/www.cargonews.com.br\/wp-content\/uploads\/2019\/03\/001-F%C3%B3rum.jpg\"><img \"wp-image-26326 alignleft&#8221; src=&#8221;https:\/\/www.truckbrasil.com.br\/wp\/wp-content\/uploads\/2019\/03\/inscricoes-abertas-para-o-ii-forum-brasil-grc-que-vai-abordar-combate-a-corrupcao-e-uso-e-protecao-de-dados-pessoais-pelas-empresas.jpg&#8221; alt=&#8221;&#8221; width=&#8221;429&#8243; height=&#8221;213&#8243; srcset=&#8221;http:\/\/www.cargonews.com.br\/wp-content\/uploads\/2019\/03\/001-F&#xF3;rum-300&#215;149.jpg 300w, http:\/\/www.cargonews.com.br\/wp-content\/uploads\/2019\/03\/001-F&#xF3;rum-768&#215;382.jpg 768w, http:\/\/www.cargonews.com.br\/wp-content\/uploads\/2019\/03\/001-F&#xF3;rum-1024&#215;510.jpg 1024w, http:\/\/www.cargonews.com.br\/wp-content\/uploads\/2019\/03\/001-F&#xF3;rum.jpg 1555w&#8221; sizes=&#8221;(max-width: 429px) 100vw, 429px&#8221;\/><\/a>Gestores p\u00fablicos e privados, executivos e especialistas estar\u00e3o reunidos no pr\u00f3ximo dia 08 de abril no II F\u00f3rum Brasil GRC \u2013 Governan\u00e7a, Riscos e Compliance para debater sobre combate \u00e0 corrup\u00e7\u00e3o, processos de desburocratiza\u00e7\u00e3o e uso e prote\u00e7\u00e3o de dados pessoais. O evento acontece no Vit\u00f3ria Grand Hall e as inscri\u00e7\u00f5es j\u00e1 est\u00e3o abertas.<\/p>&nbsp;&nbsp;\n<p>Dentre os confirmados est\u00e1 o governador do Estado, Renato Casagrande, que far\u00e1 a palestra de abertura sobre as \u201cPerspectivas e aprimoramento da gest\u00e3o p\u00fablica do Esp\u00edrito Santo no tocante \u00e0s exig\u00eancias legais\u201d; o diretor executivo de Governan\u00e7a e Conformidade da Petrobras, Rafael Mendes Gomes; o advogado e ex-conselheiro do CNJ Luiz Cl\u00e1udio Allemand; e o procurador-geral de Justi\u00e7a do Rio de Janeiro, Jos\u00e9 Eduardo Gussem, que far\u00e1 a palestra de encerramento.<\/p>&nbsp;&nbsp;\n<p>Com uma programa\u00e7\u00e3o ampla, o II F\u00f3rum Brasil GRC vai discutir o combate \u00e0 corrup\u00e7\u00e3o, principalmente nas rela\u00e7\u00f5es p\u00fablico-privadas. Al\u00e9m disso, o evento vai abordar a busca por uma agenda de desburocratiza\u00e7\u00e3o, com foco em processos de licenciamentos coordenados por agentes p\u00fablicos; e ainda um debate sobre a Lei de Prote\u00e7\u00e3o de Dados, de 2018, que direciona sobre a preocupa\u00e7\u00e3o com o uso e o tratamento dos dados e informa\u00e7\u00f5es pessoais que transitam em \u00f3rg\u00e3os de Estado e em empresas privadas.<\/p>&nbsp;&nbsp;\n<p>Os interessados poder\u00e3o fazer a inscri\u00e7\u00e3o pelo site forumbrasilgrc.com.br. O investimento \u00e9 de R$ 40 para estudantes e R$ 80 para profissionais. O valor arrecadado ser\u00e1 destinado \u00e0 Associa\u00e7\u00e3o dos Amigos dos Autistas do Esp\u00edrito Santo (Amaes).<\/p>&nbsp;&nbsp;\n<p>O II F\u00f3rum Brasil GRC \u00e9 uma realiza\u00e7\u00e3o do Esp\u00edrito Santo em A\u00e7\u00e3o e da Multieventos e conta com o apoio institucional da Secretaria de Controle e Transpar\u00eancia do Governo do Esp\u00edrito Santo (Secont) e da Federa\u00e7\u00e3o das Ind\u00fastrias do Estado (Findes).<\/p>&nbsp;&nbsp;\n<p>Assessoria de Imprensa<\/p>\n","protected":false},"excerpt":{"rendered":"","protected":false},"author":1,"featured_media":0,"comment_status":"open","ping_status":"open","sticky":false,"template":"","format":"standard","meta":{"fifu_image_url":"","fifu_image_alt":"","footnotes":""},"categories":[8725],"tags":[9628],"class_list":["post-74190","post","type-post","status-publish","format-standard","hentry","category-geralmercado","tag-compliancenoticias","wpcat-8725-id"],"_links":{"self":[{"href":"https:\/\/verde-amarelo.net\/verdeamarelo\/wp-json\/wp\/v2\/posts\/74190","targetHints":{"allow":["GET"]}}],"collection":[{"href":"https:\/\/verde-amarelo.net\/verdeamarelo\/wp-json\/wp\/v2\/posts"}],"about":[{"href":"https:\/\/verde-amarelo.net\/verdeamarelo\/wp-json\/wp\/v2\/types\/post"}],"author":[{"embeddable":true,"href":"https:\/\/verde-amarelo.net\/verdeamarelo\/wp-json\/wp\/v2\/users\/1"}],"replies":[{"embeddable":true,"href":"https:\/\/verde-amarelo.net\/verdeamarelo\/wp-json\/wp\/v2\/comments?post=74190"}],"version-history":[{"count":0,"href":"https:\/\/verde-amarelo.net\/verdeamarelo\/wp-json\/wp\/v2\/posts\/74190\/revisions"}],"wp:attachment":[{"href":"https:\/\/verde-amarelo.net\/verdeamarelo\/wp-json\/wp\/v2\/media?parent=74190"}],"wp:term":[{"taxonomy":"category","embeddable":true,"href":"https:\/\/verde-amarelo.net\/verdeamarelo\/wp-json\/wp\/v2\/categories?post=74190"},{"taxonomy":"post_tag","embeddable":true,"href":"https:\/\/verde-amarelo.net\/verdeamarelo\/wp-json\/wp\/v2\/tags?post=74190"}],"curies":[{"name":"wp","href":"https:\/\/api.w.org\/{rel}","templated":true}]}}