{"id":74191,"date":"2019-03-11T17:00:46","date_gmt":"2019-03-11T20:00:46","guid":{"rendered":"https:\/\/verde-amarelo.net\/verdeamarelo\/2019\/03\/marinha-do-brasil-vira-foco-de-empresas-em-feira-de-defesa-e-seguranca\/"},"modified":"2019-03-11T17:00:46","modified_gmt":"2019-03-11T20:00:46","slug":"marinha-do-brasil-vira-foco-de-empresas-em-feira-de-defesa-e-seguranca","status":"publish","type":"post","link":"https:\/\/verde-amarelo.net\/verdeamarelo\/2019\/03\/marinha-do-brasil-vira-foco-de-empresas-em-feira-de-defesa-e-seguranca\/","title":{"rendered":"Marinha do Brasil vira foco de empresas em feira de defesa e seguran\u00e7a"},"content":{"rendered":"<blockquote class=\"quote_content\" readability=\"31\">\n<p><span>Encontro no Rio de Janeiro em abril vai movimentar a rela\u00e7\u00e3o entre os fornecedores da base industrial de Defesa e do setor de seguran\u00e7a p\u00fablica e corporativa<\/span><\/p>\n<\/blockquote>\n<p><a href=\"http:\/\/www.cargonews.com.br\/wp-content\/uploads\/2019\/03\/LAAD2017_4.jpg\"><img \"wp-image-26335 alignleft&#8221; src=&#8221;https:\/\/www.truckbrasil.com.br\/wp\/wp-content\/uploads\/2019\/03\/marinha-do-brasil-vira-foco-de-empresas-em-feira-de-defesa-e-seguranca.jpg&#8221; alt=&#8221;&#8221; width=&#8221;369&#8243; height=&#8221;246&#8243; srcset=&#8221;https:\/\/www.truckbrasil.com.br\/wp\/wp-content\/uploads\/2019\/03\/marinha-do-brasil-vira-foco-de-empresas-em-feira-de-defesa-e-seguranca.jpg 300w, http:\/\/www.cargonews.com.br\/wp-content\/uploads\/2019\/03\/LAAD2017_4-768&#215;512.jpg 768w, http:\/\/www.cargonews.com.br\/wp-content\/uploads\/2019\/03\/LAAD2017_4-1024&#215;683.jpg 1024w, http:\/\/www.cargonews.com.br\/wp-content\/uploads\/2019\/03\/LAAD2017_4.jpg 1080w&#8221; sizes=&#8221;(max-width: 369px) 100vw, 369px&#8221;\/><\/a>Os investimentos anunciados em renova\u00e7\u00e3o da frota brasileira da Marinha \u2013 como a licita\u00e7\u00e3o para a constru\u00e7\u00e3o de quatro novas corvetas do Projeto Tamandar\u00e9 \u2013 despertou o interesse imediato de empresas do Brasil e do mundo. E deve repercutir na 12\u00aa edi\u00e7\u00e3o da LAAD Defence &amp; Security, que acontece de 2 a 5 de abril no Rio de Janeiro, por ser o foco de aten\u00e7\u00e3o dos fornecedores que buscam novas parcerias comerciais com a Marinha do Brasil e tamb\u00e9m com as outras duas for\u00e7as armadas: o Ex\u00e9rcito e a Aeron\u00e1utica.<\/p>&nbsp;&nbsp;\n<p>A feira de neg\u00f3cios re\u00fane mais de 450 marcas nacionais e internacionais, recebe o apoio e tem a presen\u00e7a de autoridades das tr\u00eas For\u00e7as Armadas, al\u00e9m de representantes de for\u00e7as policiais e executivos da ind\u00fastria de defesa e seguran\u00e7a. Por esse motivo atrai empresas como a Thyssenkrupp, Embraer Defesa &amp; Seguran\u00e7a, Funda\u00e7\u00e3o Ezute, SKM Eletro Eletr\u00f4nica, Ares Aeroespacial e Defesa, Damen Shipyards, Saab, Consub Defesa e Tecnologia, DGS Defence, Logsub, entre outras j\u00e1 confirmadas.<\/p>&nbsp;&nbsp;\n<p>Expositores \u2014 Para ganhar clientes na LAAD 2019, a DGS Defence, estaleiro de constru\u00e7\u00e3o de embarca\u00e7\u00f5es militares, aposta em uma nova classe de embarca\u00e7\u00f5es t\u00e1ticas desenvolvida para o patrulhamento das fronteiras. \u201cO DGS 888 RAPTOR MK2 tem caracter\u00edsticas essenciais para miss\u00f5es de patrulhamento, como velocidade, autonomia, prote\u00e7\u00e3o bal\u00edstica, elevada capacidade de detec\u00e7\u00e3o e acompanhamento de alvos, independentemente das condi\u00e7\u00f5es de visibilidade e, claro, poder de fogo. No emprego de armamento, a embarca\u00e7\u00e3o \u00e9 constru\u00edda com infraestrutura para receber uma esta\u00e7\u00e3o de armas remotamente controlada na sua proa, o que empresta \u00e0 embarca\u00e7\u00e3o uma precis\u00e3o cir\u00fargica de tiro\u201d, adianta o diretor executivo da DGS Defense, Fuad Gatti Kouri.<\/p>&nbsp;&nbsp;\n<p>A empresa tamb\u00e9m busca navegar em mercados internacionais. No \u00faltimo m\u00eas, a DGS Defense Corp, bra\u00e7o que comp\u00f5e o Grupo DGS, iniciou as atividades em territ\u00f3rio norte-americano. Para Kouri, a presen\u00e7a na LAAD Defence &amp; Security \u00e9 requisito b\u00e1sico para as marcas que pretendem projetar servi\u00e7os e produtos nos setores de defesa e seguran\u00e7a. \u201cA LAAD permite grande visibilidade na esfera nacional e internacional e a possibilidade de contato direto entre a empresa e os clientes, nos mais variados n\u00edveis, um fato dif\u00edcil de ocorrer no dia a dia\u201d, explica.<\/p>&nbsp;&nbsp;\n<p>Quem tamb\u00e9m quer aproveitar a visibilidade promovida pela LAAD Defence &amp; Security \u00e9 a Logsub. O diretor da empresa, Armando Repinaldo, ressalta que a feira \u00e9 um espa\u00e7o aberto para destacar os cases de sucesso da Logsub e que o acesso facilitado a altas patentes da Marinha do Brasil e de outros pa\u00edses \u00e9 uma oportunidade para incentivar parcerias.<\/p>&nbsp;&nbsp;\n<p>Ele acredita que o cen\u00e1rio pol\u00edtico atual deve contribuir para destravar os cont\u00ednuos contingenciamentos de or\u00e7amento enfrentados pelas for\u00e7as armadas ao longo dos \u00faltimos anos. \u201cAlguns projetos da Marinha Brasileira que est\u00e3o congelados e incluem o reparo de submarinos, por exemplo, j\u00e1 est\u00e3o em fase de planejamento para a licita\u00e7\u00e3o. A for\u00e7a naval j\u00e1 apontou tamb\u00e9m a inten\u00e7\u00e3o de construir um navio polar e renovar o sistema de resgate de submarinos\u201d, afirma.<\/p>&nbsp;&nbsp;\n<p>Este \u00faltimo item \u00e9 um dos alvos da Logsub. Em parceria com a escocesa JFD (James Fisher Defense), a proposta \u00e9 construir no Brasil com conte\u00fado local um sistema de resgate de submarinos modular que \u00e9 transportado via a\u00e9rea. \u201cO modelo \u00e9 um dos mais modernos do mundo composto por um ROV (Remotely Operated Vehicle) de interven\u00e7\u00e3o subaqu\u00e1tica apto para interagir com o casco do submarino naufragado. A marinha da Austr\u00e1lia e a Organiza\u00e7\u00e3o do Tratado do Atl\u00e2ntico Norte (OTAN) t\u00eam sistemas baseados no mesmo conceito\u201d, explica Repinaldo.<\/p>&nbsp;&nbsp;\n<p>O sistema de salvamento por meio de um Sino de Resgate de Submarinos (SRS), que \u00e9 o atual da Marinha do Brasil, n\u00e3o tem a flexibilidade e a capacidade para atender a nova for\u00e7a de submarinos que ir\u00e1 incluir um submarino nuclear, segundo o diretor da Logsub.<\/p>&nbsp;&nbsp;\n<p><strong><a href=\"http:\/\/www.cargonews.com.br\/wp-content\/uploads\/2019\/03\/LAAD2017-1.jpg\"><img \"wp-image-26336 alignright&#8221; src=&#8221;https:\/\/www.truckbrasil.com.br\/wp\/wp-content\/uploads\/2019\/03\/marinha-do-brasil-vira-foco-de-empresas-em-feira-de-defesa-e-seguranca-1.jpg&#8221; alt=&#8221;&#8221; width=&#8221;372&#8243; height=&#8221;248&#8243; srcset=&#8221;https:\/\/www.truckbrasil.com.br\/wp\/wp-content\/uploads\/2019\/03\/marinha-do-brasil-vira-foco-de-empresas-em-feira-de-defesa-e-seguranca-1.jpg 300w, http:\/\/www.cargonews.com.br\/wp-content\/uploads\/2019\/03\/LAAD2017-1-768&#215;512.jpg 768w, http:\/\/www.cargonews.com.br\/wp-content\/uploads\/2019\/03\/LAAD2017-1.jpg 960w&#8221; sizes=&#8221;(max-width: 372px) 100vw, 372px&#8221;\/><\/a>Saiba mais sobre o evento, acessando www.laadexpo.com.br.<\/strong><\/p>\n<p><strong>LAAD Defence &amp; Security 2019 \u2013 Feira Internacional de Defesa e Seguran\u00e7a<\/strong><br \/><strong>Data:<\/strong> 2 a 5 de abril<br \/><strong>Local:<\/strong> Riocentro \u2013 Av. Salvador Allende, 6.555 \u2013 Barra da Tijuca \u2013 Rio de Janeiro \u2013 RJ<br \/><strong>Hor\u00e1rio da Exposi\u00e7\u00e3o:<\/strong> De ter\u00e7a-feira (2) a quinta-feira (4), das 10h \u00e0s 18h. Sexta-feira (5), das 10h \u00e0s 17h.<\/p>&nbsp;&nbsp;\n<p>Assessoria de Imprensa<\/p>\n","protected":false},"excerpt":{"rendered":"<p>Encontro no Rio de Janeiro em abril vai movimentar a rela\u00e7\u00e3o entre os fornecedores da&#8230;<\/p>\n","protected":false},"author":1,"featured_media":0,"comment_status":"open","ping_status":"open","sticky":false,"template":"","format":"standard","meta":{"fifu_image_url":"","fifu_image_alt":"","footnotes":""},"categories":[8725],"tags":[9558],"class_list":["post-74191","post","type-post","status-publish","format-standard","hentry","category-geralmercado","tag-eventonoticias","wpcat-8725-id"],"_links":{"self":[{"href":"https:\/\/verde-amarelo.net\/verdeamarelo\/wp-json\/wp\/v2\/posts\/74191","targetHints":{"allow":["GET"]}}],"collection":[{"href":"https:\/\/verde-amarelo.net\/verdeamarelo\/wp-json\/wp\/v2\/posts"}],"about":[{"href":"https:\/\/verde-amarelo.net\/verdeamarelo\/wp-json\/wp\/v2\/types\/post"}],"author":[{"embeddable":true,"href":"https:\/\/verde-amarelo.net\/verdeamarelo\/wp-json\/wp\/v2\/users\/1"}],"replies":[{"embeddable":true,"href":"https:\/\/verde-amarelo.net\/verdeamarelo\/wp-json\/wp\/v2\/comments?post=74191"}],"version-history":[{"count":0,"href":"https:\/\/verde-amarelo.net\/verdeamarelo\/wp-json\/wp\/v2\/posts\/74191\/revisions"}],"wp:attachment":[{"href":"https:\/\/verde-amarelo.net\/verdeamarelo\/wp-json\/wp\/v2\/media?parent=74191"}],"wp:term":[{"taxonomy":"category","embeddable":true,"href":"https:\/\/verde-amarelo.net\/verdeamarelo\/wp-json\/wp\/v2\/categories?post=74191"},{"taxonomy":"post_tag","embeddable":true,"href":"https:\/\/verde-amarelo.net\/verdeamarelo\/wp-json\/wp\/v2\/tags?post=74191"}],"curies":[{"name":"wp","href":"https:\/\/api.w.org\/{rel}","templated":true}]}}