{"id":74192,"date":"2019-03-11T12:30:11","date_gmt":"2019-03-11T15:30:11","guid":{"rendered":"https:\/\/verde-amarelo.net\/verdeamarelo\/2019\/03\/maior-e-mais-esperado-evento-de-marketing-do-pais-se-aproxima-sadebr-2019\/"},"modified":"2019-03-11T12:30:11","modified_gmt":"2019-03-11T15:30:11","slug":"maior-e-mais-esperado-evento-de-marketing-do-pais-se-aproxima-sadebr-2019","status":"publish","type":"post","link":"https:\/\/verde-amarelo.net\/verdeamarelo\/2019\/03\/maior-e-mais-esperado-evento-de-marketing-do-pais-se-aproxima-sadebr-2019\/","title":{"rendered":"Maior e mais esperado evento de marketing do pa\u00eds se aproxima: SADEBR 2019!"},"content":{"rendered":"<blockquote class=\"quote_content\" readability=\"31\">\n<p><span>Em sua 12\u00aa edi\u00e7\u00e3o, evento mostrar\u00e1 estrat\u00e9gias que far\u00e3o a Diferen\u00e7a para as IES<\/span><\/p>\n<\/blockquote>\n<p><a href=\"http:\/\/www.cargonews.com.br\/wp-content\/uploads\/2019\/03\/5debdd39-b3a9-4a2f-ab21-763d131f5f72.jpg\"><img \"wp-image-26340 alignleft&#8221; src=&#8221;https:\/\/www.truckbrasil.com.br\/wp\/wp-content\/uploads\/2019\/03\/maior-e-mais-esperado-evento-de-marketing-do-pais-se-aproxima-sadebr-2019.jpg&#8221; alt=&#8221;&#8221; width=&#8221;436&#8243; height=&#8221;289&#8243; srcset=&#8221;https:\/\/www.truckbrasil.com.br\/wp\/wp-content\/uploads\/2019\/03\/maior-e-mais-esperado-evento-de-marketing-do-pais-se-aproxima-sadebr-2019.jpg 300w, http:\/\/www.cargonews.com.br\/wp-content\/uploads\/2019\/03\/5debdd39-b3a9-4a2f-ab21-763d131f5f72-768&#215;510.jpg 768w, http:\/\/www.cargonews.com.br\/wp-content\/uploads\/2019\/03\/5debdd39-b3a9-4a2f-ab21-763d131f5f72.jpg 960w&#8221; sizes=&#8221;(max-width: 436px) 100vw, 436px&#8221;\/><\/a>O n\u00famero de alunos matriculados no ensino superior, mesmo que timidamente, tem crescido no pa\u00eds, contudo apenas na modalidade de Educa\u00e7\u00e3o a Dist\u00e2ncia (EaD). Esse cen\u00e1rio foi apontado pelo Censo da Educa\u00e7\u00e3o Superior de 2017, divulgado pelo Minist\u00e9rio da Educa\u00e7\u00e3o no final do ano de 2018. Nessa perspectiva de mudan\u00e7as no<br \/>mercado educacional, o marketing se mostra como uma eficaz estrat\u00e9gia de sa\u00edda para integrar os setores e reposicionar as Institui\u00e7\u00f5es de forma efetiva. Esse tema e muitos outros ser\u00e3o debatidos no SADEBR<br \/>2019, o maior e mais esperado evento de marketing educacional do Brasil.<\/p>&nbsp;&nbsp;\n<p>Em 2019, as edi\u00e7\u00f5es itinerantes do SADEBR levantar\u00e3o importantes debates sobre o mercado de ensino superior, tendo como foco a Efetividade do Marketing Educacional e seu retorno para as Institui\u00e7\u00f5es de Ensino Superior (IES). Ser\u00e3o debatidos, entre outros, estrat\u00e9gias, tecnologias, metodologias, processos e pr\u00e1ticas<br \/>que s\u00e3o atualmente utilizadas para aumentar os ativos e a competitividade do segmento educacional.<\/p>&nbsp;&nbsp;\n<p>Segundo o diretor executivo do Sindicato das Entidades Mantenedoras de Estabelecimentos de Ensino superior no Estado de S\u00e3o Paulo (Semesp),\u00a0Rodrigo Capelato, o cen\u00e1rio nacional aponta para a necessidade das\u00a0IES repensarem suas estrat\u00e9gias. \u201cO desemprego, tanto do estudante\u00a0quanto de um membro da fam\u00edlia, e a perda de renda est\u00e3o fazendo os\u00a0jovens postergarem a entrada no ensino superior. Isso traz uma\u00a0caracter\u00edstica importante: haver\u00e1, sim, uma queda de matr\u00edculas,\u00a0mas haver\u00e1, tamb\u00e9m, um novo p\u00fablico, de olho no que est\u00e1 sendo\u00a0ofertado e mais criterioso na hora de escolher onde investir na sua\u00a0educa\u00e7\u00e3o\u201d, pontuou Capelato.<\/p>&nbsp;&nbsp;\n<p>Para o curador do SADEBR, Glauson Mendes, mais que um departamento, o\u00a0marketing precisa fazer parte da cultura institucional para ser\u00a0realmente efetivo. \u201cO marketing n\u00e3o deveria ser apenas um\u00a0departamento, mas uma cultura institucional, fomentada pelas\u00a0principais lideran\u00e7as de Institui\u00e7\u00f5es de Ensino. A efetividade do\u00a0marketing educacional \u00e9 causa e consequ\u00eancia do aprimoramento da\u00a0cultura organizacional que compreende os desafios atuais do segmento.\u00a0Para que as Institui\u00e7\u00f5es superem as metas referentes \u00e0 capta\u00e7\u00e3o e\u00a0reten\u00e7\u00e3o de alunos, \u00e9 preciso estar por dentro do que acontece no\u00a0mercado educacional\u201d, destacou Mendes.<\/p>&nbsp;&nbsp;\n<p><strong>SADEBR 2019<\/strong><\/p>\n<p>Dividido por regi\u00f5es, o SADEBR Itinerante levar\u00e1 a seis capitais do\u00a0pa\u00eds o que h\u00e1 de mais atual sobre o marketing educacional.<\/p>&nbsp;&nbsp;\n<p><strong>Receber\u00e3o o evento as cidades de Porto Alegre (20\/03);<\/strong><\/p>\n<p><strong>Belo Horizonte\u00a0<\/strong>(09\/04);<\/p>\n<p><strong>Bras\u00edlia<\/strong> (29\/05);<\/p>\n<p><strong>Curitiba<\/strong> (11\/06);<\/p>\n<p><strong>Fortaleza<\/strong> (13\/08); e<br \/><strong>S\u00e3o Paulo<\/strong> (evento nacional, dias 24 e 25\/09).<\/p>&nbsp;&nbsp;\n<p>Participar\u00e3o das edi\u00e7\u00f5es de 2019 do SADEBR, entre outros: Rodrigo\u00a0Capelato, Diretor executivo do SEMESP; Glauson Mendes, curador do\u00a0SADEBR; Bruna Del\u2019Labon, consultora de marketing educacional; Maysa<br \/>Sim\u00f5es, especialista em marketing para col\u00e9gios; Luiz Sim\u00f5es,\u00a0consultor de marketing educacional; C\u00e9sar Figueiredo, booking manager\u00a0da cantora Anitta; Augusto Guimar\u00e3es e Bruno Dias, da CRM Educacional<br \/>e da UNIFEB; al\u00e9m de atra\u00e7\u00f5es especiais.<\/p>&nbsp;&nbsp;\n<p><strong>POR QUE PARTICIPAR DO SADEBR 2019?<\/strong><\/p>\n<p><a href=\"http:\/\/www.cargonews.com.br\/wp-content\/uploads\/2019\/03\/1d43355e-c6d8-4299-b252-113275fa0616.jpg\"><img \"wp-image-26343 alignleft&#8221; src=&#8221;https:\/\/www.truckbrasil.com.br\/wp\/wp-content\/uploads\/2019\/03\/maior-e-mais-esperado-evento-de-marketing-do-pais-se-aproxima-sadebr-2019-1.jpg&#8221; alt=&#8221;&#8221; width=&#8221;248&#8243; height=&#8221;372&#8243; srcset=&#8221;https:\/\/www.truckbrasil.com.br\/wp\/wp-content\/uploads\/2019\/03\/maior-e-mais-esperado-evento-de-marketing-do-pais-se-aproxima-sadebr-2019-1.jpg 200w, http:\/\/www.cargonews.com.br\/wp-content\/uploads\/2019\/03\/1d43355e-c6d8-4299-b252-113275fa0616.jpg 640w&#8221; sizes=&#8221;(max-width: 248px) 100vw, 248px&#8221;\/><\/a>\u00a0Institui\u00e7\u00f5es em diversos n\u00edveis, com realidades diferentes e\u00a0situadas em diversas partes do pa\u00eds, compartilhando experi\u00eancias de\u00a0marketing em um evento com uma qualidade de conte\u00fado sem igual.<br \/>Conforme Glauson Mendes, essa \u00e9 a principal caracter\u00edstica do\u00a0SADEBR. \u201c\u00c9 um evento voltado a quem entende a relev\u00e2ncia do\u00a0marketing educacional, quer investir nisso, compartilhar\u00a0experi\u00eancias, ou tem curiosidade. Quem n\u00e3o conhece vai ter que\u00a0vivenciar porque \u00e9 algo que n\u00e3o d\u00e1 pra descrever\u201d, completou\u00a0Glauson Mendes.<\/p>&nbsp;&nbsp;\n<p>O SADEBR \u00e9 um evento dedicado exclusivamente a mantenedores,\u00a0dirigentes, profissionais de comunica\u00e7\u00e3o, marketing e TI de\u00a0institui\u00e7\u00f5es de Ensino. Em sua 12\u00aa edi\u00e7\u00e3o, em 2019, o SADEBR\u00a0trar\u00e1 importantes indicadores sobre o mercado educacional nacional.<br \/>Diante de uma realidade de retra\u00e7\u00e3o de mercado no ensino presencial\u00a0e uma crescente na EAD, essa edi\u00e7\u00e3o especial focar\u00e1 em tecnologias,\u00a0processos e pr\u00e1ticas que s\u00e3o utilizadas para aumentar a\u00a0competitividade das institui\u00e7\u00f5es de ensino.<\/p>&nbsp;&nbsp;\n<p>Saiba mais em sadebr.com.br.<\/p>&nbsp;&nbsp;\n<p>Assessoria de Imprensa<\/p>\n","protected":false},"excerpt":{"rendered":"<p>Em sua 12\u00aa edi\u00e7\u00e3o, evento mostrar\u00e1 estrat\u00e9gias que far\u00e3o a Diferen\u00e7a para as IES \u00a0Institui\u00e7\u00f5es&#8230;<\/p>\n","protected":false},"author":1,"featured_media":0,"comment_status":"open","ping_status":"open","sticky":false,"template":"","format":"standard","meta":{"fifu_image_url":"","fifu_image_alt":"","footnotes":""},"categories":[8702],"tags":[9339],"class_list":["post-74192","post","type-post","status-publish","format-standard","hentry","category-logistica","tag-logisticamarketing","wpcat-8702-id"],"_links":{"self":[{"href":"https:\/\/verde-amarelo.net\/verdeamarelo\/wp-json\/wp\/v2\/posts\/74192","targetHints":{"allow":["GET"]}}],"collection":[{"href":"https:\/\/verde-amarelo.net\/verdeamarelo\/wp-json\/wp\/v2\/posts"}],"about":[{"href":"https:\/\/verde-amarelo.net\/verdeamarelo\/wp-json\/wp\/v2\/types\/post"}],"author":[{"embeddable":true,"href":"https:\/\/verde-amarelo.net\/verdeamarelo\/wp-json\/wp\/v2\/users\/1"}],"replies":[{"embeddable":true,"href":"https:\/\/verde-amarelo.net\/verdeamarelo\/wp-json\/wp\/v2\/comments?post=74192"}],"version-history":[{"count":0,"href":"https:\/\/verde-amarelo.net\/verdeamarelo\/wp-json\/wp\/v2\/posts\/74192\/revisions"}],"wp:attachment":[{"href":"https:\/\/verde-amarelo.net\/verdeamarelo\/wp-json\/wp\/v2\/media?parent=74192"}],"wp:term":[{"taxonomy":"category","embeddable":true,"href":"https:\/\/verde-amarelo.net\/verdeamarelo\/wp-json\/wp\/v2\/categories?post=74192"},{"taxonomy":"post_tag","embeddable":true,"href":"https:\/\/verde-amarelo.net\/verdeamarelo\/wp-json\/wp\/v2\/tags?post=74192"}],"curies":[{"name":"wp","href":"https:\/\/api.w.org\/{rel}","templated":true}]}}