{"id":74193,"date":"2019-03-11T18:42:23","date_gmt":"2019-03-11T21:42:23","guid":{"rendered":"https:\/\/verde-amarelo.net\/verdeamarelo\/2019\/03\/unicamp-e-cccer-convidam-para-a-aula-magna-do-programa-de-extensao-em-comercio-exterior\/"},"modified":"2019-03-11T18:42:23","modified_gmt":"2019-03-11T21:42:23","slug":"unicamp-e-cccer-convidam-para-a-aula-magna-do-programa-de-extensao-em-comercio-exterior","status":"publish","type":"post","link":"https:\/\/verde-amarelo.net\/verdeamarelo\/2019\/03\/unicamp-e-cccer-convidam-para-a-aula-magna-do-programa-de-extensao-em-comercio-exterior\/","title":{"rendered":"UNICAMP e CCCER convidam para a AULA MAGNA do programa de extens\u00e3o em COM\u00c9RCIO EXTERIOR."},"content":{"rendered":"<div class=\"single_post_title\" readability=\"8.8\">\n<p class=\"post-meta meta-main-img\"><span class=\"post-date updated\">mar 11, 2019<\/span><span class=\"vcard post-author meta-user\"><span class=\"fn\"><a href=\"http:\/\/www.cargonews.com.br\/author\/luizantonio\/\" title=\"Posts de Administrador Cargo News\" rel=\"author\">Administrador Cargo News<\/a><\/span><\/span><span class=\"meta-cat\"><a href=\"http:\/\/www.cargonews.com.br\/category\/noticias\/\" rel=\"category tag\">Not\u00edcias<\/a><\/span><\/p>\n<\/div>\n<div class=\"post_content\" readability=\"63\">\n<p><a href=\"http:\/\/www.cargonews.com.br\/wp-content\/uploads\/2019\/03\/CCCER-e-UNICAMP.jpg\"><img \"wp-image-26351 alignleft&#8221; src=&#8221;https:\/\/www.truckbrasil.com.br\/wp\/wp-content\/uploads\/2019\/03\/unicamp-e-cccer-convidam-para-a-aula-magna-do-programa-de-extensao-em-comercio-exterior.jpg&#8221; alt=&#8221;&#8221; width=&#8221;366&#8243; height=&#8221;199&#8243; srcset=&#8221;https:\/\/www.truckbrasil.com.br\/wp\/wp-content\/uploads\/2019\/03\/unicamp-e-cccer-convidam-para-a-aula-magna-do-programa-de-extensao-em-comercio-exterior.jpg 300w, http:\/\/www.cargonews.com.br\/wp-content\/uploads\/2019\/03\/CCCER-e-UNICAMP-768&#215;418.jpg 768w, http:\/\/www.cargonews.com.br\/wp-content\/uploads\/2019\/03\/CCCER-e-UNICAMP-1024&#215;557.jpg 1024w, http:\/\/www.cargonews.com.br\/wp-content\/uploads\/2019\/03\/CCCER-e-UNICAMP.jpg 1180w&#8221; sizes=&#8221;(max-width: 366px) 100vw, 366px&#8221;\/><\/a>O lan\u00e7amento dos cursos de extens\u00e3o em Com\u00e9rcio Exterior da UNICAMP-CCCER ser\u00e1 realizado no dia 14 de mar\u00e7o, \u00e0s 19 horas, no Audit\u00f3rio Zeferino Vaz do Instituto de Economia (IE), quando acontecer\u00e1 a Aula Magna com palestras dos professores do IE. Na oportunidade, Giuliano Contento de Oliveira falar\u00e1 sobre as recentes altera\u00e7\u00f5es na economia e nas rela\u00e7\u00f5es internacionais, Roberto Borgui mostrar\u00e1 a import\u00e2ncia da China no com\u00e9rcio mundial e para o Brasil e, ainda, Carlos Moura explicar\u00e1 as recentes mudan\u00e7as na opera\u00e7\u00e3o do com\u00e9rcio exterior brasileiro.<\/p>&nbsp;&nbsp;\n<p>Ao todo, ser\u00e3o oferecidos 7 cursos de 8 horas\/aulas cada um nos meses de abril, maio, junho, agosto e setembro. As aulas acontecer\u00e3o \u00e0s quartas-feiras, das 18h30 \u00e0s 22h30 e, aos s\u00e1bados, das 8h30 \u00e0s 12h30 e das 14 \u00e0s 18 horas. Os temas s\u00e3o: Exporta\u00e7\u00e3o (m\u00f3dulo b\u00e1sico); Planejamento e Fluxo de Exporta\u00e7\u00e3o; Financiamento \u00e0 Exporta\u00e7\u00e3o; Importa\u00e7\u00e3o; Financiamento \u00e0 Importa\u00e7\u00e3o; Introdu\u00e7\u00e3o ao mercado de C\u00e2mbio brasileiro e Introdu\u00e7\u00e3o \u00e0 Derivativos e prote\u00e7\u00e3o financeira cambial ao com\u00e9rcio exterior.<\/p>&nbsp;&nbsp;\n<p><strong>Data \/ Hora<\/strong><br \/><strong>14\/03\/2019<\/strong><br \/><strong>18:30 \u2013 21:30<\/strong><\/p>\n<p><strong>Local<\/strong><br \/><strong>Auditorio Zeferino Vaz<\/strong><\/p>\n<p><strong>Categorias<\/strong><br \/><strong>CCCER<\/strong><br \/><strong>CCCEReduca<\/strong><\/p>\n<p>VAGAS LIMITADAS! RESERVE J\u00c1 A SUA clicando neste link:<br \/>https:\/\/aula-magna-comercio-exterior-unicamp-cccer.eventbrite.com.br<\/p>\n<\/div>\n<hr class=\"none\"\/>\n<div class=\"postnav\"><span class=\"right\"><a href=\"http:\/\/www.cargonews.com.br\/economia-de-sc-cresce-807-em-2018\/\" id=\"nextpost\"><span>Pr\u00f3xima Not\u00edcia<\/span>Economia de SC cresce 8,07% em 2018 e resultados impulsionam novos neg\u00f3cios na Feira Logistique 2019<\/a><\/span><\/div>\n<hr class=\"none\"\/>\n<div class=\"auth\">\n<div class=\"author-info\">\n<div class=\"author-avatar\"><img decoding=\"async\" src=\"data:image\/gif;base64,R0lGODlhAQABAIAAAAAAAP\/\/\/ywAAAAAAQABAAACAUwAOw==\" fifu-lazy=\"1\" fifu-data-sizes=\"auto\" fifu-data-srcset=\"https:\/\/i0.wp.com\/www.truckbrasil.com.br\/wp\/wp-content\/uploads\/2019\/03\/unicamp-e-cccer-convidam-para-a-aula-magna-do-programa-de-extensao-em-comercio-exterior-1.jpg?ssl=1&w=75&resize=75&ssl=1 75w, https:\/\/i0.wp.com\/www.truckbrasil.com.br\/wp\/wp-content\/uploads\/2019\/03\/unicamp-e-cccer-convidam-para-a-aula-magna-do-programa-de-extensao-em-comercio-exterior-1.jpg?ssl=1&w=100&resize=100&ssl=1 100w, https:\/\/i0.wp.com\/www.truckbrasil.com.br\/wp\/wp-content\/uploads\/2019\/03\/unicamp-e-cccer-convidam-para-a-aula-magna-do-programa-de-extensao-em-comercio-exterior-1.jpg?ssl=1&w=150&resize=150&ssl=1 150w, https:\/\/i0.wp.com\/www.truckbrasil.com.br\/wp\/wp-content\/uploads\/2019\/03\/unicamp-e-cccer-convidam-para-a-aula-magna-do-programa-de-extensao-em-comercio-exterior-1.jpg?ssl=1&w=240&resize=240&ssl=1 240w, https:\/\/i0.wp.com\/www.truckbrasil.com.br\/wp\/wp-content\/uploads\/2019\/03\/unicamp-e-cccer-convidam-para-a-aula-magna-do-programa-de-extensao-em-comercio-exterior-1.jpg?ssl=1&w=320&resize=320&ssl=1 320w, https:\/\/i0.wp.com\/www.truckbrasil.com.br\/wp\/wp-content\/uploads\/2019\/03\/unicamp-e-cccer-convidam-para-a-aula-magna-do-programa-de-extensao-em-comercio-exterior-1.jpg?ssl=1&w=500&resize=500&ssl=1 500w, https:\/\/i0.wp.com\/www.truckbrasil.com.br\/wp\/wp-content\/uploads\/2019\/03\/unicamp-e-cccer-convidam-para-a-aula-magna-do-programa-de-extensao-em-comercio-exterior-1.jpg?ssl=1&w=640&resize=640&ssl=1 640w, https:\/\/i0.wp.com\/www.truckbrasil.com.br\/wp\/wp-content\/uploads\/2019\/03\/unicamp-e-cccer-convidam-para-a-aula-magna-do-programa-de-extensao-em-comercio-exterior-1.jpg?ssl=1&w=800&resize=800&ssl=1 800w, https:\/\/i0.wp.com\/www.truckbrasil.com.br\/wp\/wp-content\/uploads\/2019\/03\/unicamp-e-cccer-convidam-para-a-aula-magna-do-programa-de-extensao-em-comercio-exterior-1.jpg?ssl=1&w=1024&resize=1024&ssl=1 1024w, https:\/\/i0.wp.com\/www.truckbrasil.com.br\/wp\/wp-content\/uploads\/2019\/03\/unicamp-e-cccer-convidam-para-a-aula-magna-do-programa-de-extensao-em-comercio-exterior-1.jpg?ssl=1&w=1280&resize=1280&ssl=1 1280w, https:\/\/i0.wp.com\/www.truckbrasil.com.br\/wp\/wp-content\/uploads\/2019\/03\/unicamp-e-cccer-convidam-para-a-aula-magna-do-programa-de-extensao-em-comercio-exterior-1.jpg?ssl=1&w=1600&resize=1600&ssl=1 1600w\" fifu-data-src=\"https:\/\/i0.wp.com\/www.truckbrasil.com.br\/wp\/wp-content\/uploads\/2019\/03\/unicamp-e-cccer-convidam-para-a-aula-magna-do-programa-de-extensao-em-comercio-exterior-1.jpg?ssl=1\" width=\"90\" height=\"79\" alt=\"\" class=\"avatar avatar-90 wp-user-avatar wp-user-avatar-90 photo avatar-default\"\/><\/div>\n<\/p><\/div>\n<\/div>\n<div class=\"related-posts\">\n<p><h2>Mat\u00e9rias relacionadas<\/h2>\n<\/p><\/div>\n<hr class=\"none\"\/>\n","protected":false},"excerpt":{"rendered":"<p>mar 11, 2019Administrador Cargo NewsNot\u00edcias<\/p>\n","protected":false},"author":1,"featured_media":0,"comment_status":"open","ping_status":"open","sticky":false,"template":"","format":"standard","meta":{"fifu_image_url":"","fifu_image_alt":"","footnotes":""},"categories":[8725],"tags":[9629],"class_list":["post-74193","post","type-post","status-publish","format-standard","hentry","category-geralmercado","tag-noticiasunicamp-e-cccer","wpcat-8725-id"],"_links":{"self":[{"href":"https:\/\/verde-amarelo.net\/verdeamarelo\/wp-json\/wp\/v2\/posts\/74193","targetHints":{"allow":["GET"]}}],"collection":[{"href":"https:\/\/verde-amarelo.net\/verdeamarelo\/wp-json\/wp\/v2\/posts"}],"about":[{"href":"https:\/\/verde-amarelo.net\/verdeamarelo\/wp-json\/wp\/v2\/types\/post"}],"author":[{"embeddable":true,"href":"https:\/\/verde-amarelo.net\/verdeamarelo\/wp-json\/wp\/v2\/users\/1"}],"replies":[{"embeddable":true,"href":"https:\/\/verde-amarelo.net\/verdeamarelo\/wp-json\/wp\/v2\/comments?post=74193"}],"version-history":[{"count":0,"href":"https:\/\/verde-amarelo.net\/verdeamarelo\/wp-json\/wp\/v2\/posts\/74193\/revisions"}],"wp:attachment":[{"href":"https:\/\/verde-amarelo.net\/verdeamarelo\/wp-json\/wp\/v2\/media?parent=74193"}],"wp:term":[{"taxonomy":"category","embeddable":true,"href":"https:\/\/verde-amarelo.net\/verdeamarelo\/wp-json\/wp\/v2\/categories?post=74193"},{"taxonomy":"post_tag","embeddable":true,"href":"https:\/\/verde-amarelo.net\/verdeamarelo\/wp-json\/wp\/v2\/tags?post=74193"}],"curies":[{"name":"wp","href":"https:\/\/api.w.org\/{rel}","templated":true}]}}