{"id":74194,"date":"2019-03-11T17:59:49","date_gmt":"2019-03-11T20:59:49","guid":{"rendered":"https:\/\/verde-amarelo.net\/verdeamarelo\/2019\/03\/economia-de-sc-cresce-807-em-2018-e-resultados-impulsionam-novos-negocios-na-feira-logistique-2019\/"},"modified":"2019-03-11T17:59:49","modified_gmt":"2019-03-11T20:59:49","slug":"economia-de-sc-cresce-807-em-2018-e-resultados-impulsionam-novos-negocios-na-feira-logistique-2019","status":"publish","type":"post","link":"https:\/\/verde-amarelo.net\/verdeamarelo\/2019\/03\/economia-de-sc-cresce-807-em-2018-e-resultados-impulsionam-novos-negocios-na-feira-logistique-2019\/","title":{"rendered":"Economia de SC cresce 8,07% em 2018 e resultados impulsionam novos neg\u00f3cios na Feira Logistique 2019"},"content":{"rendered":"<blockquote class=\"quote_content\" readability=\"35\">\n<p><span>A Logistique, que \u00e9 uma das mais importantes feiras de Log\u00edstica e Neg\u00f3cios Multimodal no Brasil tamb\u00e9m cresceu. A edi\u00e7\u00e3o 2019 est\u00e1 confirmada para os dias 27, 28 e 29 de agosto, com mais de 160 expositores<\/span><\/p>\n<\/blockquote>\n<p><a href=\"http:\/\/www.cargonews.com.br\/wp-content\/uploads\/2019\/03\/Expositor-edi%C3%A7%C3%A3o-2018.jpg\"><img \"wp-image-26346 alignleft&#8221; src=&#8221;https:\/\/www.truckbrasil.com.br\/wp\/wp-content\/uploads\/2019\/03\/economia-de-sc-cresce-807-em-2018-e-resultados-impulsionam-novos-negocios-na-feira-logistique-2019.jpg&#8221; alt=&#8221;&#8221; width=&#8221;413&#8243; height=&#8221;275&#8243; srcset=&#8221;http:\/\/www.cargonews.com.br\/wp-content\/uploads\/2019\/03\/Expositor-edi&#xE7;&#xE3;o-2018-300&#215;200.jpg 300w, http:\/\/www.cargonews.com.br\/wp-content\/uploads\/2019\/03\/Expositor-edi&#xE7;&#xE3;o-2018-768&#215;512.jpg 768w, http:\/\/www.cargonews.com.br\/wp-content\/uploads\/2019\/03\/Expositor-edi&#xE7;&#xE3;o-2018-1024&#215;683.jpg 1024w, http:\/\/www.cargonews.com.br\/wp-content\/uploads\/2019\/03\/Expositor-edi&#xE7;&#xE3;o-2018.jpg 1368w&#8221; sizes=&#8221;(max-width: 413px) 100vw, 413px&#8221;\/><\/a>A economia de Santa Catarina cresceu 8,07% no per\u00edodo de janeiro a setembro de 2018 se comparado ao mesmo per\u00edodo em 2017. O melhor desempenho foi constatado no Vale do Itaja\u00ed, com avan\u00e7o de 11,86%, seguido pelas regi\u00f5es Norte (8,75%), seguido pelas regi\u00f5es da Grande Florian\u00f3polis (2,46%), Serra Catarinense (1,82%), Meio Oeste (1,50%), Extremo Sul (1,42%), Noroeste (1,23%), Sul (0,94%), Alto Vale (0,75%), Planalto Norte (0,40%), Extremo Oeste (0,28%) e Oeste (0,13%). Os n\u00fameros foram apurados pela Federa\u00e7\u00e3o das Associa\u00e7\u00f5es Empresariais de SC (Facisc), em fevereiro, e constam no \u00cdndice de Performance Econ\u00f4mica das Regi\u00f5es de Santa Catarina (Iper). O estudo foi elaborado a partir de indicadores relevantes que possuem rela\u00e7\u00e3o direta com a movimenta\u00e7\u00e3o econ\u00f4mica das regi\u00f5es do estado<\/p>\n<p>A <strong>Logistique \u2013 Feira de Log\u00edstica e Neg\u00f3cios Multimodal de Cargas<\/strong> tamb\u00e9m cresceu. A edi\u00e7\u00e3o 2019 est\u00e1 confirmada para os dias 27, 28 e 29 de agosto, no Complexo de Exposi\u00e7\u00f5es Expoville, em Joinville, no Norte Santa Catarina, regi\u00e3o que apresentou o segundo melhor desempenho no estudo da Facisc. A expectativa \u00e9 de mais de 160 expositores neste ano, com aumento de 100% com rela\u00e7\u00e3o a edi\u00e7\u00e3o de 2018. Espera-se tamb\u00e9m um p\u00fablico visitante de mais de 15 mil empres\u00e1rios ligados aos setores portu\u00e1rio, da navega\u00e7\u00e3o, com\u00e9rcio exterior, transporte multimodal, log\u00edstica, gerenciamento de cadeias de suprimentos e tecnologia da informa\u00e7\u00e3o (TI).<\/p>&nbsp;&nbsp;\n<p>O Diretor da Logistique, Leonardo Rinaldi, diz que a decis\u00e3o de dobar o n\u00famero de expositores em 2019 foi tomada ainda durante a edi\u00e7\u00e3o passada do evento, devido ao grande volume de reservas de espa\u00e7os para a edi\u00e7\u00e3o deste ano: 90% dos expositores da edi\u00e7\u00e3o anterior. A feira \u00e9 organizada pela Zoom Feiras &amp; Eventos, uma empresa com mais de 10 anos de tradi\u00e7\u00e3o no mercado catarinense.<\/p>&nbsp;&nbsp;\n<p>\u201cOs bons resultados obtidos durante a edi\u00e7\u00e3o do ano passado s\u00e3o o nosso cart\u00e3o de visitas para a realiza\u00e7\u00e3o de mais uma edi\u00e7\u00e3o de sucesso, reunindo os grandes players do mercado e um p\u00fablico visitante atuante e formador de opini\u00e3o nos mercados em que a Logistique se enquadra\u201d, acrescenta Rinaldi. \u201cAssim como na edi\u00e7\u00e3o passada, a Logistique 2019 vai apresentar solu\u00e7\u00f5es completas para toda a cadeia log\u00edstica, com expositores ligados a praticamente todos os setores que comp\u00f5em a cadeia log\u00edstica do transporte multimodal, e ampla programa\u00e7\u00e3o de palestras e rodas de conhecimento com especialistas.\u201d<\/p>\n<p><strong>Mais informa\u00e7\u00f5es no endere\u00e7o www.logistique.com.br.<\/strong><\/p>\n<p><strong>Servi\u00e7o<\/strong><\/p>\n<p><strong>O que:<\/strong> Logistique \u2013 Feira de Log\u00edstica e Neg\u00f3cios Multimodal<\/p>\n<p><strong>Quando:<\/strong> 27 a 29 de agosto de 2019, das 14h \u00e0s 21h<\/p>\n<p><strong>Onde:<\/strong> Centro de Exposi\u00e7\u00f5es Expoville \u2013 Rua Quinze de Novembro, 4350 \u2013 Joinville \u2013 SC<\/p>\n<p><strong>Contato:<\/strong> 55 (49) 3361 9200 \/ info@logistique.com.br<\/p>\n<p><strong>Informa\u00e7\u00f5es e reservas:<\/strong> www.logistique.com.br<\/p>\n<p>Assessoria de Imprensa<\/p>\n","protected":false},"excerpt":{"rendered":"<p>A Logistique, que \u00e9 uma das mais importantes feiras de Log\u00edstica e Neg\u00f3cios Multimodal no&#8230;<\/p>\n","protected":false},"author":1,"featured_media":0,"comment_status":"open","ping_status":"open","sticky":false,"template":"","format":"standard","meta":{"fifu_image_url":"","fifu_image_alt":"","footnotes":""},"categories":[8725],"tags":[9630],"class_list":["post-74194","post","type-post","status-publish","format-standard","hentry","category-geralmercado","tag-feiranoticias","wpcat-8725-id"],"_links":{"self":[{"href":"https:\/\/verde-amarelo.net\/verdeamarelo\/wp-json\/wp\/v2\/posts\/74194","targetHints":{"allow":["GET"]}}],"collection":[{"href":"https:\/\/verde-amarelo.net\/verdeamarelo\/wp-json\/wp\/v2\/posts"}],"about":[{"href":"https:\/\/verde-amarelo.net\/verdeamarelo\/wp-json\/wp\/v2\/types\/post"}],"author":[{"embeddable":true,"href":"https:\/\/verde-amarelo.net\/verdeamarelo\/wp-json\/wp\/v2\/users\/1"}],"replies":[{"embeddable":true,"href":"https:\/\/verde-amarelo.net\/verdeamarelo\/wp-json\/wp\/v2\/comments?post=74194"}],"version-history":[{"count":0,"href":"https:\/\/verde-amarelo.net\/verdeamarelo\/wp-json\/wp\/v2\/posts\/74194\/revisions"}],"wp:attachment":[{"href":"https:\/\/verde-amarelo.net\/verdeamarelo\/wp-json\/wp\/v2\/media?parent=74194"}],"wp:term":[{"taxonomy":"category","embeddable":true,"href":"https:\/\/verde-amarelo.net\/verdeamarelo\/wp-json\/wp\/v2\/categories?post=74194"},{"taxonomy":"post_tag","embeddable":true,"href":"https:\/\/verde-amarelo.net\/verdeamarelo\/wp-json\/wp\/v2\/tags?post=74194"}],"curies":[{"name":"wp","href":"https:\/\/api.w.org\/{rel}","templated":true}]}}