{"id":74196,"date":"2019-03-11T16:46:00","date_gmt":"2019-03-11T19:46:00","guid":{"rendered":"https:\/\/verde-amarelo.net\/verdeamarelo\/2019\/03\/nissan-nissan-demuestra-el-alto-desempeno-de-leaf-como-parte-de-un-serial-enfocado-en-desmitificar-los-vehiculos-electricos\/"},"modified":"2019-03-11T16:46:00","modified_gmt":"2019-03-11T19:46:00","slug":"nissan-nissan-demuestra-el-alto-desempeno-de-leaf-como-parte-de-un-serial-enfocado-en-desmitificar-los-vehiculos-electricos","status":"publish","type":"post","link":"https:\/\/verde-amarelo.net\/verdeamarelo\/2019\/03\/nissan-nissan-demuestra-el-alto-desempeno-de-leaf-como-parte-de-un-serial-enfocado-en-desmitificar-los-vehiculos-electricos\/","title":{"rendered":"Nissan: Nissan demuestra el alto desempe\u00f1o de LEAF como parte de un serial enfocado en desmitificar los veh\u00edculos el\u00e9ctricos"},"content":{"rendered":"<div><img decoding=\"async\" src=\"data:image\/gif;base64,R0lGODlhAQABAIAAAAAAAP\/\/\/ywAAAAAAQABAAACAUwAOw==\" fifu-lazy=\"1\" fifu-data-sizes=\"auto\" fifu-data-srcset=\"https:\/\/i1.wp.com\/www.truckbrasil.com.br\/wp\/wp-content\/uploads\/2019\/03\/nissan-nissan-demuestra-el-alto-desempeno-de-leaf-como-parte-de-un-serial-enfocado-en-desmitificar-los-vehiculos-electricos.jpg?ssl=1&w=75&resize=75&ssl=1 75w, https:\/\/i1.wp.com\/www.truckbrasil.com.br\/wp\/wp-content\/uploads\/2019\/03\/nissan-nissan-demuestra-el-alto-desempeno-de-leaf-como-parte-de-un-serial-enfocado-en-desmitificar-los-vehiculos-electricos.jpg?ssl=1&w=100&resize=100&ssl=1 100w, https:\/\/i1.wp.com\/www.truckbrasil.com.br\/wp\/wp-content\/uploads\/2019\/03\/nissan-nissan-demuestra-el-alto-desempeno-de-leaf-como-parte-de-un-serial-enfocado-en-desmitificar-los-vehiculos-electricos.jpg?ssl=1&w=150&resize=150&ssl=1 150w, https:\/\/i1.wp.com\/www.truckbrasil.com.br\/wp\/wp-content\/uploads\/2019\/03\/nissan-nissan-demuestra-el-alto-desempeno-de-leaf-como-parte-de-un-serial-enfocado-en-desmitificar-los-vehiculos-electricos.jpg?ssl=1&w=240&resize=240&ssl=1 240w, https:\/\/i1.wp.com\/www.truckbrasil.com.br\/wp\/wp-content\/uploads\/2019\/03\/nissan-nissan-demuestra-el-alto-desempeno-de-leaf-como-parte-de-un-serial-enfocado-en-desmitificar-los-vehiculos-electricos.jpg?ssl=1&w=320&resize=320&ssl=1 320w, https:\/\/i1.wp.com\/www.truckbrasil.com.br\/wp\/wp-content\/uploads\/2019\/03\/nissan-nissan-demuestra-el-alto-desempeno-de-leaf-como-parte-de-un-serial-enfocado-en-desmitificar-los-vehiculos-electricos.jpg?ssl=1&w=500&resize=500&ssl=1 500w, https:\/\/i1.wp.com\/www.truckbrasil.com.br\/wp\/wp-content\/uploads\/2019\/03\/nissan-nissan-demuestra-el-alto-desempeno-de-leaf-como-parte-de-un-serial-enfocado-en-desmitificar-los-vehiculos-electricos.jpg?ssl=1&w=640&resize=640&ssl=1 640w, https:\/\/i1.wp.com\/www.truckbrasil.com.br\/wp\/wp-content\/uploads\/2019\/03\/nissan-nissan-demuestra-el-alto-desempeno-de-leaf-como-parte-de-un-serial-enfocado-en-desmitificar-los-vehiculos-electricos.jpg?ssl=1&w=800&resize=800&ssl=1 800w, https:\/\/i1.wp.com\/www.truckbrasil.com.br\/wp\/wp-content\/uploads\/2019\/03\/nissan-nissan-demuestra-el-alto-desempeno-de-leaf-como-parte-de-un-serial-enfocado-en-desmitificar-los-vehiculos-electricos.jpg?ssl=1&w=1024&resize=1024&ssl=1 1024w, https:\/\/i1.wp.com\/www.truckbrasil.com.br\/wp\/wp-content\/uploads\/2019\/03\/nissan-nissan-demuestra-el-alto-desempeno-de-leaf-como-parte-de-un-serial-enfocado-en-desmitificar-los-vehiculos-electricos.jpg?ssl=1&w=1280&resize=1280&ssl=1 1280w, https:\/\/i1.wp.com\/www.truckbrasil.com.br\/wp\/wp-content\/uploads\/2019\/03\/nissan-nissan-demuestra-el-alto-desempeno-de-leaf-como-parte-de-un-serial-enfocado-en-desmitificar-los-vehiculos-electricos.jpg?ssl=1&w=1600&resize=1600&ssl=1 1600w\" fifu-data-src=\"https:\/\/i1.wp.com\/www.truckbrasil.com.br\/wp\/wp-content\/uploads\/2019\/03\/nissan-nissan-demuestra-el-alto-desempeno-de-leaf-como-parte-de-un-serial-enfocado-en-desmitificar-los-vehiculos-electricos.jpg?ssl=1\" class=\"ff-og-image-inserted\"\/><\/div>\n<p><strong>YOKOHAMA, Jap\u00f3n \u2013<\/strong> Como parte de la serie de videos educativos lanzados por Nissan para romper mitos sobre los veh\u00edculos el\u00e9ctricos, la marca comparte su m\u00e1s reciente entrega, la cual est\u00e1 enfocada en demostrar el alto desempe\u00f1o de Nissan LEAF.<\/p>&nbsp;&nbsp;\n<p>Liderando la discusi\u00f3n, Tim Jarvis, explorador australiano y cient\u00edfico ambiental, y Naya Ehrlich-Adam, fundadora de Broccoli Revolution en Bangkok, se unen nuevamente, y en esta ocasi\u00f3n discuten preguntas sobre la sensaci\u00f3n de manejo de un veh\u00edculo el\u00e9ctrico como Nissan LEAF.<\/p>&nbsp;&nbsp;\n<p>Con un tren motriz el\u00e9ctrico que brinda torque inmediato, el nuevo Nissan LEAF es capaz de acelerar de 0 a 100 kil\u00f3metros por hora en 7.9 segundos, impulsando el desempe\u00f1o y la emoci\u00f3n al mismo tiempo que entrega un manejo suave y divertido.<\/p>&nbsp;&nbsp;\n<p>La integraci\u00f3n de la avanzada tecnolog\u00eda e-Pedal permite realizar la aceleraci\u00f3n y frenado con un solo pedal, para transformar la manera en que los veh\u00edculos son conducidos, haciendo la experiencia de movilidad mucho m\u00e1s emocionante y disfrutable. e-Pedal hace que los trayectos sean m\u00e1s f\u00e1ciles y libres de estr\u00e9s.<\/p>&nbsp;&nbsp;\n<p>El interior del LEAF integra un mejor aislamiento de ruido exterior, resultando en un habit\u00e1culo mucho m\u00e1s silencioso en comparaci\u00f3n con los autos convencionales.<\/p>&nbsp;&nbsp;\n<p>El nuevo Nissan LEAF ofrece 240 km de autonom\u00eda &#8211; lo cual representa un 40 por ciento adicional en comparaci\u00f3n con la generaci\u00f3n anterior &#8211; permiti\u00e9ndole a los conductores disfrutar de viajes m\u00e1s largos y seguros.<\/p>&nbsp;&nbsp;\n<p>&#8220;Nuestro veh\u00edculo el\u00e9ctrico l\u00edder en el mundo ha sido dise\u00f1ado para la nueva generaci\u00f3n de conductores \u2013 aquellos entusiastas por el desempe\u00f1o y la sustentabilidad. El haberse convertido en el auto el\u00e9ctrico m\u00e1s vendido a nivel global, demuestra que LEAF ha excedido las expectativas de los consumidores. Nissan continuar\u00e1 transformando la forma en que los veh\u00edculos son conducidos, impulsados e integrados a la sociedad, a\u00f1adiendo mayor valor a las ciudades del futuro&#8221;, coment\u00f3 Yutaka Sanada, vicepresidente regional para Nissan Asia y Ocean\u00eda.<\/p>&nbsp;&nbsp;\n<p><strong>Te invitamos a ver el segundo video de esta serie en la siguiente liga:<\/strong><\/p>\n<p><iframe loading=\"lazy\" src=\"https:\/\/www.youtube.com\/embed\/lMEdvYzaTnE?rel=0&amp;wmode=transparent\" width=\"560\" height=\"315\">[embedded content]<\/iframe><\/p>\n<p># # #<\/p>\n","protected":false},"excerpt":{"rendered":"<p>YOKOHAMA, Jap\u00f3n \u2013 Como parte de la serie de videos educativos lanzados por Nissan para&#8230;<\/p>\n","protected":false},"author":1,"featured_media":0,"comment_status":"open","ping_status":"open","sticky":false,"template":"","format":"standard","meta":{"fifu_image_url":"","fifu_image_alt":"","footnotes":""},"categories":[8699],"tags":[5364],"class_list":["post-74196","post","type-post","status-publish","format-standard","hentry","category-geralcarros","tag-nissan","wpcat-8699-id"],"_links":{"self":[{"href":"https:\/\/verde-amarelo.net\/verdeamarelo\/wp-json\/wp\/v2\/posts\/74196","targetHints":{"allow":["GET"]}}],"collection":[{"href":"https:\/\/verde-amarelo.net\/verdeamarelo\/wp-json\/wp\/v2\/posts"}],"about":[{"href":"https:\/\/verde-amarelo.net\/verdeamarelo\/wp-json\/wp\/v2\/types\/post"}],"author":[{"embeddable":true,"href":"https:\/\/verde-amarelo.net\/verdeamarelo\/wp-json\/wp\/v2\/users\/1"}],"replies":[{"embeddable":true,"href":"https:\/\/verde-amarelo.net\/verdeamarelo\/wp-json\/wp\/v2\/comments?post=74196"}],"version-history":[{"count":0,"href":"https:\/\/verde-amarelo.net\/verdeamarelo\/wp-json\/wp\/v2\/posts\/74196\/revisions"}],"wp:attachment":[{"href":"https:\/\/verde-amarelo.net\/verdeamarelo\/wp-json\/wp\/v2\/media?parent=74196"}],"wp:term":[{"taxonomy":"category","embeddable":true,"href":"https:\/\/verde-amarelo.net\/verdeamarelo\/wp-json\/wp\/v2\/categories?post=74196"},{"taxonomy":"post_tag","embeddable":true,"href":"https:\/\/verde-amarelo.net\/verdeamarelo\/wp-json\/wp\/v2\/tags?post=74196"}],"curies":[{"name":"wp","href":"https:\/\/api.w.org\/{rel}","templated":true}]}}