{"id":74198,"date":"2019-03-12T11:00:03","date_gmt":"2019-03-12T14:00:03","guid":{"rendered":"https:\/\/verde-amarelo.net\/verdeamarelo\/2019\/03\/grupo-imam-estara-presente-na-intermodal-2019-com-varias-novidades-para-alavancar-operacoes-logisticas\/"},"modified":"2019-03-12T11:00:03","modified_gmt":"2019-03-12T14:00:03","slug":"grupo-imam-estara-presente-na-intermodal-2019-com-varias-novidades-para-alavancar-operacoes-logisticas","status":"publish","type":"post","link":"https:\/\/verde-amarelo.net\/verdeamarelo\/2019\/03\/grupo-imam-estara-presente-na-intermodal-2019-com-varias-novidades-para-alavancar-operacoes-logisticas\/","title":{"rendered":"Grupo IMAM estar\u00e1 presente na Intermodal 2019 com v\u00e1rias novidades para alavancar opera\u00e7\u00f5es log\u00edsticas"},"content":{"rendered":"<p><a href=\"http:\/\/www.cargonews.com.br\/wp-content\/uploads\/2019\/03\/imagem_release_1628533.jpg\">&#8220;size-medium wp-image-26355 alignleft&#8221; src=&#8221;https:\/\/www.truckbrasil.com.br\/wp\/wp-content\/uploads\/2019\/03\/grupo-imam-estara-presente-na-intermodal-2019-com-varias-novidades-para-alavancar-operacoes-logisticas.jpg&#8221; alt=&#8221;&#8221; width=&#8221;300&#8243; height=&#8221;200&#8243; srcset=&#8221;https:\/\/www.truckbrasil.com.br\/wp\/wp-content\/uploads\/2019\/03\/grupo-imam-estara-presente-na-intermodal-2019-com-varias-novidades-para-alavancar-operacoes-logisticas.jpg 300w, http:\/\/www.cargonews.com.br\/wp-content\/uploads\/2019\/03\/imagem_release_1628533-768&#215;512.jpg 768w, http:\/\/www.cargonews.com.br\/wp-content\/uploads\/2019\/03\/imagem_release_1628533-1024&#215;682.jpg 1024w&#8221; sizes=&#8221;(max-width: 300px) 100vw, 300px&#8221;\/><\/a>O Grupo IMAM estar\u00e1 presente na Feira Intermodal South America 2019, de 19 a 21 de mar\u00e7o, no S\u00e3o Paulo Expo, em S\u00e3o Paulo, onde apresentar\u00e1 as \u00faltimas iniciativas que t\u00eam alavancado o resultado de muitas opera\u00e7\u00f5es no Brasil. O evento fortalecer\u00e1 a vis\u00e3o log\u00edstica integrada de supply chain com a intralog\u00edstica. De acordo com os organizadores, hoje, a Intermodal South America \u00e9 a maior e mais importante feira de neg\u00f3cios em seu segmento na Am\u00e9rica Latina, e \u00e9 direcionada aos setores de com\u00e9rcio exterior, log\u00edstica e transportes.<\/p>&nbsp;&nbsp;\n<p>\u201cA log\u00edstica se transformou e muitos ainda n\u00e3o perceberam as mudan\u00e7as. Houve uma grande otimiza\u00e7\u00e3o, por meio da tecnologia e da automa\u00e7\u00e3o na intralog\u00edstica, um maior desenvolvimento profissional por interm\u00e9dio de academias corporativas, al\u00e9m de v\u00e1rias inova\u00e7\u00f5es disruptivas, da chegada da filosofia Lean 4.0, e de outras in\u00fameras novidades\u201d, diz Eduardo Banzato, diretor do Grupo IMAM.<\/p>&nbsp;&nbsp;\n<p>Para o executivo, a excel\u00eancia na gest\u00e3o da supply chain passa pela intralog\u00edstica, que s\u00f3 \u00e9 efetiva a partir de uma estrat\u00e9gia bem desenhada da cadeia de suprimentos. \u201cOu seja, o gestor deve estruturar um ciclo virtuoso na gest\u00e3o de suas opera\u00e7\u00f5es\u201d, recomenda ele.<\/p>&nbsp;&nbsp;\n<p>Banzato est\u00e1 convidando todos os visitantes da feira a conversar no estande IMAM (endere\u00e7o 16\/26) sobre os principais conceitos que seu grupo tem implementado em mais de 100 empresas anualmente. \u201cHoje \u00e9 preciso repensar as opera\u00e7\u00f5es log\u00edsticas a partir de uma an\u00e1lise integrada de toda a cadeia, compreendendo assim, rapidamente, as oportunidades que a concorr\u00eancia j\u00e1 pode estar explorando em suas estrat\u00e9gias\u201d, analisa ele.<\/p>&nbsp;&nbsp;\n<p><strong>Quem \u00e9 o Grupo IMAM?<\/strong><br \/>Uma organiza\u00e7\u00e3o fundada em 1979, por Reinaldo Moura e Jos\u00e9 Maur\u00edcio Banzato, que integra 3 neg\u00f3cios:<\/p>\n<p>1. IMAM Consultoria, com experi\u00eancia de mais de 1.500 projetos;<br \/>2. IMAM Treinamento, com mais de 5.000 eventos, treinou mais de 300.000 profissionais;<br \/>3. Instituto IMAM, que j\u00e1 publicou mais de 100 livros e mais de 300 edi\u00e7\u00f5es de revistas t\u00e9cnicas.<\/p>&nbsp;&nbsp;\n<p><strong>Atua em 5 Divis\u00f5es de Neg\u00f3cio:<\/strong><br \/>1. Supply Chain Management;<br \/>2. Estrat\u00e9gias e Performance;<br \/>3. Log\u00edstica\/Intralog\u00edstica;<br \/>4. Engenharia de Produ\u00e7\u00e3o\/Opera\u00e7\u00f5es;<br \/>5. Desenvolvimento Organizacional e Lideran\u00e7a.<\/p>&nbsp;&nbsp;\n<p>Assessoria de Imprensa<\/p>\n","protected":false},"excerpt":{"rendered":"<p>&#8220;size-medium wp-image-26355 alignleft&#8221; src=&#8221;https:\/\/www.truckbrasil.com.br\/wp\/wp-content\/uploads\/2019\/03\/grupo-imam-estara-presente-na-intermodal-2019-com-varias-novidades-para-alavancar-operacoes-logisticas.jpg&#8221; alt=&#8221;&#8221; width=&#8221;300&#8243; height=&#8221;200&#8243; srcset=&#8221;https:\/\/www.truckbrasil.com.br\/wp\/wp-content\/uploads\/2019\/03\/grupo-imam-estara-presente-na-intermodal-2019-com-varias-novidades-para-alavancar-operacoes-logisticas.jpg 300w, http:\/\/www.cargonews.com.br\/wp-content\/uploads\/2019\/03\/imagem_release_1628533-768&#215;512.jpg 768w, http:\/\/www.cargonews.com.br\/wp-content\/uploads\/2019\/03\/imagem_release_1628533-1024&#215;682.jpg 1024w&#8221; sizes=&#8221;(max-width: 300px)&#8230;<\/p>\n","protected":false},"author":1,"featured_media":0,"comment_status":"open","ping_status":"open","sticky":false,"template":"","format":"standard","meta":{"fifu_image_url":"","fifu_image_alt":"","footnotes":""},"categories":[8725],"tags":[9612],"class_list":["post-74198","post","type-post","status-publish","format-standard","hentry","category-geralmercado","tag-intermodalnoticias","wpcat-8725-id"],"_links":{"self":[{"href":"https:\/\/verde-amarelo.net\/verdeamarelo\/wp-json\/wp\/v2\/posts\/74198","targetHints":{"allow":["GET"]}}],"collection":[{"href":"https:\/\/verde-amarelo.net\/verdeamarelo\/wp-json\/wp\/v2\/posts"}],"about":[{"href":"https:\/\/verde-amarelo.net\/verdeamarelo\/wp-json\/wp\/v2\/types\/post"}],"author":[{"embeddable":true,"href":"https:\/\/verde-amarelo.net\/verdeamarelo\/wp-json\/wp\/v2\/users\/1"}],"replies":[{"embeddable":true,"href":"https:\/\/verde-amarelo.net\/verdeamarelo\/wp-json\/wp\/v2\/comments?post=74198"}],"version-history":[{"count":0,"href":"https:\/\/verde-amarelo.net\/verdeamarelo\/wp-json\/wp\/v2\/posts\/74198\/revisions"}],"wp:attachment":[{"href":"https:\/\/verde-amarelo.net\/verdeamarelo\/wp-json\/wp\/v2\/media?parent=74198"}],"wp:term":[{"taxonomy":"category","embeddable":true,"href":"https:\/\/verde-amarelo.net\/verdeamarelo\/wp-json\/wp\/v2\/categories?post=74198"},{"taxonomy":"post_tag","embeddable":true,"href":"https:\/\/verde-amarelo.net\/verdeamarelo\/wp-json\/wp\/v2\/tags?post=74198"}],"curies":[{"name":"wp","href":"https:\/\/api.w.org\/{rel}","templated":true}]}}