{"id":74200,"date":"2019-03-11T21:17:38","date_gmt":"2019-03-12T00:17:38","guid":{"rendered":"https:\/\/verde-amarelo.net\/verdeamarelo\/2019\/03\/mclaren-720s-spider-da-mso-exibe-linhas-aerodinamicas-em-cores-no-salao-de-genebra\/"},"modified":"2019-03-11T21:17:38","modified_gmt":"2019-03-12T00:17:38","slug":"mclaren-720s-spider-da-mso-exibe-linhas-aerodinamicas-em-cores-no-salao-de-genebra","status":"publish","type":"post","link":"https:\/\/verde-amarelo.net\/verdeamarelo\/2019\/03\/mclaren-720s-spider-da-mso-exibe-linhas-aerodinamicas-em-cores-no-salao-de-genebra\/","title":{"rendered":"McLaren 720S Spider da MSO exibe linhas aerodin\u00e2micas em cores no Sal\u00e3o de Genebra"},"content":{"rendered":"<div><img decoding=\"async\" src=\"data:image\/gif;base64,R0lGODlhAQABAIAAAAAAAP\/\/\/ywAAAAAAQABAAACAUwAOw==\" fifu-lazy=\"1\" fifu-data-sizes=\"auto\" fifu-data-srcset=\"https:\/\/i1.wp.com\/www.truckbrasil.com.br\/wp\/wp-content\/uploads\/2019\/03\/mclaren-720s-spider-da-mso-exibe-linhas-aerodinamicas-em-cores-no-salao-de-genebra.jpg?ssl=1&w=75&resize=75&ssl=1 75w, https:\/\/i1.wp.com\/www.truckbrasil.com.br\/wp\/wp-content\/uploads\/2019\/03\/mclaren-720s-spider-da-mso-exibe-linhas-aerodinamicas-em-cores-no-salao-de-genebra.jpg?ssl=1&w=100&resize=100&ssl=1 100w, https:\/\/i1.wp.com\/www.truckbrasil.com.br\/wp\/wp-content\/uploads\/2019\/03\/mclaren-720s-spider-da-mso-exibe-linhas-aerodinamicas-em-cores-no-salao-de-genebra.jpg?ssl=1&w=150&resize=150&ssl=1 150w, https:\/\/i1.wp.com\/www.truckbrasil.com.br\/wp\/wp-content\/uploads\/2019\/03\/mclaren-720s-spider-da-mso-exibe-linhas-aerodinamicas-em-cores-no-salao-de-genebra.jpg?ssl=1&w=240&resize=240&ssl=1 240w, https:\/\/i1.wp.com\/www.truckbrasil.com.br\/wp\/wp-content\/uploads\/2019\/03\/mclaren-720s-spider-da-mso-exibe-linhas-aerodinamicas-em-cores-no-salao-de-genebra.jpg?ssl=1&w=320&resize=320&ssl=1 320w, https:\/\/i1.wp.com\/www.truckbrasil.com.br\/wp\/wp-content\/uploads\/2019\/03\/mclaren-720s-spider-da-mso-exibe-linhas-aerodinamicas-em-cores-no-salao-de-genebra.jpg?ssl=1&w=500&resize=500&ssl=1 500w, https:\/\/i1.wp.com\/www.truckbrasil.com.br\/wp\/wp-content\/uploads\/2019\/03\/mclaren-720s-spider-da-mso-exibe-linhas-aerodinamicas-em-cores-no-salao-de-genebra.jpg?ssl=1&w=640&resize=640&ssl=1 640w, https:\/\/i1.wp.com\/www.truckbrasil.com.br\/wp\/wp-content\/uploads\/2019\/03\/mclaren-720s-spider-da-mso-exibe-linhas-aerodinamicas-em-cores-no-salao-de-genebra.jpg?ssl=1&w=800&resize=800&ssl=1 800w, https:\/\/i1.wp.com\/www.truckbrasil.com.br\/wp\/wp-content\/uploads\/2019\/03\/mclaren-720s-spider-da-mso-exibe-linhas-aerodinamicas-em-cores-no-salao-de-genebra.jpg?ssl=1&w=1024&resize=1024&ssl=1 1024w, https:\/\/i1.wp.com\/www.truckbrasil.com.br\/wp\/wp-content\/uploads\/2019\/03\/mclaren-720s-spider-da-mso-exibe-linhas-aerodinamicas-em-cores-no-salao-de-genebra.jpg?ssl=1&w=1280&resize=1280&ssl=1 1280w, https:\/\/i1.wp.com\/www.truckbrasil.com.br\/wp\/wp-content\/uploads\/2019\/03\/mclaren-720s-spider-da-mso-exibe-linhas-aerodinamicas-em-cores-no-salao-de-genebra.jpg?ssl=1&w=1600&resize=1600&ssl=1 1600w\" fifu-data-src=\"https:\/\/i1.wp.com\/www.truckbrasil.com.br\/wp\/wp-content\/uploads\/2019\/03\/mclaren-720s-spider-da-mso-exibe-linhas-aerodinamicas-em-cores-no-salao-de-genebra.jpg?ssl=1\" class=\"ff-og-image-inserted\"\/><\/div>\n<ul>\n<li>Esquema de cores exclusivo enfatiza a aerodin\u00e2mica de ponta do novo convers\u00edvel Super Series da McLaren<\/li>\n<li>Combina\u00e7\u00e3o inovadora de tintas tri-tons Coriolis enquadra o 720S Spider em um novo contexto de luxo moderno<\/li>\n<li>Motor V8 biturbo de 4 litros com 720 HP faz o convers\u00edvel de baixo peso ir de 0 a 100 km\/h em cerca de 2,8 segundos e atingir velocidade m\u00e1xima de 341 km\/h<\/li>\n<\/ul>\n<p>Como o interesse dos clientes pelo novo McLaren 720S Spider aumenta ap\u00f3s a publica\u00e7\u00e3o das primeiras impress\u00f5es ao dirigir, a McLaren Special Operations (MSO) est\u00e1 usando o Sal\u00e3o do Autom\u00f3vel de Genebra para exibir um carro \u00fanico, que mostra a sutileza e de estilo poss\u00edveis em um pedido feito sob medida para a MSO.<\/p>&nbsp;&nbsp;\n<p>O McLaren 720S Spider da MSO destaca a aerodin\u00e2mica avan\u00e7ada do novo Super Series convers\u00edvel ao acentuar elementos do design aerodin\u00e2mico do carro, em uma fus\u00e3o espetacular de cores. Cada ap\u00eandice aerodin\u00e2mico apresenta uma mistura harmoniosa de tr\u00eas tintas met\u00e1licas MSO: Azul Cerulean, Azul Burton &#8211; como usado no McLaren 720S GT3 &#8211; e Preto Abyss. O inovador acabamento de pintura em tr\u00eas tons, chamado Coriolis, avan\u00e7a as tecnologias demonstradas pela McLaren 720S Velocity da MSO, exibida pela primeira vez em Genebra h\u00e1 dois anos; os dois tons de vermelho do carro sintetizavam a agressividade esportiva do Coup\u00e9, enquanto esta nova abordagem do Spider coloca uma \u00eanfase mais sutil no convers\u00edvel Super Series.<\/p>&nbsp;&nbsp;\n<p>\u201cA inova\u00e7\u00e3o aerodin\u00e2mica \u00e9 uma parte t\u00e3o integral do 720S Spider que usar esse novo design de pintura para destacar \u00e1reas que trabalham duro para gerenciar como o ar flui sobre o carro &#8211; literalmente, como o carro &#8216;respira&#8217; &#8211; foi a abordagem natural a ser adotada. Este \u00e9 um carro que realmente combina arte com a ci\u00eancia da aerodin\u00e2mica.\u201d &#8211; Darryl Scriven, Designer Chefe da MSO, McLaren Automotive<\/p>\n<p>Os artes\u00e3os especializados da MSO dedicaram mais de 260 horas para completar os elementos de tinta em tr\u00eas tons, aplicados a pain\u00e9is individuais para emular o fluxo de ar sobre a carroceria aerodin\u00e2mica do 720S Spider enquanto o carro est\u00e1 em movimento. As pe\u00e7as acabadas com a pintura em tr\u00eas tons incluem o divisor dianteiro, entradas de ar do cap\u00f4, entradas de ar dianteiras e pain\u00e9is laterais, pain\u00e9is de entrada de ar inferior e lateral inferior, espelhos retrovisores, p\u00e1ra-choque traseiro e a parte inferior do spoiler traseiro ativo &#8211; todos os elementos-chave na entrega do desempenho aerodin\u00e2mico excepcional do novo convers\u00edvel Super Series.<\/p>&nbsp;&nbsp;\n<p>Os destaques s\u00e3o contrastados com a pintura Cinza Meteorito, a mais nova adi\u00e7\u00e3o \u00e0 gama MSO Bespoke de cores externas e desenvolvida especificamente para este tema de design. A mistura de tr\u00eas tons \u00e9 complementada por rodas forjadas Super Light de 10 raios com acabamento MSO Bespoke em Preto Abyss brilhante e pin\u00e7as de freio MSO Bespoke em Azul Burton.<\/p>&nbsp;&nbsp;\n<p>Os recursos definidos pelo MSO escolhidos para o carro incluem um tonneau de Fibra de Carbono brilhante. Este componente complexo foi especialmente desenvolvido para o 720S Spider e combina com os tratamentos de fibra de carbono para a traseira, extens\u00f5es de fibra de carbono para o acabamento superior e soleiras para demonstrar um fluxo quase perfeito da cabine para a traseira do carro. O tratamento de fibra de carbono tamb\u00e9m inclui o difusor e os pilares B, enquanto outras op\u00e7\u00f5es incluem um escapamento esportivo, o Stealth Pack (que acrescenta um acabamento mais sutil aos escapamentos, ao mecanismo de aerodin\u00e2mica ativa, \u00e0 moldura da janela externa e ao painel de cobertura da tampa do \u00f3leo) e vidro eletrocr\u00f4mico para o painel da capota r\u00edgida retr\u00e1til.<\/p>&nbsp;&nbsp;\n<p>Tamb\u00e9m no interior, o 720S Spider exibe suas cores MSO Bespoke com uma cabine recortada em couro Alcantara\u00ae Azul Burton e Preto Jet especialmente desenvolvido. Todos os componentes internos prim\u00e1rios e secund\u00e1rios s\u00e3o de fibra de carbono e existe a op\u00e7\u00e3o de fibra de carbono visual exposta para o Monocage II-S, a estrutura de fibra de carbono leve mas imensamente forte no cora\u00e7\u00e3o de cada 720S Spider.<\/p>&nbsp;&nbsp;\n<p>As op\u00e7\u00f5es MSO Bespoke que refor\u00e7am as qualidades elegantes do 720S incluem encostos de carbono com acabamento brilhante, mais a marca MSO Bespoke para pedal do acelerador, placa de dedicat\u00f3ria, tapetes e encostos de cabe\u00e7a, este \u00faltimo em um novo tratamento gravado. At\u00e9 mesmo o chaveiro recebe o tratamento MSO Bespoke com cores que complementam a marca de tr\u00eas tons e eletroforma MSO. Outros equipamentos instalados no carro refletem sua amplitude de habilidades &#8211; de um GT de luxo at\u00e9 um divertido carro de corrida.<\/p>&nbsp;&nbsp;\n<p>\u201cQuer\u00edamos que o 720S Spider da MSO tivesse uma sensa\u00e7\u00e3o refinada e elegante para complementar a amplitude excepcional de habilidades do carro e sentimos que conseguimos isso. \u00c9 a demonstra\u00e7\u00e3o perfeita de como a diversidade da base de habilidades da MSO e nosso compromisso com o artesanato podem alterar sutilmente o car\u00e1ter de um carro. Estamos constantemente desenvolvendo novas t\u00e9cnicas para enquadrar os carros da McLaren de forma a atender \u00e0s inspira\u00e7\u00f5es de nossos clientes, sejam elas quais forem.\u201d &#8211; Ansar Ali, Diretor Administrativo, Opera\u00e7\u00f5es Especiais da McLaren<\/p>\n<p>Desde o seu lan\u00e7amento no Sal\u00e3o Autom\u00f3vel de Genebra, em 2017, o design do 720S Coup\u00e9 foi aclamado pela sua aerodin\u00e2mica inovadora, caracterizada pelas tomadas frontais de ar e portas \u201ctesoura\u201d de dupla camada que canalizam o ar para os radiadores laterais.<\/p>&nbsp;&nbsp;\n<p>O 720S Spider combina perfeitamente o desempenho aerodin\u00e2mico do Coup\u00e9 com um hardtop retr\u00e1til de uma pe\u00e7a e apoios envidra\u00e7ados. Com baixo peso, Controle de Chassis Proativo II e motor V8 biturbo de 4 litros com 720 HP, \u00e9 o supercarro convers\u00edvel mais completo da McLaren \u2013 e, com este tratamento MSO, tem a inova\u00e7\u00e3o visual que combina perfeitamente.<\/p>&nbsp;&nbsp;\n<p>Sobre a McLaren Automotive<\/p>\n<p>A McLaren Automotive \u00e9 uma montadora de carros esportivos de luxo, alto desempenho e supercarros. A empresa, lan\u00e7ada em 2010, ocupa atualmente a maior parte do Grupo McLaren. Cada ve\u00edculo \u00e9 montado a m\u00e3o no McLaren Production Center (MPC) em Woking, Surrey, Inglaterra.<\/p>&nbsp;&nbsp;\n<p>A empresa possui tr\u00eas fam\u00edlias de produtos definidos: Sport Series, Super Series e Ultimate Series, que s\u00e3o distribu\u00eddas por mais de 80 representantes em 30 mercados ao redor do mundo. A McLaren \u00e9 uma fabricante pioneira, que supera continuamente os seus limites. Em 1981, introduziu chassis de fibra de carbono leve e forte na F\u00f3rmula 1 com o McLaren MP4\/1. Em 1993, projetou e construiu o carro de rua McLaren F1 &#8211; a empresa n\u00e3o construiu nenhum carro sem chassi de fibra de carbono desde ent\u00e3o. Como parte da Ultimate Series, o McLaren P1\u2122 foi o primeiro hipercarro h\u00edbrido.<\/p>&nbsp;&nbsp;\n<p>Anunciado em 2016, o plano de neg\u00f3cios Track22 da empresa investir\u00e1 1 bilh\u00e3o de libras esterlinas em pesquisa e desenvolvimento para entregar 15 novos carros ou derivados at\u00e9 o final de 2022, dos quais pelo menos metade ser\u00e3o h\u00edbridos. Em 2017 a empresa lan\u00e7ou outros modelos de acordo com o Track22, incluindo a Super Series da segunda gera\u00e7\u00e3o, o 570S Spider e o McLaren Senna.<\/p>&nbsp;&nbsp;\n<p>Para apoiar o desenvolvimento, engenharia e fabrica\u00e7\u00e3o de sua gama de carros esportivos inovadores e supercarros, a McLaren Automotive se associou com empresas l\u00edderes mundiais para fornecer conhecimentos especializados e tecnologia. Estes incluem AkzoNobel, Kenwood, Pirelli e Richard Mille. Grupo McLaren:O McLaren Group \u00e9 l\u00edder global em alto desempenho e tecnologia de luxo e \u00e9 composto por tr\u00eas principais neg\u00f3cios: Automotive, Racing e Applied Technologies. Visite cars.mclaren.com para mais detalhes.<\/p>&nbsp;&nbsp;\n<p>Sobre o Grupo Eurobike<\/p>\n<p>H\u00e1 16 anos no mercado, a Eurobike representa as marcas Audi, BMW Autos e Motos, Jaguar, Land Rover, MINI, Porsche e McLaren. No estado de S\u00e3o Paulo, o grupo est\u00e1 presente na capital e em Ribeir\u00e3o Preto.<\/p>&nbsp;&nbsp;\n<p>A Eurobike tamb\u00e9m est\u00e1 em Bras\u00edlia, Londrina, Maring\u00e1 e Goi\u00e2nia. Saiba mais sobre a Eurobike e receba todas as novidades da rede conectando sua p\u00e1gina no Facebook: www.facebook.com\/eurobike<\/p>\n<p>Para assistir os v\u00eddeos da Eurobike, acesse: www.youtube.com\/eurobikenet<\/p>\n<p>Ou confira as \u00faltimas novidades em imagens em: www.instagram.com\/eurobikeoficial<\/p>\n<p>Visite o site oficial www.eurobike.com.br e conhe\u00e7a mais sobre o grupo.<\/p>&nbsp;&nbsp;\n","protected":false},"excerpt":{"rendered":"<p>Esquema de cores exclusivo enfatiza a aerodin\u00e2mica de ponta do novo convers\u00edvel Super Series da&#8230;<\/p>\n","protected":false},"author":1,"featured_media":0,"comment_status":"open","ping_status":"open","sticky":false,"template":"","format":"standard","meta":{"fifu_image_url":"","fifu_image_alt":"","footnotes":""},"categories":[727],"tags":[1589],"class_list":["post-74200","post","type-post","status-publish","format-standard","hentry","category-noticias","tag-veiculos","wpcat-727-id"],"_links":{"self":[{"href":"https:\/\/verde-amarelo.net\/verdeamarelo\/wp-json\/wp\/v2\/posts\/74200","targetHints":{"allow":["GET"]}}],"collection":[{"href":"https:\/\/verde-amarelo.net\/verdeamarelo\/wp-json\/wp\/v2\/posts"}],"about":[{"href":"https:\/\/verde-amarelo.net\/verdeamarelo\/wp-json\/wp\/v2\/types\/post"}],"author":[{"embeddable":true,"href":"https:\/\/verde-amarelo.net\/verdeamarelo\/wp-json\/wp\/v2\/users\/1"}],"replies":[{"embeddable":true,"href":"https:\/\/verde-amarelo.net\/verdeamarelo\/wp-json\/wp\/v2\/comments?post=74200"}],"version-history":[{"count":0,"href":"https:\/\/verde-amarelo.net\/verdeamarelo\/wp-json\/wp\/v2\/posts\/74200\/revisions"}],"wp:attachment":[{"href":"https:\/\/verde-amarelo.net\/verdeamarelo\/wp-json\/wp\/v2\/media?parent=74200"}],"wp:term":[{"taxonomy":"category","embeddable":true,"href":"https:\/\/verde-amarelo.net\/verdeamarelo\/wp-json\/wp\/v2\/categories?post=74200"},{"taxonomy":"post_tag","embeddable":true,"href":"https:\/\/verde-amarelo.net\/verdeamarelo\/wp-json\/wp\/v2\/tags?post=74200"}],"curies":[{"name":"wp","href":"https:\/\/api.w.org\/{rel}","templated":true}]}}