{"id":74204,"date":"2019-03-11T19:00:00","date_gmt":"2019-03-11T22:00:00","guid":{"rendered":"https:\/\/verde-amarelo.net\/verdeamarelo\/2019\/03\/nissan-nissan-anuncia-mudancas-organizacionais-na-america-latina\/"},"modified":"2019-03-11T19:00:00","modified_gmt":"2019-03-11T22:00:00","slug":"nissan-nissan-anuncia-mudancas-organizacionais-na-america-latina","status":"publish","type":"post","link":"https:\/\/verde-amarelo.net\/verdeamarelo\/2019\/03\/nissan-nissan-anuncia-mudancas-organizacionais-na-america-latina\/","title":{"rendered":"Nissan: Nissan anuncia mudan\u00e7as organizacionais na Am\u00e9rica Latina"},"content":{"rendered":"<div><img decoding=\"async\" src=\"data:image\/gif;base64,R0lGODlhAQABAIAAAAAAAP\/\/\/ywAAAAAAQABAAACAUwAOw==\" fifu-lazy=\"1\" fifu-data-sizes=\"auto\" fifu-data-srcset=\"https:\/\/i0.wp.com\/www.truckbrasil.com.br\/wp\/wp-content\/uploads\/2019\/03\/nissan-nissan-anuncia-mudancas-organizacionais-na-america-latina.jpg?ssl=1&w=75&resize=75&ssl=1 75w, https:\/\/i0.wp.com\/www.truckbrasil.com.br\/wp\/wp-content\/uploads\/2019\/03\/nissan-nissan-anuncia-mudancas-organizacionais-na-america-latina.jpg?ssl=1&w=100&resize=100&ssl=1 100w, https:\/\/i0.wp.com\/www.truckbrasil.com.br\/wp\/wp-content\/uploads\/2019\/03\/nissan-nissan-anuncia-mudancas-organizacionais-na-america-latina.jpg?ssl=1&w=150&resize=150&ssl=1 150w, https:\/\/i0.wp.com\/www.truckbrasil.com.br\/wp\/wp-content\/uploads\/2019\/03\/nissan-nissan-anuncia-mudancas-organizacionais-na-america-latina.jpg?ssl=1&w=240&resize=240&ssl=1 240w, https:\/\/i0.wp.com\/www.truckbrasil.com.br\/wp\/wp-content\/uploads\/2019\/03\/nissan-nissan-anuncia-mudancas-organizacionais-na-america-latina.jpg?ssl=1&w=320&resize=320&ssl=1 320w, https:\/\/i0.wp.com\/www.truckbrasil.com.br\/wp\/wp-content\/uploads\/2019\/03\/nissan-nissan-anuncia-mudancas-organizacionais-na-america-latina.jpg?ssl=1&w=500&resize=500&ssl=1 500w, https:\/\/i0.wp.com\/www.truckbrasil.com.br\/wp\/wp-content\/uploads\/2019\/03\/nissan-nissan-anuncia-mudancas-organizacionais-na-america-latina.jpg?ssl=1&w=640&resize=640&ssl=1 640w, https:\/\/i0.wp.com\/www.truckbrasil.com.br\/wp\/wp-content\/uploads\/2019\/03\/nissan-nissan-anuncia-mudancas-organizacionais-na-america-latina.jpg?ssl=1&w=800&resize=800&ssl=1 800w, https:\/\/i0.wp.com\/www.truckbrasil.com.br\/wp\/wp-content\/uploads\/2019\/03\/nissan-nissan-anuncia-mudancas-organizacionais-na-america-latina.jpg?ssl=1&w=1024&resize=1024&ssl=1 1024w, https:\/\/i0.wp.com\/www.truckbrasil.com.br\/wp\/wp-content\/uploads\/2019\/03\/nissan-nissan-anuncia-mudancas-organizacionais-na-america-latina.jpg?ssl=1&w=1280&resize=1280&ssl=1 1280w, https:\/\/i0.wp.com\/www.truckbrasil.com.br\/wp\/wp-content\/uploads\/2019\/03\/nissan-nissan-anuncia-mudancas-organizacionais-na-america-latina.jpg?ssl=1&w=1600&resize=1600&ssl=1 1600w\" fifu-data-src=\"https:\/\/i0.wp.com\/www.truckbrasil.com.br\/wp\/wp-content\/uploads\/2019\/03\/nissan-nissan-anuncia-mudancas-organizacionais-na-america-latina.jpg?ssl=1\" class=\"ff-og-image-inserted\"\/><\/div>\n<ul type=\"disc\">\n<li><em>Diego Felices, atual diretor geral da Nissan Chile, assume a posi\u00e7\u00e3o de diretor de Satisfa\u00e7\u00e3o do Cliente &amp; Desenvolvimento de Rede de Concession\u00e1rias da Nissan para a Am\u00e9rica Latina, ficando baseado em Buenos Aires, na Argentina.<\/em><\/li>\n<li><em>Diego Vignati, atual diretor geral da Nissan Argentina, \u00e9 nomeado presidente da Nissan para o Chile e Peru.<\/em><\/li>\n<li><em>Gonzalo Ibarzabal, atual diretor de Marketing e Vendas da Nissan Argentina, \u00e9 promovido a presidente da Nissan Argentina, substituindo a Diego Vignati.<\/em><\/li>\n<\/ul>\n<p><strong>Am\u00e9rica Latina \u2013<\/strong> A Nissan Am\u00e9rica Latina anunciou hoje mudan\u00e7as organizacionais na regi\u00e3o com o objetivo de consolidar a opera\u00e7\u00e3o e a expans\u00e3o da marca no mercado latino-americano.<\/p>&nbsp;&nbsp;\n<p><em>&#8220;Estou seguro que a experi\u00eancia, o compromisso e o forte desempenho de cada um destes executivos nos ajudar\u00e3o a atingir o objetivo de nos posicionarmos entre as tr\u00eas primeiras marcas da regi\u00e3o&#8221;, comentou<\/em> Guy Rodr\u00edguez, vice-presidente de Marketing e Vendas da Nissan Am\u00e9rica Latina.<\/p>&nbsp;&nbsp;\n<p><strong>Diego Felices<\/strong>, atual diretor geral da Nissan Chile, assume o cargo de diretor de CQ &amp; DND (Satisfa\u00e7\u00e3o do Cliente &amp; Desenvolvimento de Rede de Concession\u00e1rias, em suas siglas em ingl\u00eas) da Nissan Am\u00e9rica Latina. Durante sua gest\u00e3o no Chile, Diego alcan\u00e7ou a lideran\u00e7a no segmento de SUVs no mercado local. Em sua nova fun\u00e7\u00e3o, ter\u00e1 a responsabilidade de supervisionar a rede de revendedores da Nissan em todas as subsidi\u00e1rias da regi\u00e3o. Ele ser\u00e1 baseado em Buenos Aires, na Argentina, reportando-se diretamente a Vincent Boerhof, gerente geral de divis\u00e3o da Rede Global de Desenvolvimento, e a Guy Rodriguez.<\/p>&nbsp;&nbsp;\n<p><strong>Diego Vignati,<\/strong> atual diretor geral da Nissan Argentina, \u00e9 nomeado presidente da Nissan Chile e Nissan Peru, reportando-se diretamente a Guy Rodriguez. Com mais de 30 anos de experi\u00eancia no setor automotivo, Vignati liderou a inaugura\u00e7\u00e3o da f\u00e1brica de picapes em Santa Isabel, em C\u00f3rdoba, e o in\u00edcio da produ\u00e7\u00e3o da ic\u00f4nica Nissan Frontier, al\u00e9m de impulsionar o crescimento da participa\u00e7\u00e3o de mercado da Nissan na Argentina. Agora, ele ter\u00e1 a responsabilidade de gerar sinergias entre os dois mercados a partir de sua nova base em Santiago do Chile.<\/p>&nbsp;&nbsp;\n<p><strong>Rub\u00e9n Quintana<\/strong> atual diretor geral da Nissan no Peru \u00e9 nomeado presidente da Nissan Peru, reportando a Diego Vignati.<\/p>&nbsp;&nbsp;\n<p><strong>Gonzalo Ibarzabal<\/strong>, atual diretor de Marketing e Vendas da Nissan Argentina, \u00e9 promovido a presidente da Nissan Argentina. Em sua nova posi\u00e7\u00e3o, Ibarzabal conduzir\u00e1 a opera\u00e7\u00e3o de Marketing e Vendas, bem como a produ\u00e7\u00e3o na Argentina. Ele continuar\u00e1 baseado em Buenos Aires, reportando-se diretamente a Guy Rodr\u00edguez.<\/p>&nbsp;&nbsp;\n<p>As mudan\u00e7as organizacionais s\u00e3o efetivas a partir de 1\u00ba de abril de 2019.<\/p>&nbsp;&nbsp;\n<p># # #<\/p>\n","protected":false},"excerpt":{"rendered":"<p>Diego Felices, atual diretor geral da Nissan Chile, assume a posi\u00e7\u00e3o de diretor de Satisfa\u00e7\u00e3o&#8230;<\/p>\n","protected":false},"author":1,"featured_media":0,"comment_status":"open","ping_status":"open","sticky":false,"template":"","format":"standard","meta":{"fifu_image_url":"","fifu_image_alt":"","footnotes":""},"categories":[8699],"tags":[5364],"class_list":["post-74204","post","type-post","status-publish","format-standard","hentry","category-geralcarros","tag-nissan","wpcat-8699-id"],"_links":{"self":[{"href":"https:\/\/verde-amarelo.net\/verdeamarelo\/wp-json\/wp\/v2\/posts\/74204","targetHints":{"allow":["GET"]}}],"collection":[{"href":"https:\/\/verde-amarelo.net\/verdeamarelo\/wp-json\/wp\/v2\/posts"}],"about":[{"href":"https:\/\/verde-amarelo.net\/verdeamarelo\/wp-json\/wp\/v2\/types\/post"}],"author":[{"embeddable":true,"href":"https:\/\/verde-amarelo.net\/verdeamarelo\/wp-json\/wp\/v2\/users\/1"}],"replies":[{"embeddable":true,"href":"https:\/\/verde-amarelo.net\/verdeamarelo\/wp-json\/wp\/v2\/comments?post=74204"}],"version-history":[{"count":0,"href":"https:\/\/verde-amarelo.net\/verdeamarelo\/wp-json\/wp\/v2\/posts\/74204\/revisions"}],"wp:attachment":[{"href":"https:\/\/verde-amarelo.net\/verdeamarelo\/wp-json\/wp\/v2\/media?parent=74204"}],"wp:term":[{"taxonomy":"category","embeddable":true,"href":"https:\/\/verde-amarelo.net\/verdeamarelo\/wp-json\/wp\/v2\/categories?post=74204"},{"taxonomy":"post_tag","embeddable":true,"href":"https:\/\/verde-amarelo.net\/verdeamarelo\/wp-json\/wp\/v2\/tags?post=74204"}],"curies":[{"name":"wp","href":"https:\/\/api.w.org\/{rel}","templated":true}]}}