{"id":74206,"date":"2019-03-11T13:49:00","date_gmt":"2019-03-11T16:49:00","guid":{"rendered":"https:\/\/verde-amarelo.net\/verdeamarelo\/2019\/03\/nissan-nissan-vai-eletrificar-um-quarto-dos-modelos-vendidos-na-asia-e-oceania-nos-proximos-anos\/"},"modified":"2019-03-11T13:49:00","modified_gmt":"2019-03-11T16:49:00","slug":"nissan-nissan-vai-eletrificar-um-quarto-dos-modelos-vendidos-na-asia-e-oceania-nos-proximos-anos","status":"publish","type":"post","link":"https:\/\/verde-amarelo.net\/verdeamarelo\/2019\/03\/nissan-nissan-vai-eletrificar-um-quarto-dos-modelos-vendidos-na-asia-e-oceania-nos-proximos-anos\/","title":{"rendered":"Nissan: Nissan vai eletrificar um quarto dos modelos vendidos na \u00c1sia e Oceania nos pr\u00f3ximos anos"},"content":{"rendered":"<div><img decoding=\"async\" src=\"data:image\/gif;base64,R0lGODlhAQABAIAAAAAAAP\/\/\/ywAAAAAAQABAAACAUwAOw==\" fifu-lazy=\"1\" fifu-data-sizes=\"auto\" fifu-data-srcset=\"https:\/\/i0.wp.com\/www.truckbrasil.com.br\/wp\/wp-content\/uploads\/2019\/03\/nissan-nissan-vai-eletrificar-um-quarto-dos-modelos-vendidos-na-asia-e-oceania-nos-proximos-anos.jpg?ssl=1&w=75&resize=75&ssl=1 75w, https:\/\/i0.wp.com\/www.truckbrasil.com.br\/wp\/wp-content\/uploads\/2019\/03\/nissan-nissan-vai-eletrificar-um-quarto-dos-modelos-vendidos-na-asia-e-oceania-nos-proximos-anos.jpg?ssl=1&w=100&resize=100&ssl=1 100w, https:\/\/i0.wp.com\/www.truckbrasil.com.br\/wp\/wp-content\/uploads\/2019\/03\/nissan-nissan-vai-eletrificar-um-quarto-dos-modelos-vendidos-na-asia-e-oceania-nos-proximos-anos.jpg?ssl=1&w=150&resize=150&ssl=1 150w, https:\/\/i0.wp.com\/www.truckbrasil.com.br\/wp\/wp-content\/uploads\/2019\/03\/nissan-nissan-vai-eletrificar-um-quarto-dos-modelos-vendidos-na-asia-e-oceania-nos-proximos-anos.jpg?ssl=1&w=240&resize=240&ssl=1 240w, https:\/\/i0.wp.com\/www.truckbrasil.com.br\/wp\/wp-content\/uploads\/2019\/03\/nissan-nissan-vai-eletrificar-um-quarto-dos-modelos-vendidos-na-asia-e-oceania-nos-proximos-anos.jpg?ssl=1&w=320&resize=320&ssl=1 320w, https:\/\/i0.wp.com\/www.truckbrasil.com.br\/wp\/wp-content\/uploads\/2019\/03\/nissan-nissan-vai-eletrificar-um-quarto-dos-modelos-vendidos-na-asia-e-oceania-nos-proximos-anos.jpg?ssl=1&w=500&resize=500&ssl=1 500w, https:\/\/i0.wp.com\/www.truckbrasil.com.br\/wp\/wp-content\/uploads\/2019\/03\/nissan-nissan-vai-eletrificar-um-quarto-dos-modelos-vendidos-na-asia-e-oceania-nos-proximos-anos.jpg?ssl=1&w=640&resize=640&ssl=1 640w, https:\/\/i0.wp.com\/www.truckbrasil.com.br\/wp\/wp-content\/uploads\/2019\/03\/nissan-nissan-vai-eletrificar-um-quarto-dos-modelos-vendidos-na-asia-e-oceania-nos-proximos-anos.jpg?ssl=1&w=800&resize=800&ssl=1 800w, https:\/\/i0.wp.com\/www.truckbrasil.com.br\/wp\/wp-content\/uploads\/2019\/03\/nissan-nissan-vai-eletrificar-um-quarto-dos-modelos-vendidos-na-asia-e-oceania-nos-proximos-anos.jpg?ssl=1&w=1024&resize=1024&ssl=1 1024w, https:\/\/i0.wp.com\/www.truckbrasil.com.br\/wp\/wp-content\/uploads\/2019\/03\/nissan-nissan-vai-eletrificar-um-quarto-dos-modelos-vendidos-na-asia-e-oceania-nos-proximos-anos.jpg?ssl=1&w=1280&resize=1280&ssl=1 1280w, https:\/\/i0.wp.com\/www.truckbrasil.com.br\/wp\/wp-content\/uploads\/2019\/03\/nissan-nissan-vai-eletrificar-um-quarto-dos-modelos-vendidos-na-asia-e-oceania-nos-proximos-anos.jpg?ssl=1&w=1600&resize=1600&ssl=1 1600w\" fifu-data-src=\"https:\/\/i0.wp.com\/www.truckbrasil.com.br\/wp\/wp-content\/uploads\/2019\/03\/nissan-nissan-vai-eletrificar-um-quarto-dos-modelos-vendidos-na-asia-e-oceania-nos-proximos-anos.jpg?ssl=1\" class=\"ff-og-image-inserted\"\/><\/div>\n<ul>\n<li><em>Novo Nissan LEAF estar\u00e1 \u00e0 venda na Indon\u00e9sia e nas Filipinas<\/em><\/li>\n<li><em>Montagem e fabrica\u00e7\u00e3o de componentes para ve\u00edculos el\u00e9tricos ser\u00e3o feitas em alguns dos principais mercados do Sudeste Asi\u00e1tico<\/em><\/li>\n<\/ul>\n<p><strong>HONG KONG\u00a0<\/strong>&#8211; O novo Nissan LEAF estar\u00e1 \u00e0 venda na Indon\u00e9sia e nas Filipinas at\u00e9 2020, ressaltando o compromisso da Nissan de impulsionar a eletrifica\u00e7\u00e3o na regi\u00e3o. A expans\u00e3o da disponibilidade do ve\u00edculo el\u00e9trico mais vendido do mundo \u00e9 uma parte importante da meta da Nissan de eletrificar um quarto do volume de vendas, que \u00e9 parte do plano <span>Nissan M.O.V.E to 2022<\/span>. Essa acelera\u00e7\u00e3o da eletrifica\u00e7\u00e3o tamb\u00e9m inclui a montagem e localiza\u00e7\u00e3o de componentes de eletrifica\u00e7\u00e3o nos principais mercados do Sudeste Asi\u00e1tico.<\/p>&nbsp;&nbsp;\n<p>O vice-presidente s\u00eanior regional da Nissan e chefe da \u00c1sia e Oceania, Yutaka Sanada, disse que a empresa est\u00e1 trabalhando para tornar a mobilidade segura, inteligente e sustent\u00e1vel dispon\u00edvel para o maior n\u00famero poss\u00edvel de pessoas: &#8220;A Nissan est\u00e1 liderando a conscientiza\u00e7\u00e3o e abra\u00e7ando a mobilidade eletrificada na \u00c1sia e Oceania. Estamos trazendo o novo Nissan LEAF para mais mercados na regi\u00e3o e iniciar as vendas na Indon\u00e9sia e nas Filipinas \u00e9 um passo fundamental. Isso permite que os clientes obtenham experi\u00eancia em primeira m\u00e3o com os benef\u00edcios dos ve\u00edculos el\u00e9tricos para si mesmos e para as sociedades&#8221;.<\/p>&nbsp;&nbsp;\n<p>O novo Nissan LEAF \u00e9 o \u00edcone da Nissan Intelligent Mobility, a vis\u00e3o da empresa para levar as pessoas a um mundo melhor, mudando a maneira como os carros s\u00e3o movidos, impulsionados e integrados \u00e0 sociedade. Com mais de 400 mil unidades vendidas desde que foi colocado \u00e0 venda em 2010, o Nissan LEAF \u00e9 o ve\u00edculo 100% el\u00e9trico mais vendido no mundo. Dentro da regi\u00e3o, a Nissan apresentou o ve\u00edculo el\u00e9trico este ano \u00e0 Austr\u00e1lia, Nova Zel\u00e2ndia, Cingapura, Cor\u00e9ia do Sul, Tail\u00e2ndia, Hong Kong e Mal\u00e1sia.<\/p>&nbsp;&nbsp;\n<p>A introdu\u00e7\u00e3o do novo Nissan LEAF, juntamente com uma s\u00e9rie de modelos e-POWER, representa um passo importante na eletrifica\u00e7\u00e3o da mobilidade na \u00c1sia e na Oceania. A e-POWER \u00e9 a tecnologia da Nissan que oferece aos clientes os benef\u00edcios dos ve\u00edculos el\u00e9tricos, mas sem a necessidade de recarregar as baterias. O Nissan Serena e-POWER ser\u00e1 o primeiro modelo e-POWER a ser lan\u00e7ado na regi\u00e3o, come\u00e7ando por Cingapura, ainda este ano.<\/p>&nbsp;&nbsp;\n<p>Sanada completou: &#8220;Acreditamos que a e-POWER \u00e9 o passo mais pragm\u00e1tico para a eletrifica\u00e7\u00e3o. Al\u00e9m de introduzir a mobilidade eletrificada, a Nissan est\u00e1 trabalhando para torn\u00e1-los mais acess\u00edveis por meio da montagem e fabrica\u00e7\u00e3o de componentes de eletrifica\u00e7\u00e3o nos principais mercados do Sudeste Asi\u00e1tico&#8221;.<\/p>&nbsp;&nbsp;\n<p>Esses an\u00fancios foram feitos na edi\u00e7\u00e3o de Hong Kong do &#8220;Nissan Futures&#8221;, um encontro com l\u00edderes do setor, funcion\u00e1rios do governo e m\u00eddia da \u00c1sia e Oceania realizado nesse final de semana. O evento de tr\u00eas dias reuniu palestrantes influentes para discutir como criar um futuro sustent\u00e1vel atrav\u00e9s da eletrifica\u00e7\u00e3o de ve\u00edculos e como tornar as tecnologias de dire\u00e7\u00e3o avan\u00e7adas mais acess\u00edveis, sob o tema &#8220;Transforme a maneira como vivemos e dirigimos&#8221;.<\/p>&nbsp;&nbsp;\n<p># # #<\/p>\n","protected":false},"excerpt":{"rendered":"<p>Novo Nissan LEAF estar\u00e1 \u00e0 venda na Indon\u00e9sia e nas Filipinas Montagem e fabrica\u00e7\u00e3o de&#8230;<\/p>\n","protected":false},"author":1,"featured_media":0,"comment_status":"open","ping_status":"open","sticky":false,"template":"","format":"standard","meta":{"fifu_image_url":"","fifu_image_alt":"","footnotes":""},"categories":[8699],"tags":[5364],"class_list":["post-74206","post","type-post","status-publish","format-standard","hentry","category-geralcarros","tag-nissan","wpcat-8699-id"],"_links":{"self":[{"href":"https:\/\/verde-amarelo.net\/verdeamarelo\/wp-json\/wp\/v2\/posts\/74206","targetHints":{"allow":["GET"]}}],"collection":[{"href":"https:\/\/verde-amarelo.net\/verdeamarelo\/wp-json\/wp\/v2\/posts"}],"about":[{"href":"https:\/\/verde-amarelo.net\/verdeamarelo\/wp-json\/wp\/v2\/types\/post"}],"author":[{"embeddable":true,"href":"https:\/\/verde-amarelo.net\/verdeamarelo\/wp-json\/wp\/v2\/users\/1"}],"replies":[{"embeddable":true,"href":"https:\/\/verde-amarelo.net\/verdeamarelo\/wp-json\/wp\/v2\/comments?post=74206"}],"version-history":[{"count":0,"href":"https:\/\/verde-amarelo.net\/verdeamarelo\/wp-json\/wp\/v2\/posts\/74206\/revisions"}],"wp:attachment":[{"href":"https:\/\/verde-amarelo.net\/verdeamarelo\/wp-json\/wp\/v2\/media?parent=74206"}],"wp:term":[{"taxonomy":"category","embeddable":true,"href":"https:\/\/verde-amarelo.net\/verdeamarelo\/wp-json\/wp\/v2\/categories?post=74206"},{"taxonomy":"post_tag","embeddable":true,"href":"https:\/\/verde-amarelo.net\/verdeamarelo\/wp-json\/wp\/v2\/tags?post=74206"}],"curies":[{"name":"wp","href":"https:\/\/api.w.org\/{rel}","templated":true}]}}