{"id":74261,"date":"2019-03-15T18:40:57","date_gmt":"2019-03-15T21:40:57","guid":{"rendered":"https:\/\/verde-amarelo.net\/verdeamarelo\/2019\/03\/ypf-estreia-nas-pistas-brasileiras\/"},"modified":"2019-03-15T18:40:57","modified_gmt":"2019-03-15T21:40:57","slug":"ypf-estreia-nas-pistas-brasileiras","status":"publish","type":"post","link":"https:\/\/verde-amarelo.net\/verdeamarelo\/2019\/03\/ypf-estreia-nas-pistas-brasileiras\/","title":{"rendered":"YPF estreia nas pistas brasileiras"},"content":{"rendered":"<p><a href=\"http:\/\/www.carpointnews.com.br\/2019\/03\/15\/estreia-pistas-brasileiras\/ypf-porsche-cup-2\/\" rel=\"attachment wp-att-70850\"><img \"alignnone size-full wp-image-70850&#8243; src=&#8221;http:\/\/www.carpointnews.com.br\/wp-content\/uploads\/2019\/03\/YPF-Porsche-Cup-2.jpeg&#8221; alt=&#8221;&#8221; width=&#8221;500&#8243; height=&#8221;341&#8243; srcset=&#8221;http:\/\/www.carpointnews.com.br\/wp-content\/uploads\/2019\/03\/YPF-Porsche-Cup-2.jpeg 500w, http:\/\/www.carpointnews.com.br\/wp-content\/uploads\/2019\/03\/YPF-Porsche-Cup-2-300&#215;205.jpeg 300w, http:\/\/www.carpointnews.com.br\/wp-content\/uploads\/2019\/03\/YPF-Porsche-Cup-2-180&#215;123.jpeg 180w, http:\/\/www.carpointnews.com.br\/wp-content\/uploads\/2019\/03\/YPF-Porsche-Cup-2-150&#215;102.jpeg 150w&#8221; sizes=&#8221;(max-width: 500px) 100vw, 500px&#8221;\/><\/a><\/p>\n<p>Em parceria com a Michelin, a marca de lubrificantes participa da Porsche Cup Imp\u00e9rio, campeonato monomarca Porsche, em sua d\u00e9cima-quinta edi\u00e7\u00e3o. O carro 26 da equipe Michelin\/YPF ter\u00e1, ao volante, C\u00e9sar Urnhani, piloto, comentarista automotivo e embaixador da YPF.<\/p>&nbsp;&nbsp;\n<p>A estreia da YPF no esporte a motor no Brasil comemora os excelentes resultados que vem obtendo nos \u00faltimos cinco anos. Em 2018, foi a marca de lubrificantes que mais cresceu em participa\u00e7\u00e3o de mercado, de acordo com pesquisa da Plural \u2013 Associa\u00e7\u00e3o Nacional das Distribuidoras de Combust\u00edveis, Lubrificantes, Log\u00edstica e Conveni\u00eancia.<\/p>&nbsp;&nbsp;\n<p>A escolha do campeonato levou em considera\u00e7\u00e3o a afinidade com o produto e a sele\u00e7\u00e3o de um parceiro Premium. \u201cConseguimos mais do que isso\u201d, conta Giovanna Grassi, gerente de marketing da YPF Brasil. \u201cAl\u00e9m da associa\u00e7\u00e3o com um parceiro com a reputa\u00e7\u00e3o global da Michelin, temos uma longa hist\u00f3ria de pesquisa e desenvolvimento de produtos com a Porsche na Argentina. E o b\u00f4nus dessa estrat\u00e9gia \u00e9 a volta de C\u00e9sar Urnhani, nosso embaixador, \u00e0s pistas, pilotando o nosso carro.\u201d<\/p>\n<p>A parceria estrat\u00e9gica entre a YPF e a Porsche, que j\u00e1 dura mais de vinte anos, inclui a aprova\u00e7\u00e3o de lubrificantes e, tamb\u00e9m, combust\u00edveis para os motores Porsche nos pa\u00edses onde a YPF tem postos de servi\u00e7o. O lubrificante Elaion F50 Plus, com tecnologia anti-stress \u2013 TAS\u00ae -, por exemplo, foi especificamente criado em conformidade com os padr\u00f5es da Porsche e aprovado pela matriz da montadora, na Alemanha.<\/p>&nbsp;&nbsp;\n<p>Cesar Urnhani, piloto e comentarista automotivo \u00e9, tamb\u00e9m, embaixador da YPF no Brasi. H\u00e1 quatro anos, o road show, \u201cTroca bem com Cesar Urnhani\u201d, ciclo de palestras motivacionais do piloto para clientes YPF j\u00e1 passou por, praticamente, todos os estados brasileiros, emocionando e entusiasmando milhares de participantes.<\/p>&nbsp;&nbsp;\n<p>\u201cFaz todo sentido que o embaixador dos nossos produtos, seja tamb\u00e9m o nosso embaixador nas pistas brasileiras\u201d, diz Giovanna. Para C\u00e9sar Urnhani, \u201cfazer parte desse campeonato \u00e9 sensacional. Mas o nosso compromisso n\u00e3o ser\u00e1 somente dentro das pistas. A ideia \u00e9 levar, para fora delas, o conceito de que valor n\u00e3o \u00e9 igual a pre\u00e7o. Que \u00e9 preciso entender qual \u00e9 o lubrificante e o pneu certo para cada carro. Quero levar essa ideia para fora dos aut\u00f3dromos, mostrando que temos que fazer as escolhas certas. Apoiado por tr\u00eas marcar fortes, minha inten\u00e7\u00e3o \u00e9 fazer do esporte a motor um ve\u00edculo de informa\u00e7\u00e3o de qualidade para o motorista.\u201d<\/p>\n<p>O carro 26 da equipe Michelin\/YPF participar\u00e1 de todas as etapas da Porsche Imp\u00e9rio Cup, da classe GT3 Cup 3.8, nas categorias Sprint e Endurance. Em algumas etapas, os convidados do lounge YPF poder\u00e3o participar da \u201cPorsche Experiencie\u201d, uma volta pelo aut\u00f3dromo, em ritmo de corrida, como passageiros de C\u00e9sar Urnhani, no Porsche GT3 Cup 991\/1 3.8 do campeonato.<\/p>&nbsp;&nbsp;\n<p>Fonte: MCA Imprensa &amp; Rela\u00e7\u00f5es P\u00fablicas www.mcapress.com.br.<\/p>&nbsp;&nbsp;\n","protected":false},"excerpt":{"rendered":"","protected":false},"author":1,"featured_media":0,"comment_status":"open","ping_status":"open","sticky":false,"template":"","format":"standard","meta":{"fifu_image_url":"","fifu_image_alt":"","footnotes":""},"categories":[8699],"tags":[9652],"class_list":["post-74261","post","type-post","status-publish","format-standard","hentry","category-geralcarros","tag-carrosnoticiasypf","wpcat-8699-id"],"_links":{"self":[{"href":"https:\/\/verde-amarelo.net\/verdeamarelo\/wp-json\/wp\/v2\/posts\/74261","targetHints":{"allow":["GET"]}}],"collection":[{"href":"https:\/\/verde-amarelo.net\/verdeamarelo\/wp-json\/wp\/v2\/posts"}],"about":[{"href":"https:\/\/verde-amarelo.net\/verdeamarelo\/wp-json\/wp\/v2\/types\/post"}],"author":[{"embeddable":true,"href":"https:\/\/verde-amarelo.net\/verdeamarelo\/wp-json\/wp\/v2\/users\/1"}],"replies":[{"embeddable":true,"href":"https:\/\/verde-amarelo.net\/verdeamarelo\/wp-json\/wp\/v2\/comments?post=74261"}],"version-history":[{"count":0,"href":"https:\/\/verde-amarelo.net\/verdeamarelo\/wp-json\/wp\/v2\/posts\/74261\/revisions"}],"wp:attachment":[{"href":"https:\/\/verde-amarelo.net\/verdeamarelo\/wp-json\/wp\/v2\/media?parent=74261"}],"wp:term":[{"taxonomy":"category","embeddable":true,"href":"https:\/\/verde-amarelo.net\/verdeamarelo\/wp-json\/wp\/v2\/categories?post=74261"},{"taxonomy":"post_tag","embeddable":true,"href":"https:\/\/verde-amarelo.net\/verdeamarelo\/wp-json\/wp\/v2\/tags?post=74261"}],"curies":[{"name":"wp","href":"https:\/\/api.w.org\/{rel}","templated":true}]}}