{"id":74285,"date":"2019-03-19T11:34:35","date_gmt":"2019-03-19T14:34:35","guid":{"rendered":"https:\/\/verde-amarelo.net\/verdeamarelo\/2019\/03\/bolsa-encosta-em-100-mil-pontos-e-fecha-em-nivel-recorde\/"},"modified":"2019-03-19T11:34:35","modified_gmt":"2019-03-19T14:34:35","slug":"bolsa-encosta-em-100-mil-pontos-e-fecha-em-nivel-recorde","status":"publish","type":"post","link":"https:\/\/verde-amarelo.net\/verdeamarelo\/2019\/03\/bolsa-encosta-em-100-mil-pontos-e-fecha-em-nivel-recorde\/","title":{"rendered":"Bolsa encosta em 100 mil pontos e fecha em n\u00edvel recorde"},"content":{"rendered":"<blockquote class=\"quote_content\" readability=\"33\">\n<p><span>D\u00f3lar caiu para R$ 3,792, menor valor em duas semanas<br \/>Por Wellton M\u00e1ximo \u2013 Rep\u00f3rter da Ag\u00eancia Brasil Bras\u00edlia<\/span><\/p>\n<\/blockquote>\n<p><a href=\"http:\/\/www.cargonews.com.br\/wp-content\/uploads\/2019\/03\/31032011mca_8055.jpg\"><img \"wp-image-26555 alignleft&#8221; src=&#8221;https:\/\/www.truckbrasil.com.br\/wp\/wp-content\/uploads\/2019\/03\/bolsa-encosta-em-100-mil-pontos-e-fecha-em-nivel-recorde.jpg&#8221; alt=&#8221;&#8221; width=&#8221;384&#8243; height=&#8221;256&#8243; srcset=&#8221;https:\/\/www.truckbrasil.com.br\/wp\/wp-content\/uploads\/2019\/03\/bolsa-encosta-em-100-mil-pontos-e-fecha-em-nivel-recorde.jpg 300w, http:\/\/www.cargonews.com.br\/wp-content\/uploads\/2019\/03\/31032011mca_8055-768&#215;512.jpg 768w, http:\/\/www.cargonews.com.br\/wp-content\/uploads\/2019\/03\/31032011mca_8055-1024&#215;683.jpg 1024w, http:\/\/www.cargonews.com.br\/wp-content\/uploads\/2019\/03\/31032011mca_8055.jpg 1140w&#8221; sizes=&#8221;(max-width: 384px) 100vw, 384px&#8221;\/><\/a>Em um dia de otimismo no mercado financeiro, a bolsa de valores bateu recorde e encostou em 100 mil pontos. O d\u00f3lar caiu para o menor valor em duas semanas. O indicador Ibovespa, da B3 (antiga Bolsa de Valores de S\u00e3o Paulo), fechou na \u00faltima segunda-feira (18) em 99.994 pontos, com alta de 0,86%. Durante a tarde, o indicador chegou a superar os 100 mil pontos, cedendo nos momentos finais de negocia\u00e7\u00e3o.<\/p>&nbsp;&nbsp;\n<p>No mercado de c\u00e2mbio, o d\u00f3lar comercial fechou vendido a R$ 3,792, com recuo de R$ 0,029 (-0,76%. Em queda pela segunda sess\u00e3o consecutiva, a divisa est\u00e1 no valor mais baixo desde 1\u00ba de mar\u00e7o, quando tinha encerrado em R$ 3,78.<\/p>&nbsp;&nbsp;\n<p><strong>Bovespa-Reuters<\/strong><br \/>Esta semana \u00e9 marcada por decis\u00f5es importantes na economia, tanto no cen\u00e1rio interno como no exterior. No Brasil, o governo entregar\u00e1, na quarta-feira (20), a proposta de reforma nas aposentadorias e pens\u00f5es dos militares. Tamb\u00e9m nesta semana, a Comiss\u00e3o de Constitui\u00e7\u00e3o e Justi\u00e7a da C\u00e2mara dos Deputados come\u00e7a a discutir a reforma da Previd\u00eancia.<\/p>&nbsp;&nbsp;\n<p>O Comit\u00ea de Pol\u00edtica Econ\u00f4mica do Banco Central (Copom) decide, tamb\u00e9m na quarta-feira, a taxa Selic (juros b\u00e1sicos da economia). Essa ser\u00e1 a primeira reuni\u00e3o coordenada pelo novo presidente do Banco Central, Roberto Campos Neto.<\/p>&nbsp;&nbsp;\n<p>Tamb\u00e9m na quarta, o Federal Reserve (Fed), Banco Central dos Estados Unidos, decide os juros da maior economia do mundo.<\/p>&nbsp;&nbsp;\n<p>Edi\u00e7\u00e3o: Juliana Andrade<\/p>\n","protected":false},"excerpt":{"rendered":"<p>D\u00f3lar caiu para R$ 3,792, menor valor em duas semanasPor Wellton M\u00e1ximo \u2013 Rep\u00f3rter da&#8230;<\/p>\n","protected":false},"author":1,"featured_media":0,"comment_status":"open","ping_status":"open","sticky":false,"template":"","format":"standard","meta":{"fifu_image_url":"","fifu_image_alt":"","footnotes":""},"categories":[727],"tags":[9659],"class_list":["post-74285","post","type-post","status-publish","format-standard","hentry","category-noticias","tag-economialogistica","wpcat-727-id"],"_links":{"self":[{"href":"https:\/\/verde-amarelo.net\/verdeamarelo\/wp-json\/wp\/v2\/posts\/74285","targetHints":{"allow":["GET"]}}],"collection":[{"href":"https:\/\/verde-amarelo.net\/verdeamarelo\/wp-json\/wp\/v2\/posts"}],"about":[{"href":"https:\/\/verde-amarelo.net\/verdeamarelo\/wp-json\/wp\/v2\/types\/post"}],"author":[{"embeddable":true,"href":"https:\/\/verde-amarelo.net\/verdeamarelo\/wp-json\/wp\/v2\/users\/1"}],"replies":[{"embeddable":true,"href":"https:\/\/verde-amarelo.net\/verdeamarelo\/wp-json\/wp\/v2\/comments?post=74285"}],"version-history":[{"count":0,"href":"https:\/\/verde-amarelo.net\/verdeamarelo\/wp-json\/wp\/v2\/posts\/74285\/revisions"}],"wp:attachment":[{"href":"https:\/\/verde-amarelo.net\/verdeamarelo\/wp-json\/wp\/v2\/media?parent=74285"}],"wp:term":[{"taxonomy":"category","embeddable":true,"href":"https:\/\/verde-amarelo.net\/verdeamarelo\/wp-json\/wp\/v2\/categories?post=74285"},{"taxonomy":"post_tag","embeddable":true,"href":"https:\/\/verde-amarelo.net\/verdeamarelo\/wp-json\/wp\/v2\/tags?post=74285"}],"curies":[{"name":"wp","href":"https:\/\/api.w.org\/{rel}","templated":true}]}}