{"id":74471,"date":"2019-04-03T11:45:40","date_gmt":"2019-04-03T14:45:40","guid":{"rendered":"https:\/\/verde-amarelo.net\/verdeamarelo\/2019\/04\/tereza-cristina-diz-que-ministerio-vai-manter-o-bom-relacionamento-com-paises-arabes\/"},"modified":"2019-04-03T11:45:40","modified_gmt":"2019-04-03T14:45:40","slug":"tereza-cristina-diz-que-ministerio-vai-manter-o-bom-relacionamento-com-paises-arabes","status":"publish","type":"post","link":"https:\/\/verde-amarelo.net\/verdeamarelo\/2019\/04\/tereza-cristina-diz-que-ministerio-vai-manter-o-bom-relacionamento-com-paises-arabes\/","title":{"rendered":"Tereza Cristina diz que minist\u00e9rio vai manter o bom relacionamento com pa\u00edses \u00e1rabes"},"content":{"rendered":"<blockquote class=\"quote_content\" readability=\"34\">\n<p><span>\u201cVamos conversar, ouvir, e continuar com essa abertura de di\u00e1logo que o Minist\u00e9rio da Agricultura sempre teve com esses pa\u00edses, que s\u00e3o compradores da produ\u00e7\u00e3o brasileira\u201d<\/span><\/p>\n<\/blockquote>\n<div id=\"attachment_26793\" class=\"wp-caption alignright\" readability=\"32\"><a href=\"http:\/\/www.cargonews.com.br\/wp-content\/uploads\/2019\/04\/5178fc9b-0a1f-4ec6-b4e7-664a1af30d66.jpeg\">&#8221; wp-image-26793&#8243; src=&#8221;https:\/\/www.truckbrasil.com.br\/wp\/wp-content\/uploads\/2019\/04\/tereza-cristina-diz-que-ministerio-vai-manter-o-bom-relacionamento-com-paises-arabes.jpg&#8221; alt=&#8221;&#8221; width=&#8221;370&#8243; height=&#8221;301&#8243; srcset=&#8221;https:\/\/www.truckbrasil.com.br\/wp\/wp-content\/uploads\/2019\/04\/tereza-cristina-diz-que-ministerio-vai-manter-o-bom-relacionamento-com-paises-arabes.jpg 300w, http:\/\/www.cargonews.com.br\/wp-content\/uploads\/2019\/04\/5178fc9b-0a1f-4ec6-b4e7-664a1af30d66.jpeg 768w&#8221; sizes=&#8221;(max-width: 370px) 100vw, 370px&#8221;\/><\/a><\/p>\n<p class=\"wp-caption-text\">Ministra da Agricultura: O Brasil \u00e9 um pa\u00eds amigo de todos os pa\u00edses<\/p>\n<\/div>\n<p>A ministra Tereza Cristina (Agricultura, Pecu\u00e1ria e Abastecimento) disse na \u00faltima ter\u00e7a-feira (02) que o Brasil \u00e9 amigo de todos os pa\u00edses \u00e1rabes e mu\u00e7ulmanos, e que vai continuar se esfor\u00e7ando para manter este bom relacionamento. Segundo ela, a inten\u00e7\u00e3o \u00e9 fazer com que a coopera\u00e7\u00e3o comercial com esses pa\u00edses cres\u00e7a e seja cada vez mais robusta. A ministra informou que tem reuni\u00e3o marcada para a pr\u00f3xima semana com 51 embaixadores de pa\u00edses \u00e1rabes e explicou que o Minist\u00e9rio da Agricultura vai manter o di\u00e1logo com esses pa\u00edses, que s\u00e3o grandes compradores da produ\u00e7\u00e3o brasileira de alimentos.<\/p>&nbsp;&nbsp;\n<p>\u201cNa agricultura, temos um pa\u00eds que produz muito, o Brasil, e um mercado em que existe uma confian\u00e7a entre a agricultura brasileira e os consumidores dos pa\u00edses isl\u00e2micos. E n\u00f3s vamos continuar perseguindo esse bom entendimento, esse bom relacionamento com os \u00e1rabes, com os mu\u00e7ulmanos, com quem gostamos muito de ter rela\u00e7\u00f5es comerciais, no Minist\u00e9rio da Agricultura e com os produtos da agropecu\u00e1ria brasileira\u201d, disse Tereza Cristina.<\/p>&nbsp;&nbsp;\n<p>Ela afirmou que a instala\u00e7\u00e3o de um escrit\u00f3rio de neg\u00f3cios em Jerusal\u00e9m \u00e9 um meio-termo, em vez de uma embaixada, como inicialmente noticiado. Ela admitiu que h\u00e1 um descontentamento dos pa\u00edses \u00e1rabes em rela\u00e7\u00e3o a este assunto, mas disse que o Minist\u00e9rio da Agricultura tem de continuar trabalhando para manter os canais de di\u00e1logo.<\/p>&nbsp;&nbsp;\n<p>\u201cA gente tem de estar preparado para tudo. Acho que o escrit\u00f3rio de neg\u00f3cios \u00e9 um meio-termo, n\u00e3o \u00e9 a embaixada l\u00e1. A gente sabe do \u00e2nimo que existe na regi\u00e3o, mas o Brasil \u00e9 um pa\u00eds amigo de todos os pa\u00edses, e na \u00e1rea comercial temos um peso muito grande no mundo \u00e1rabe, no mundo isl\u00e2mico. Temos de continuar conversando. \u00c9 claro que h\u00e1 um descontentamento, Mas, n\u00f3s da Agricultura, temos de trabalhar pela agricultura. Esses problemas de geopol\u00edtica s\u00e3o para o presidente da Rep\u00fablica, para o chanceler\u201d, disse ela. \u201cVamos conversar, ouvir, e continuar com essa abertura de di\u00e1logo que o Minist\u00e9rio da Agricultura sempre teve com esses pa\u00edses, que s\u00e3o compradores da produ\u00e7\u00e3o brasileira\u201d.<\/p>&nbsp;&nbsp;\n<p>Tereza Cristina disse que j\u00e1 conversou com muita gente e que, apesar do desconforto, as coisas est\u00e3o calmas. Ela disse que as rela\u00e7\u00f5es do Mapa com esses pa\u00edses v\u00e3o continuar. \u201cNo que depender de mim como ministra e do setor produtivo, que apoia o relacionamento, vamos continuar fazendo com que cres\u00e7a essa coopera\u00e7\u00e3o comercial entre os pa\u00edses do mundo \u00e1rabe e o Brasil e fique cada vez mais robusta\u201d.<\/p>&nbsp;&nbsp;\n<p>Fonte:\u00a0http:\/\/www.agricultura.gov.br<\/p>\n","protected":false},"excerpt":{"rendered":"<p>\u201cVamos conversar, ouvir, e continuar com essa abertura de di\u00e1logo que o Minist\u00e9rio da Agricultura&#8230;<\/p>\n","protected":false},"author":1,"featured_media":0,"comment_status":"open","ping_status":"open","sticky":false,"template":"","format":"standard","meta":{"fifu_image_url":"","fifu_image_alt":"","footnotes":""},"categories":[8702],"tags":[9725],"class_list":["post-74471","post","type-post","status-publish","format-standard","hentry","category-logistica","tag-comercio-exteriorlogisticaministerio","wpcat-8702-id"],"_links":{"self":[{"href":"https:\/\/verde-amarelo.net\/verdeamarelo\/wp-json\/wp\/v2\/posts\/74471","targetHints":{"allow":["GET"]}}],"collection":[{"href":"https:\/\/verde-amarelo.net\/verdeamarelo\/wp-json\/wp\/v2\/posts"}],"about":[{"href":"https:\/\/verde-amarelo.net\/verdeamarelo\/wp-json\/wp\/v2\/types\/post"}],"author":[{"embeddable":true,"href":"https:\/\/verde-amarelo.net\/verdeamarelo\/wp-json\/wp\/v2\/users\/1"}],"replies":[{"embeddable":true,"href":"https:\/\/verde-amarelo.net\/verdeamarelo\/wp-json\/wp\/v2\/comments?post=74471"}],"version-history":[{"count":0,"href":"https:\/\/verde-amarelo.net\/verdeamarelo\/wp-json\/wp\/v2\/posts\/74471\/revisions"}],"wp:attachment":[{"href":"https:\/\/verde-amarelo.net\/verdeamarelo\/wp-json\/wp\/v2\/media?parent=74471"}],"wp:term":[{"taxonomy":"category","embeddable":true,"href":"https:\/\/verde-amarelo.net\/verdeamarelo\/wp-json\/wp\/v2\/categories?post=74471"},{"taxonomy":"post_tag","embeddable":true,"href":"https:\/\/verde-amarelo.net\/verdeamarelo\/wp-json\/wp\/v2\/tags?post=74471"}],"curies":[{"name":"wp","href":"https:\/\/api.w.org\/{rel}","templated":true}]}}