{"id":74492,"date":"2019-04-05T14:06:00","date_gmt":"2019-04-05T17:06:00","guid":{"rendered":"https:\/\/verde-amarelo.net\/verdeamarelo\/2019\/04\/as-relacoes-brasil-estados-unidos-na-era-trump-bolsonaro\/"},"modified":"2024-04-25T18:26:43","modified_gmt":"2024-04-25T21:26:43","slug":"as-relacoes-brasil-estados-unidos-na-era-trump-bolsonaro","status":"publish","type":"post","link":"https:\/\/verde-amarelo.net\/verdeamarelo\/2019\/04\/as-relacoes-brasil-estados-unidos-na-era-trump-bolsonaro\/","title":{"rendered":"As rela\u00e7\u00f5es Brasil-Estados Unidos na era Trump-Bolsonaro"},"content":{"rendered":"<blockquote class=\"quote_content\" readability=\"30\">\n<p><span>Jo\u00e3o Alfredo Lopes Nyegray*<\/span><\/p>\n<\/blockquote>\n<p><a href=\"http:\/\/www.cargonews.com.br\/wp-content\/uploads\/2019\/04\/imagem_release_1643114.jpg\"><img \"wp-image-26849 alignright&#8221; src=&#8221;https:\/\/www.truckbrasil.com.br\/wp\/wp-content\/uploads\/2019\/04\/as-relacoes-brasil-estados-unidos-na-era-trump-bolsonaro.jpg&#8221; alt=&#8221;&#8221; width=&#8221;276&#8243; height=&#8221;383&#8243; srcset=&#8221;https:\/\/www.truckbrasil.com.br\/wp\/wp-content\/uploads\/2019\/04\/as-relacoes-brasil-estados-unidos-na-era-trump-bolsonaro.jpg 216w, http:\/\/www.cargonews.com.br\/wp-content\/uploads\/2019\/04\/imagem_release_1643114.jpg 600w&#8221; sizes=&#8221;(max-width: 276px) 100vw, 276px&#8221;\/><\/a>Brasil e Estados Unidos possuem um longevo relacionamento. Os EUA foram a primeira na\u00e7\u00e3o a reconhecer a independ\u00eancia brasileira em 1824. As primeiras embaixadas foram abertas em 1905, aqui e l\u00e1. D\u00e9cadas mais tarde, o Brasil proveu apoio log\u00edstico ao ex\u00e9rcito estadunidense na Segunda Guerra Mundial. Ambos os pa\u00edses, por meio de seus representantes, trabalharam juntos na cria\u00e7\u00e3o da Organiza\u00e7\u00e3o das Na\u00e7\u00f5es Unidas.<\/p>&nbsp;&nbsp;\n<p>Por mais longo que seja o hist\u00f3rico de coopera\u00e7\u00e3o e amizade, nem tudo s\u00e3o flores: h\u00e1 farta documenta\u00e7\u00e3o comprovando o envolvimento dos Estados Unidos no golpe militar de 1964, o que nunca foi oficialmente admitido por aquele pa\u00eds. Em 2013, vazaram dados sobre a espionagem estadunidense promovido pela Ag\u00eancia de Seguran\u00e7a Nacional (NSA) dos EUA, o que gerou tens\u00f5es entre ambos os pa\u00edses e abalou as rela\u00e7\u00f5es.<\/p>&nbsp;&nbsp;\n<p>No que tange \u00e0s rela\u00e7\u00f5es comerciais, os Estados Unidos saem na frente: nos \u00faltimos 10 anos, os EUA tiveram um super\u00e1vit comercial de cerca de US$ 90 bilh\u00f5es, conforme dados divulgados pelo Minist\u00e9rio da Economia, no ano passado. Apenas em 2017, o Brasil passou a exportar para l\u00e1 mais do que importa, pela primeira vez desde 2008. Na pauta comercial, os principais produtos que enviamos aos norte americanos s\u00e3o o ferro e o a\u00e7o semimanufaturados, \u00f3leos brutos de petr\u00f3leo, caf\u00e9, avi\u00f5es, turbinas, motores e m\u00e1quinas de terraplanagem. De outro lado, importamos principalmente \u00f3leos combust\u00edveis, medicamentos, instrumentos e aparelhos m\u00e9dicos, e outros gases e hidrocarbonetos.<\/p>&nbsp;&nbsp;\n<p>Atualmente, os Estados Unidos s\u00e3o nosso segundo parceiro comercial, perdendo apenas para a China. Justamente por isso, \u00e9 bom que cultivemos boas rela\u00e7\u00f5es \u2013 tanto em rela\u00e7\u00e3o aos EUA, quanto em rela\u00e7\u00e3o \u00e0 China e aos demais grandes compradores de nossos produtos. Num momento em que se fala de guerra comercial e da sobretaxa estadunidense ao a\u00e7o e demais produtos chineses, precisamos garantir que os produtos brasileiros escapem dessas tarifas para que nossas exporta\u00e7\u00f5es para l\u00e1 continuem crescendo. Para isso, uma boa rela\u00e7\u00e3o \u00e9 essencial.<\/p>&nbsp;&nbsp;\n<p>Como se sabe, o Brasil \u00e9 um pa\u00eds ainda economicamente fechado, ocupando o 153\u00ba lugar no ranking de liberdade econ\u00f4mica divulgado pela Funda\u00e7\u00e3o Heritage. H\u00e1 quem defenda o fechamento econ\u00f4mico, argumentando que essa estrat\u00e9gia pode promover a ind\u00fastria nacional. Os cr\u00edticos da posi\u00e7\u00e3o argumentam que a falta de liberdade econ\u00f4mica favorece apenas a exporta\u00e7\u00e3o de mat\u00e9rias primas, desestimulando a inova\u00e7\u00e3o, a produtividade e a competitividade (o Brasil \u00e9 apenas o 72\u00ba no ranking de competitividade). Ao que parece, \u00e9 isso que ocorreu ao longo das \u00faltimas d\u00e9cadas. Da\u00ed vem a necessidade de que nosso pa\u00eds se abra para o mundo, seja para atrair capital e investimentos, seja para tornar-se mais competitivo.<\/p>&nbsp;&nbsp;\n<p>Em rela\u00e7\u00e3o \u00e0 visita do presidente Jair Bolsonaro aos Estados Unidos, muito se criticou a respeito da isen\u00e7\u00e3o de visto aos estadunidenses, canadenses, australianos e japoneses, uma vez que esse foi um ato unilateral e sem contrapartidas: os brasileiros continuar\u00e3o precisando de visto para entrar nesses pa\u00edses. No entanto, h\u00e1 que se ponderar que, embora a falta de reciprocidade seja realmente algo inc\u00f4modo, precisamos expandir a entrada de turistas em nosso territ\u00f3rio. O Brasil n\u00e3o consta nem dentre os 30 principais destinos tur\u00edsticos do mundo, mesmo tendo tanto potencial.<\/p>&nbsp;&nbsp;\n<p>O setor do turismo, assim como a ind\u00fastria e o com\u00e9rcio, possui grande potencial de explora\u00e7\u00e3o e crescimento. Ao que parece, a isen\u00e7\u00e3o de visto para os quatro pa\u00edses mencionados \u00e9 uma tentativa do governo de atrair mais visitantes. \u00c9 necess\u00e1rio, no entanto, que se analise os resultados da medida no decorrer do pr\u00f3ximo ano para verificarmos seus efeitos pr\u00e1ticos. Afinal de contas, existem outras estrat\u00e9gias que podem ser utilizadas para atrair turistas, al\u00e9m de existirem muitos que n\u00e3o s\u00e3o necessariamente estadunidenses, canadenses, australianos e japoneses.<\/p>&nbsp;&nbsp;\n<p>\u00c9 ineg\u00e1vel que Bolsonaro e Trump se deram bem, e isso \u00e9 \u00f3timo. Assim como aconteceu em governos anteriores, \u00e9 natural que os presidentes busquem aproximar-se daqueles que compartilham de mesma ideologia. Nesse caso, l\u00edderes com perfil \u00e0 direita. Trump se comprometeu a apoiar a entrada do Brasil na Organiza\u00e7\u00e3o para a Coopera\u00e7\u00e3o e Desenvolvimento Econ\u00f3mico (OCDE), o que poderia dar ao Brasil maior confian\u00e7a internacional e, consequentemente, favorecer a entrada de investimentos estrangeiros. Agora, precisamos aguardar para ver se esse apoio ser\u00e1 para valer.<\/p>&nbsp;&nbsp;\n<p>De toda forma, pode-se criticar ou elogiar o encontro. Um veredicto definitivo sobre o sucesso ou fracasso da visita vir\u00e1 apenas com o tempo, e com a an\u00e1lise cuidadosa de seus efeitos pr\u00e1ticos, o que fica muito al\u00e9m de meras promessas.<\/p>&nbsp;&nbsp;\n<p>*Jo\u00e3o Alfredo Lopes Nyegray, doutorando em Estrat\u00e9gia, \u00e9 mestre em Internacionaliza\u00e7\u00e3o, advogado e bacharel em Rela\u00e7\u00f5es Internacionais. \u00c9 professor dos cursos de Rela\u00e7\u00f5es Internacionais, Com\u00e9rcio Exterior, Administra\u00e7\u00e3o e Economia da Universidade Positivo .<\/p>&nbsp;&nbsp;\n<p>Assessoria de Imprensa<\/p>\n","protected":false},"excerpt":{"rendered":"<p>Jo\u00e3o Alfredo Lopes Nyegray*<\/p>\n","protected":false},"author":1,"featured_media":0,"comment_status":"open","ping_status":"open","sticky":false,"template":"","format":"standard","meta":{"fifu_image_url":"","fifu_image_alt":"","footnotes":""},"categories":[8717],"tags":[1954,2285,2461,1888,9732,686,7726,3836,2813,1874,1399,735,4169,121,2575,967,2451,767,6451,1522,3694,3460,2078,1003,595,1363,1430,3340,3897,734,354,2341,1096,3280,774,1097,8255,1125,2036,1298,2075,4056,260,3538,1189,1626,3614,3016,810,3239,411,2241,1010,3431,901,1489,3916,6658,2661,2810,902,4759,707,1671,1531,6104,2106,2373,1702,4960,779,8529,4228,6618,157,2456,1191,209,3987,6160,6025,859,1350,3805,6356],"class_list":["post-74492","post","type-post","status-publish","format-standard","hentry","category-artigos-de-opiniao","tag-aco","tag-agencia","tag-analise","tag-apoio","tag-artigoscomercio-exteriorrelacoes-internacionais","tag-assessoria","tag-assessoria-de-imprensa","tag-assim","tag-avioes","tag-bem","tag-bolsonaro","tag-brasil","tag-brasileiros","tag-cafe","tag-capital","tag-china","tag-chineses","tag-comercio","tag-comercio-exterior","tag-combustiveis","tag-comercial","tag-competitividade","tag-compradores","tag-confianca","tag-crescimento","tag-cursos","tag-dados","tag-desenvolvimento","tag-e","tag-economia","tag-encontro","tag-essencial","tag-estados-unidos","tag-estrangeiros","tag-estrategia","tag-eua","tag-exercito","tag-exportacao","tag-exportacoes","tag-exterior","tag-fechamento","tag-flores","tag-forma","tag-gases","tag-golpe","tag-governo","tag-governos","tag-imprensa","tag-inovacao","tag-internacionais","tag-internacional","tag-internacionalizacao","tag-investimentos","tag-isencao","tag-jair-bolsonaro","tag-lideres","tag-maquinas","tag-materias","tag-medicamentos","tag-ministerio","tag-ministerio-da-economia","tag-momento","tag-mundo","tag-ocde","tag-organizacao","tag-outras","tag-petroleo","tag-positivo","tag-presidente","tag-produtividade","tag-produtos","tag-professor","tag-ranking","tag-relacao","tag-relacionamento","tag-resultados","tag-seguranca","tag-setor","tag-sobretaxa","tag-sucesso","tag-truckbrasil","tag-turismo","tag-unidas","tag-universidade","tag-universidade-positivo","wpcat-8717-id"],"_links":{"self":[{"href":"https:\/\/verde-amarelo.net\/verdeamarelo\/wp-json\/wp\/v2\/posts\/74492","targetHints":{"allow":["GET"]}}],"collection":[{"href":"https:\/\/verde-amarelo.net\/verdeamarelo\/wp-json\/wp\/v2\/posts"}],"about":[{"href":"https:\/\/verde-amarelo.net\/verdeamarelo\/wp-json\/wp\/v2\/types\/post"}],"author":[{"embeddable":true,"href":"https:\/\/verde-amarelo.net\/verdeamarelo\/wp-json\/wp\/v2\/users\/1"}],"replies":[{"embeddable":true,"href":"https:\/\/verde-amarelo.net\/verdeamarelo\/wp-json\/wp\/v2\/comments?post=74492"}],"version-history":[{"count":0,"href":"https:\/\/verde-amarelo.net\/verdeamarelo\/wp-json\/wp\/v2\/posts\/74492\/revisions"}],"wp:attachment":[{"href":"https:\/\/verde-amarelo.net\/verdeamarelo\/wp-json\/wp\/v2\/media?parent=74492"}],"wp:term":[{"taxonomy":"category","embeddable":true,"href":"https:\/\/verde-amarelo.net\/verdeamarelo\/wp-json\/wp\/v2\/categories?post=74492"},{"taxonomy":"post_tag","embeddable":true,"href":"https:\/\/verde-amarelo.net\/verdeamarelo\/wp-json\/wp\/v2\/tags?post=74492"}],"curies":[{"name":"wp","href":"https:\/\/api.w.org\/{rel}","templated":true}]}}